{"id":5969,"date":"2026-01-20T18:18:08","date_gmt":"2026-01-20T18:18:08","guid":{"rendered":"https:\/\/elregionaldigital.info\/?p=5969"},"modified":"2026-01-20T18:18:09","modified_gmt":"2026-01-20T18:18:09","slug":"trump-cumple-un-ano-de-regreso-en-la-casa-blanca-con-poder-desatado-y-poca-resistencia-en-el-congreso","status":"publish","type":"post","link":"https:\/\/elregionaldigital.info\/?p=5969","title":{"rendered":"Trump cumple un a\u00f1o de regreso en la Casa Blanca con poder desatado y poca resistencia en el Congreso"},"content":{"rendered":"\n<p>enero 20, 2026<\/p>\n\n\n\n<p>Un a\u00f1o despu\u00e9s de regresar a la Casa Blanca,\u00a0<strong>Donald<\/strong>\u00a0<strong>Trump<\/strong>\u00a0aument\u00f3 de forma agresiva los m\u00e1rgenes del\u00a0<strong>poder presidencial<\/strong>\u00a0en EE.UU. apoy\u00e1ndose en decretos, poderes de emergencia y el control del Partido Republicano, mientras el\u00a0<strong>Congreso<\/strong>, dominado por sus aliados, apenas ha ofrecido\u00a0<strong>resistencia<\/strong>\u00a0efectiva a esa expansi\u00f3n.<\/p>\n\n\n\n<p>En lo que va de su&nbsp;<strong>segundo<\/strong>&nbsp;<strong>mandato<\/strong>, Trump ha desdibujado los l\u00edmites de la Presidencia al amparo de un Gabinete ciegamente leal y un liderazgo republicano dispuesto a apoyar su agenda a pesar de los precedentes establecidos por el propio Legislativo.<\/p>\n\n\n\n<p>\u201cEn 2025, el presidente consolid\u00f3 la autoridad ejecutiva llevando al l\u00edmite la ley, usurp\u00f3 poderes tradicionalmente reservados al Congreso, los tribunales y los estados. Inici\u00f3 una purga de la burocracia para sustituir a funcionarios de carrera por leales pol\u00edticos\u201d, escribi\u00f3 el analista pol\u00edtico Ian Bremmer en una columna para la revista&nbsp;<em>Time<\/em>.<\/p>\n\n\n\n<h2 class=\"wp-block-heading\">Gobierno a golpe de decreto<\/h2>\n\n\n\n<p>Mediante la combinaci\u00f3n de un uso masivo de \u00f3rdenes ejecutivas (m\u00e1s de 200), cambios regulatorios acelerados y una pol\u00edtica exterior decidida casi en solitario,&nbsp;<strong>Trump<\/strong>&nbsp;ha&nbsp;<strong>reconfigurado<\/strong>&nbsp;en un a\u00f1o el&nbsp;<strong>equilibrio de<\/strong>&nbsp;<strong>poderes<\/strong>&nbsp;en Washington.<\/p>\n\n\n\n<p>Esto ha consolidando un&nbsp;<strong>Ejecutivo<\/strong>&nbsp;que&nbsp;<strong>invade<\/strong>&nbsp;espacios tradicionalmente reservados al&nbsp;<strong>Legislativo<\/strong>&nbsp;y los&nbsp;<strong>estados<\/strong>.<\/p>\n\n\n\n<p>El mismo d\u00eda de su inauguraci\u00f3n firm\u00f3 varias \u00f3rdenes que suspendieron el programa de admisi\u00f3n de refugiados, endurecieron vetos migratorios y ampliaron los poderes de los agentes migratorios para realizar detenciones, concentrando en la Casa Blanca decisiones que antes pasaban por procesos m\u00e1s largos y compartidos.<\/p>\n\n\n\n<p>Tambi\u00e9n emiti\u00f3 decretos para reducir el tama\u00f1o del Gobierno federal y reducir a m\u00ednimos la asistencia extranjera, desmantelando entidades como la Agencia de Estados Unidos para el Desarrollo Internacional (USAID), sin contar con el Congreso.<\/p>\n\n\n\n<h2 class=\"wp-block-heading\">&nbsp;Uso amplio de los poderes de emergencia<\/h2>\n\n\n\n<p>Trump declar\u00f3 una \u201c<strong>emergencia<\/strong>&nbsp;<strong>nacional<\/strong>\u201d por la&nbsp;<strong>migraci\u00f3n ilegal<\/strong>&nbsp;y<strong>&nbsp;tr\u00e1fico de fentanilo<\/strong>&nbsp;para imponer aranceles a la mayor\u00eda de importaciones de Canad\u00e1 y M\u00e9xico \u2013 luego ajustados \u2013 , utilizando facultades ejecutivas para reorientar pol\u00edtica comercial y de seguridad bajo la Ley de Poderes Econ\u00f3micos de Emergencia Internacional (IEEPA).<\/p>\n\n\n\n<p>Tambi\u00e9n utiliz\u00f3 la IEEPA para respaldar su&nbsp;<strong>guerra comercial<\/strong>&nbsp;contra los socios comerciales de EE.UU. e imponer grav\u00e1menes punitivos, sin pasar por una autorizaci\u00f3n legislativa espec\u00edfica para cada medida, \u200besfuerzos que fueron rechazados en tribunales federales y que han llegado hasta la Corte Suprema, que debe emitir pronto una decisi\u00f3n.<\/p>\n\n\n\n<h2 class=\"wp-block-heading\">Poderes de guerra sin supervisi\u00f3n<\/h2>\n\n\n\n<p>En una ruptura con la costumbre de sus antecesores de notificar previamente al Congreso antes de realizar acciones militares,&nbsp;<strong>Trump<\/strong>&nbsp;ha ordenado&nbsp;<strong>ataques<\/strong>&nbsp;sumarios contra&nbsp;<strong>embarcaciones<\/strong>&nbsp;supuestamente relacionadas con el narcotr\u00e1fico en el&nbsp;<strong>Caribe<\/strong>&nbsp;y el&nbsp;<strong>Pac\u00edfico<\/strong>&nbsp;<strong>Oriental<\/strong>, matando a la gran mayor\u00eda de sus ocupantes.<\/p>\n\n\n\n<p>Las irregularidades del primer ataque, donde supuestamente se remat\u00f3 a supervivientes de un bombardeo inicial, lanz\u00f3 investigaciones en el Congreso, que sin embargo no lograron detener la llamada operaci\u00f3n \u2018<strong>Lanza del Sur\u2019<\/strong>, en el marco de la cual contin\u00faan estos bombardeos.<\/p>\n\n\n\n<p>El reciente&nbsp;<strong>ataque sorpresa<\/strong>&nbsp;en Caracas que result\u00f3 en la captura y traslado del ahora depuesto presidente venezolano,&nbsp;<strong>Nicol\u00e1s<\/strong>&nbsp;<strong>Maduro<\/strong>, y su esposa, Cilia Flores, para ser enjuiciados en Nueva York, tuvo lugar sin la autorizaci\u00f3n expl\u00edcita del Congreso, que no fue notificado con anterioridad por su \u201ctendencia a filtrar informaci\u00f3n importante\u201d, seg\u00fan afirm\u00f3 Trump.<\/p>\n\n\n\n<p>Esto ha llevado a l\u00edderes de las minor\u00edas dem\u00f3cratas en el Senado y la C\u00e1mara de Representantes a denunciar un \u201c<strong>sobrepaso<\/strong>\u201d de las&nbsp;<strong>facultades de guerra<\/strong>&nbsp;del&nbsp;<strong>presidente<\/strong>, que antes ya hab\u00eda ordenado bombardeos a infraestructuras nucleares iran\u00edes sin tomar en cuenta a los comit\u00e9s de seguridad nacional del Legislativo.<\/p>\n\n\n\n<h2 class=\"wp-block-heading\">&nbsp;Un Congreso complaciente, con chispazos de rebeld\u00eda<\/h2>\n\n\n\n<p>La mayor\u00eda republicana en la C\u00e1mara y el peso conservador en el Senado han permitido a Trump avanzar su agenda con escaso coste pol\u00edtico, frenando iniciativas de supervisi\u00f3n y rechazando intentos de limitar por ley el recurso a emergencias y \u00f3rdenes ejecutivas.<\/p>\n\n\n\n<p>Sin embargo, se han registrado episodios puntuales de rebeld\u00eda, como las&nbsp;<strong>revueltas<\/strong>&nbsp;de&nbsp;<strong>legisladores conservadores<\/strong>&nbsp;en votaciones clave sobre gasto y ayudas internas, o las&nbsp;<strong>quejas bipartidistas<\/strong>&nbsp;por la falta de informaci\u00f3n sobre operaciones en el exterior, que de momento no han cristalizado en una coalici\u00f3n estable para limitar la autoridad presidencial.<\/p>\n\n\n\n<figure class=\"wp-block-image size-large\"><img loading=\"lazy\" decoding=\"async\" width=\"1024\" height=\"631\" src=\"https:\/\/elregionaldigital.info\/wp-content\/uploads\/2026\/01\/image-19-1024x631.png\" alt=\"\" class=\"wp-image-5970\" srcset=\"https:\/\/elregionaldigital.info\/wp-content\/uploads\/2026\/01\/image-19-1024x631.png 1024w, https:\/\/elregionaldigital.info\/wp-content\/uploads\/2026\/01\/image-19-300x185.png 300w, https:\/\/elregionaldigital.info\/wp-content\/uploads\/2026\/01\/image-19-768x474.png 768w, https:\/\/elregionaldigital.info\/wp-content\/uploads\/2026\/01\/image-19.png 1200w\" sizes=\"auto, (max-width: 1024px) 100vw, 1024px\" \/><\/figure>\n\n\n\n<p><\/p>\n","protected":false},"excerpt":{"rendered":"<p>enero 20, 2026 Un a\u00f1o despu\u00e9s de regresar a la Casa Blanca,\u00a0Donald\u00a0Trump\u00a0aument\u00f3 de forma agresiva los m\u00e1rgenes del\u00a0poder presidencial\u00a0en EE.UU. apoy\u00e1ndose en decretos, poderes de emergencia y el control del Partido Republicano, mientras el\u00a0Congreso, dominado por sus aliados, apenas ha ofrecido\u00a0resistencia\u00a0efectiva a esa expansi\u00f3n. En lo que va de su&nbsp;segundo&nbsp;mandato, Trump ha desdibujado los l\u00edmites [&hellip;]<\/p>\n","protected":false},"author":1,"featured_media":5970,"comment_status":"open","ping_status":"open","sticky":false,"template":"","format":"standard","meta":{"footnotes":""},"categories":[11],"tags":[],"class_list":["post-5969","post","type-post","status-publish","format-standard","has-post-thumbnail","hentry","category-mundo"],"blog_post_layout_featured_media_urls":{"thumbnail":["https:\/\/elregionaldigital.info\/wp-content\/uploads\/2026\/01\/image-19-150x150.png",150,150,true],"full":["https:\/\/elregionaldigital.info\/wp-content\/uploads\/2026\/01\/image-19.png",1200,740,false]},"categories_names":{"11":{"name":"Mundo","link":"https:\/\/elregionaldigital.info\/?cat=11"}},"tags_names":[],"comments_number":"0","wpmagazine_modules_lite_featured_media_urls":{"thumbnail":["https:\/\/elregionaldigital.info\/wp-content\/uploads\/2026\/01\/image-19-150x150.png",150,150,true],"cvmm-medium":["https:\/\/elregionaldigital.info\/wp-content\/uploads\/2026\/01\/image-19-300x300.png",300,300,true],"cvmm-medium-plus":["https:\/\/elregionaldigital.info\/wp-content\/uploads\/2026\/01\/image-19-305x207.png",305,207,true],"cvmm-portrait":["https:\/\/elregionaldigital.info\/wp-content\/uploads\/2026\/01\/image-19-400x600.png",400,600,true],"cvmm-medium-square":["https:\/\/elregionaldigital.info\/wp-content\/uploads\/2026\/01\/image-19-600x600.png",600,600,true],"cvmm-large":["https:\/\/elregionaldigital.info\/wp-content\/uploads\/2026\/01\/image-19-1024x740.png",1024,740,true],"cvmm-small":["https:\/\/elregionaldigital.info\/wp-content\/uploads\/2026\/01\/image-19-130x95.png",130,95,true],"full":["https:\/\/elregionaldigital.info\/wp-content\/uploads\/2026\/01\/image-19.png",1200,740,false]},"_links":{"self":[{"href":"https:\/\/elregionaldigital.info\/index.php?rest_route=\/wp\/v2\/posts\/5969","targetHints":{"allow":["GET"]}}],"collection":[{"href":"https:\/\/elregionaldigital.info\/index.php?rest_route=\/wp\/v2\/posts"}],"about":[{"href":"https:\/\/elregionaldigital.info\/index.php?rest_route=\/wp\/v2\/types\/post"}],"author":[{"embeddable":true,"href":"https:\/\/elregionaldigital.info\/index.php?rest_route=\/wp\/v2\/users\/1"}],"replies":[{"embeddable":true,"href":"https:\/\/elregionaldigital.info\/index.php?rest_route=%2Fwp%2Fv2%2Fcomments&post=5969"}],"version-history":[{"count":1,"href":"https:\/\/elregionaldigital.info\/index.php?rest_route=\/wp\/v2\/posts\/5969\/revisions"}],"predecessor-version":[{"id":5971,"href":"https:\/\/elregionaldigital.info\/index.php?rest_route=\/wp\/v2\/posts\/5969\/revisions\/5971"}],"wp:featuredmedia":[{"embeddable":true,"href":"https:\/\/elregionaldigital.info\/index.php?rest_route=\/wp\/v2\/media\/5970"}],"wp:attachment":[{"href":"https:\/\/elregionaldigital.info\/index.php?rest_route=%2Fwp%2Fv2%2Fmedia&parent=5969"}],"wp:term":[{"taxonomy":"category","embeddable":true,"href":"https:\/\/elregionaldigital.info\/index.php?rest_route=%2Fwp%2Fv2%2Fcategories&post=5969"},{"taxonomy":"post_tag","embeddable":true,"href":"https:\/\/elregionaldigital.info\/index.php?rest_route=%2Fwp%2Fv2%2Ftags&post=5969"}],"curies":[{"name":"wp","href":"https:\/\/api.w.org\/{rel}","templated":true}]}}