{"id":5963,"date":"2025-12-17T18:13:17","date_gmt":"2025-12-17T18:13:17","guid":{"rendered":"https:\/\/elregionaldigital.info\/?p=5963"},"modified":"2026-01-20T18:14:31","modified_gmt":"2026-01-20T18:14:31","slug":"santiago-gimenez-sera-operado-de-su-lesion-en-el-tobillo-derecho","status":"publish","type":"post","link":"https:\/\/elregionaldigital.info\/?p=5963","title":{"rendered":"Santiago Gim\u00e9nez ser\u00e1 operado de su lesi\u00f3n en el tobillo derecho"},"content":{"rendered":"\n<p>diciembre 17, 2025<\/p>\n\n\n\n<p><strong>Massimiliano Allegri<\/strong>, director t\u00e9cnico del\u00a0<strong>AC Milan<\/strong>, confirm\u00f3 que el delantero mexicano<strong>\u00a0Santiago Gim\u00e9nez\u00a0<\/strong>ser\u00e1<strong>\u00a0operado\u00a0<\/strong>de su lesi\u00f3n en el<strong>\u00a0tobillo derecho.<\/strong><\/p>\n\n\n\n<p>Lo anterior fue detallado por Allegri en la v\u00edspera de su duelo correspondiente a la Supercopa Italiana ante el Napoli en Arabia Saudita, en donde apunt\u00f3 que la operaci\u00f3n de Gim\u00e9nez se llevar\u00e1 a cabo este jueves 18 de diciembre de 2025.<\/p>\n\n\n\n<p>\u201cEn cuanto a Santi Gim\u00e9nez, tuvo un periodo fuera donde aplicamos una terapia conservadora. Las cosas iban bien, pero desafortunadamente, en los \u00faltimos d\u00edas la lesi\u00f3n del tobillo reapareci\u00f3.<\/p>\n\n\n\n<p>\u201cTuvo una consulta y los m\u00e9dicos le aconsejaron someterse a&nbsp;una intervenci\u00f3n menor&nbsp;(quir\u00fargica), que creo se llevar\u00e1 a cabo ma\u00f1ana por la ma\u00f1ana. Espero que est\u00e9 fuera el menor tiempo posible\u201d, puntualiz\u00f3 el entrenador rossonero.<\/p>\n\n\n\n<p>Allegri apunt\u00f3 que ser\u00e1 hasta despu\u00e9s del compromiso de la Supercopa cuando se analice junto a al dirigencia del club las oportunidades de contrataciones en el mercado invernal.<\/p>\n\n\n\n<p>Hasta el momento, el club italiano ha detallado cuanto tiempo estar\u00eda fuera de las canchas el delantero mexicano, auqnue medios del pa\u00eds aseguran que ser\u00eda alrededor de tres meses.<\/p>\n\n\n\n<p>Santiago&nbsp;<em>Bebote<\/em>&nbsp;Gim\u00e9nez no ha disputado los \u00faltimos siete duelos con el AC Milan, y no pisa el verde desde el pasado 28 de octubre de 2025, cuando fue sustituido ante el Atalanta por las molestias en su tobillo derecho que arrastra desde entonces.<\/p>\n\n\n\n<p>Su proceso de recuperaci\u00f3n pareci\u00f3 concluir hace dos semanas, cuando el propio Allegri anunci\u00f3 que el atacante mexicano hab\u00eda recibido la aprobaci\u00f3n m\u00e9dica. Sin embargo, su vuelta al campo nunca termin\u00f3 por concretarse.<\/p>\n\n\n\n<p>En dicho contexto aparece la posibilidad de que el Milan acuda al mercado invernal para reforzar la delantera, con el alem\u00e1n Niklas Fullkurg, del West Ham, y el neerland\u00e9s Joshua Zirkzee, del Manchester United y ex del Bolonia, como principales candidatos.<\/p>\n\n\n\n<p>El \u00fanico gol del&nbsp;<em>Bebote<\/em>&nbsp;Gim\u00e9nez en lo que va de la presente temporada fue en Copa Italia ante el conjunto de Lecce, el 23 de septiembre.<\/p>\n\n\n\n<figure class=\"wp-block-image size-large\"><img loading=\"lazy\" decoding=\"async\" width=\"1024\" height=\"683\" src=\"https:\/\/elregionaldigital.info\/wp-content\/uploads\/2026\/01\/image-17-1024x683.png\" alt=\"\" class=\"wp-image-5964\" srcset=\"https:\/\/elregionaldigital.info\/wp-content\/uploads\/2026\/01\/image-17-1024x683.png 1024w, https:\/\/elregionaldigital.info\/wp-content\/uploads\/2026\/01\/image-17-300x200.png 300w, https:\/\/elregionaldigital.info\/wp-content\/uploads\/2026\/01\/image-17-768x512.png 768w, https:\/\/elregionaldigital.info\/wp-content\/uploads\/2026\/01\/image-17-1536x1024.png 1536w, https:\/\/elregionaldigital.info\/wp-content\/uploads\/2026\/01\/image-17.png 1920w\" sizes=\"auto, (max-width: 1024px) 100vw, 1024px\" \/><\/figure>\n","protected":false},"excerpt":{"rendered":"<p>diciembre 17, 2025 Massimiliano Allegri, director t\u00e9cnico del\u00a0AC Milan, confirm\u00f3 que el delantero mexicano\u00a0Santiago Gim\u00e9nez\u00a0ser\u00e1\u00a0operado\u00a0de su lesi\u00f3n en el\u00a0tobillo derecho. Lo anterior fue detallado por Allegri en la v\u00edspera de su duelo correspondiente a la Supercopa Italiana ante el Napoli en Arabia Saudita, en donde apunt\u00f3 que la operaci\u00f3n de Gim\u00e9nez se llevar\u00e1 a cabo [&hellip;]<\/p>\n","protected":false},"author":1,"featured_media":5964,"comment_status":"open","ping_status":"open","sticky":false,"template":"","format":"standard","meta":{"footnotes":""},"categories":[6],"tags":[],"class_list":["post-5963","post","type-post","status-publish","format-standard","has-post-thumbnail","hentry","category-deportes"],"blog_post_layout_featured_media_urls":{"thumbnail":["https:\/\/elregionaldigital.info\/wp-content\/uploads\/2026\/01\/image-17-150x150.png",150,150,true],"full":["https:\/\/elregionaldigital.info\/wp-content\/uploads\/2026\/01\/image-17.png",1920,1280,false]},"categories_names":{"6":{"name":"Deportes","link":"https:\/\/elregionaldigital.info\/?cat=6"}},"tags_names":[],"comments_number":"0","wpmagazine_modules_lite_featured_media_urls":{"thumbnail":["https:\/\/elregionaldigital.info\/wp-content\/uploads\/2026\/01\/image-17-150x150.png",150,150,true],"cvmm-medium":["https:\/\/elregionaldigital.info\/wp-content\/uploads\/2026\/01\/image-17-300x300.png",300,300,true],"cvmm-medium-plus":["https:\/\/elregionaldigital.info\/wp-content\/uploads\/2026\/01\/image-17-305x207.png",305,207,true],"cvmm-portrait":["https:\/\/elregionaldigital.info\/wp-content\/uploads\/2026\/01\/image-17-400x600.png",400,600,true],"cvmm-medium-square":["https:\/\/elregionaldigital.info\/wp-content\/uploads\/2026\/01\/image-17-600x600.png",600,600,true],"cvmm-large":["https:\/\/elregionaldigital.info\/wp-content\/uploads\/2026\/01\/image-17-1024x1024.png",1024,1024,true],"cvmm-small":["https:\/\/elregionaldigital.info\/wp-content\/uploads\/2026\/01\/image-17-130x95.png",130,95,true],"full":["https:\/\/elregionaldigital.info\/wp-content\/uploads\/2026\/01\/image-17.png",1920,1280,false]},"_links":{"self":[{"href":"https:\/\/elregionaldigital.info\/index.php?rest_route=\/wp\/v2\/posts\/5963","targetHints":{"allow":["GET"]}}],"collection":[{"href":"https:\/\/elregionaldigital.info\/index.php?rest_route=\/wp\/v2\/posts"}],"about":[{"href":"https:\/\/elregionaldigital.info\/index.php?rest_route=\/wp\/v2\/types\/post"}],"author":[{"embeddable":true,"href":"https:\/\/elregionaldigital.info\/index.php?rest_route=\/wp\/v2\/users\/1"}],"replies":[{"embeddable":true,"href":"https:\/\/elregionaldigital.info\/index.php?rest_route=%2Fwp%2Fv2%2Fcomments&post=5963"}],"version-history":[{"count":1,"href":"https:\/\/elregionaldigital.info\/index.php?rest_route=\/wp\/v2\/posts\/5963\/revisions"}],"predecessor-version":[{"id":5965,"href":"https:\/\/elregionaldigital.info\/index.php?rest_route=\/wp\/v2\/posts\/5963\/revisions\/5965"}],"wp:featuredmedia":[{"embeddable":true,"href":"https:\/\/elregionaldigital.info\/index.php?rest_route=\/wp\/v2\/media\/5964"}],"wp:attachment":[{"href":"https:\/\/elregionaldigital.info\/index.php?rest_route=%2Fwp%2Fv2%2Fmedia&parent=5963"}],"wp:term":[{"taxonomy":"category","embeddable":true,"href":"https:\/\/elregionaldigital.info\/index.php?rest_route=%2Fwp%2Fv2%2Fcategories&post=5963"},{"taxonomy":"post_tag","embeddable":true,"href":"https:\/\/elregionaldigital.info\/index.php?rest_route=%2Fwp%2Fv2%2Ftags&post=5963"}],"curies":[{"name":"wp","href":"https:\/\/api.w.org\/{rel}","templated":true}]}}