{"id":5960,"date":"2025-12-23T18:10:52","date_gmt":"2025-12-23T18:10:52","guid":{"rendered":"https:\/\/elregionaldigital.info\/?p=5960"},"modified":"2026-01-20T18:12:40","modified_gmt":"2026-01-20T18:12:40","slug":"real-madrid-cede-al-brasileno-endrick-al-lyon","status":"publish","type":"post","link":"https:\/\/elregionaldigital.info\/?p=5960","title":{"rendered":"Real Madrid cede al brasile\u00f1o Endrick al Lyon"},"content":{"rendered":"\n<p>diciembre 23, 2025<\/p>\n\n\n\n<p>El\u00a0<strong>Real Madrid<\/strong>\u00a0anunci\u00f3 la cesi\u00f3n de delantero brasile\u00f1o\u00a0<strong>Endrick<\/strong>\u00a0al\u00a0<strong>Olympique de Lyon<\/strong>\u00a0franc\u00e9s hasta el final de la presente temporada, el 30 de junio de 2026.<\/p>\n\n\n\n<p>As\u00ed lo detall\u00f3 tambi\u00e9n el club galo, tanto en un comunicado, como en un video compartido en sus redes sociales, en el que aparece el brasile\u00f1o por las calles de Lyon y que termina con la frase de \u201ceste a\u00f1o la Navidad llega antes\u201d.<\/p>\n\n\n\n<p>Tal y como inform\u00f3 el equipo franc\u00e9s, el delantero de 19 a\u00f1os llega hasta final de temporada en forma de cesi\u00f3n pagada de un m\u00e1ximo de 1 mill\u00f3n de euros, el equivalente a la mitad del salario del internacional brasile\u00f1o durante los seis pr\u00f3ximos meses.<\/p>\n\n\n\n<p>El exjugador del Palmeiras llevar\u00e1 el n\u00famero \u20189\u2019 en el Lyon, el mismo dorsal que port\u00f3 uno de los delanteros m\u00e1s emblem\u00e1ticos del club del R\u00f3dano, el tambi\u00e9n brasile\u00f1o Sonny Anderson, entre 1999 y 2003.<\/p>\n\n\n\n<p>\u201cSu perfil ofensivo, su impacto en las zonas decisivas y su energ\u00eda son bazas importantes para acompa\u00f1ar al equipo en la segunda parte de la temporada, marcada por numerosos objetivos que alcanzar\u201d, apunt\u00f3 el club galo en su comunicado.<\/p>\n\n\n\n<p>Endrick se incorporar\u00e1 el 29 de diciembre con el resto de sus nuevos compa\u00f1eros, y pasar\u00e1 a estar bajo las \u00f3rdenes del portugu\u00e9s Paulo Fonseca, t\u00e9cnico de un Lyon que marcha quinto en la Ligue 1 y lidera la clasificaci\u00f3n en la Liga Europa, con cinco victorias y una sola derrota.<\/p>\n\n\n\n<p>El objetivo del joven delantero pasa por incrementar su tiempo de juego, muy escaso en el Real Madrid, para tener alguna opci\u00f3n de entrar en la lista de Carlo Ancelotti para el Mundial de Estados Unidos, M\u00e9xico y Canad\u00e1 con la selecci\u00f3n brasile\u00f1a, con la que ya ha disputado 14 partidos.<\/p>\n\n\n\n<p>Durante su estancia en el Real Madrid el a\u00f1o pasado, particip\u00f3 en 37 partidos, jug\u00f3 848 minutos y anot\u00f3 7 goles, cinco de ellos en la Copa del Rey, en la que fue determinante para que el Real Madrid llegara a la final.<\/p>\n\n\n\n<p>Este a\u00f1o, como queda demostrado con los 99 minutos entre todas las competiciones oficiales repartidos en tres partidos (solo uno como titular), apenas entraba en los planes de Xabi Alonso, ya que estaba en sus preferencias por detr\u00e1s del resto de delanteros, incluido el canterano Gonzalo Garc\u00eda.<\/p>\n\n\n\n<figure class=\"wp-block-image size-large\"><img loading=\"lazy\" decoding=\"async\" width=\"1024\" height=\"683\" src=\"https:\/\/elregionaldigital.info\/wp-content\/uploads\/2026\/01\/image-16-1024x683.png\" alt=\"\" class=\"wp-image-5961\" srcset=\"https:\/\/elregionaldigital.info\/wp-content\/uploads\/2026\/01\/image-16-1024x683.png 1024w, https:\/\/elregionaldigital.info\/wp-content\/uploads\/2026\/01\/image-16-300x200.png 300w, https:\/\/elregionaldigital.info\/wp-content\/uploads\/2026\/01\/image-16-768x512.png 768w, https:\/\/elregionaldigital.info\/wp-content\/uploads\/2026\/01\/image-16-1536x1024.png 1536w, https:\/\/elregionaldigital.info\/wp-content\/uploads\/2026\/01\/image-16.png 1920w\" sizes=\"auto, (max-width: 1024px) 100vw, 1024px\" \/><\/figure>\n","protected":false},"excerpt":{"rendered":"<p>diciembre 23, 2025 El\u00a0Real Madrid\u00a0anunci\u00f3 la cesi\u00f3n de delantero brasile\u00f1o\u00a0Endrick\u00a0al\u00a0Olympique de Lyon\u00a0franc\u00e9s hasta el final de la presente temporada, el 30 de junio de 2026. As\u00ed lo detall\u00f3 tambi\u00e9n el club galo, tanto en un comunicado, como en un video compartido en sus redes sociales, en el que aparece el brasile\u00f1o por las calles de [&hellip;]<\/p>\n","protected":false},"author":1,"featured_media":5961,"comment_status":"open","ping_status":"open","sticky":false,"template":"","format":"standard","meta":{"footnotes":""},"categories":[6],"tags":[],"class_list":["post-5960","post","type-post","status-publish","format-standard","has-post-thumbnail","hentry","category-deportes"],"blog_post_layout_featured_media_urls":{"thumbnail":["https:\/\/elregionaldigital.info\/wp-content\/uploads\/2026\/01\/image-16-150x150.png",150,150,true],"full":["https:\/\/elregionaldigital.info\/wp-content\/uploads\/2026\/01\/image-16.png",1920,1280,false]},"categories_names":{"6":{"name":"Deportes","link":"https:\/\/elregionaldigital.info\/?cat=6"}},"tags_names":[],"comments_number":"0","wpmagazine_modules_lite_featured_media_urls":{"thumbnail":["https:\/\/elregionaldigital.info\/wp-content\/uploads\/2026\/01\/image-16-150x150.png",150,150,true],"cvmm-medium":["https:\/\/elregionaldigital.info\/wp-content\/uploads\/2026\/01\/image-16-300x300.png",300,300,true],"cvmm-medium-plus":["https:\/\/elregionaldigital.info\/wp-content\/uploads\/2026\/01\/image-16-305x207.png",305,207,true],"cvmm-portrait":["https:\/\/elregionaldigital.info\/wp-content\/uploads\/2026\/01\/image-16-400x600.png",400,600,true],"cvmm-medium-square":["https:\/\/elregionaldigital.info\/wp-content\/uploads\/2026\/01\/image-16-600x600.png",600,600,true],"cvmm-large":["https:\/\/elregionaldigital.info\/wp-content\/uploads\/2026\/01\/image-16-1024x1024.png",1024,1024,true],"cvmm-small":["https:\/\/elregionaldigital.info\/wp-content\/uploads\/2026\/01\/image-16-130x95.png",130,95,true],"full":["https:\/\/elregionaldigital.info\/wp-content\/uploads\/2026\/01\/image-16.png",1920,1280,false]},"_links":{"self":[{"href":"https:\/\/elregionaldigital.info\/index.php?rest_route=\/wp\/v2\/posts\/5960","targetHints":{"allow":["GET"]}}],"collection":[{"href":"https:\/\/elregionaldigital.info\/index.php?rest_route=\/wp\/v2\/posts"}],"about":[{"href":"https:\/\/elregionaldigital.info\/index.php?rest_route=\/wp\/v2\/types\/post"}],"author":[{"embeddable":true,"href":"https:\/\/elregionaldigital.info\/index.php?rest_route=\/wp\/v2\/users\/1"}],"replies":[{"embeddable":true,"href":"https:\/\/elregionaldigital.info\/index.php?rest_route=%2Fwp%2Fv2%2Fcomments&post=5960"}],"version-history":[{"count":1,"href":"https:\/\/elregionaldigital.info\/index.php?rest_route=\/wp\/v2\/posts\/5960\/revisions"}],"predecessor-version":[{"id":5962,"href":"https:\/\/elregionaldigital.info\/index.php?rest_route=\/wp\/v2\/posts\/5960\/revisions\/5962"}],"wp:featuredmedia":[{"embeddable":true,"href":"https:\/\/elregionaldigital.info\/index.php?rest_route=\/wp\/v2\/media\/5961"}],"wp:attachment":[{"href":"https:\/\/elregionaldigital.info\/index.php?rest_route=%2Fwp%2Fv2%2Fmedia&parent=5960"}],"wp:term":[{"taxonomy":"category","embeddable":true,"href":"https:\/\/elregionaldigital.info\/index.php?rest_route=%2Fwp%2Fv2%2Fcategories&post=5960"},{"taxonomy":"post_tag","embeddable":true,"href":"https:\/\/elregionaldigital.info\/index.php?rest_route=%2Fwp%2Fv2%2Ftags&post=5960"}],"curies":[{"name":"wp","href":"https:\/\/api.w.org\/{rel}","templated":true}]}}