{"id":596,"date":"2022-10-17T18:54:38","date_gmt":"2022-10-17T18:54:38","guid":{"rendered":"http:\/\/elregionaldigital.info\/?p=596"},"modified":"2022-10-17T18:54:40","modified_gmt":"2022-10-17T18:54:40","slug":"las-fiestas-de-octubre-en-los-angeles-todo-un-exito","status":"publish","type":"post","link":"https:\/\/elregionaldigital.info\/?p=596","title":{"rendered":"Las Fiestas de Octubre en Los \u00c1ngeles, todo un \u00e9xito"},"content":{"rendered":"\n\n\n<p>El tradicional evento jalisciense se realiz\u00f3 con todo su colorido y esencia en la urbe californiana a lo largo de este fin de semana<\/p>\n\n\n\n<p>La primera edici\u00f3n de Las Fiestas de Octubre en Los \u00c1ngeles&nbsp;<strong>fue recibida con gran entusiasmo por los paisanos y el p\u00fablico en general<\/strong>&nbsp;que radica en esa metr\u00f3poli de la Uni\u00f3n Americana, tal como lo dio a conocer Esteban Estrada, director de la Agencia Estatal de Entretenimiento de Jalisco.<\/p>\n\n\n\n<p>Explic\u00f3 que \u201ces la primera vez que llevamos esta festividad a nuestros paisanos a la ciudad de Los \u00c1ngeles, es un evento que est\u00e1 siendo hist\u00f3rico, con la firme intenci\u00f3n de que sea el primero de muchos\u201d. Por lo pronto,\u00a0ayer domingo concluy\u00f3 la primera edici\u00f3n con la presentaci\u00f3n de La Arrolladora Banda El Lim\u00f3n de\u00a0Ren\u00e9\u00a0Camacho, en un evento donde se celebraron los sonidos mexicanos por todo lo alto, as\u00ed como diversas expresiones de nuestra cultura.Cabe destacar que<strong>\u00a0Las Fiestas de Octubre en Los \u00c1ngeles se llevaron a cabo del 14 al 16 de octubre en el parque Pershing Square<\/strong>. Durante dichas jornadas tambi\u00e9n estuvieron presentes los espect\u00e1culos:\u00a0\u201cChavoRucos\u201d de\u00a0Adal\u00a0Ramones y Adri\u00e1n\u00a0Uribe; as\u00ed como el denominado\u00a0show \u201cHerencia Mexicana\u201d.<\/p>\n\n\n\n<p>\u201cA trav\u00e9s de la oficina de Casa Jalisco, gestionamos como Gobierno del Estado, un lugar muy simb\u00f3lico y muy bonito que es Pershing Square (en el coraz\u00f3n de Los \u00c1ngeles)\u201d. Estrada destac\u00f3 que en las primeras dos fechas hubo un aproximado de dos mil personas por d\u00eda y ayer la estimaci\u00f3n que se tiene es que se congregaron de cuatro a cinco mil asistentes, lo que siembra excelentes n\u00fameros de cara a las ediciones futuras.<\/p>\n\n\n\n<h4 class=\"wp-block-heading\"><strong>El poder del anhelo<\/strong><\/h4>\n\n\n\n<p>Llevar un \u201cpedacito\u201d de nuestro Estado a Los \u00c1ngeles fue de mucha nostalgia para los paisanos que no han podido regresar a su tierra. \u201cTambi\u00e9n quienes nacieron en esa ciudad han escuchado de esta festividad por familiares y pues llevarla tan tradicional y al estilo Jalisco ha sido una grata experiencia. La gente est\u00e1 muy entusiasmada y les gustar\u00eda que esta festividad llegara para quedarse ah\u00ed en Los \u00c1ngeles\u201d, anota el funcionario estatal.<\/p>\n","protected":false},"excerpt":{"rendered":"<p>El tradicional evento jalisciense se realiz\u00f3 con todo su colorido y esencia en la urbe californiana a lo largo de este fin de semana La primera edici\u00f3n de Las Fiestas de Octubre en Los \u00c1ngeles&nbsp;fue recibida con gran entusiasmo por los paisanos y el p\u00fablico en general&nbsp;que radica en esa metr\u00f3poli de la Uni\u00f3n Americana, [&hellip;]<\/p>\n","protected":false},"author":1,"featured_media":598,"comment_status":"open","ping_status":"open","sticky":false,"template":"","format":"standard","meta":{"footnotes":""},"categories":[3],"tags":[],"class_list":["post-596","post","type-post","status-publish","format-standard","has-post-thumbnail","hentry","category-entretenimiento"],"blog_post_layout_featured_media_urls":{"thumbnail":["https:\/\/elregionaldigital.info\/wp-content\/uploads\/2022\/10\/fiestas-de-octubre-guadalajara-2022-02092022175029-dondehayferia-150x150.jpg",150,150,true],"full":["https:\/\/elregionaldigital.info\/wp-content\/uploads\/2022\/10\/fiestas-de-octubre-guadalajara-2022-02092022175029-dondehayferia.jpg",600,600,false]},"categories_names":{"3":{"name":"Entretenimiento","link":"https:\/\/elregionaldigital.info\/?cat=3"}},"tags_names":[],"comments_number":"0","wpmagazine_modules_lite_featured_media_urls":{"thumbnail":["https:\/\/elregionaldigital.info\/wp-content\/uploads\/2022\/10\/fiestas-de-octubre-guadalajara-2022-02092022175029-dondehayferia-150x150.jpg",150,150,true],"cvmm-medium":["https:\/\/elregionaldigital.info\/wp-content\/uploads\/2022\/10\/fiestas-de-octubre-guadalajara-2022-02092022175029-dondehayferia-300x300.jpg",300,300,true],"cvmm-medium-plus":["https:\/\/elregionaldigital.info\/wp-content\/uploads\/2022\/10\/fiestas-de-octubre-guadalajara-2022-02092022175029-dondehayferia-305x207.jpg",305,207,true],"cvmm-portrait":["https:\/\/elregionaldigital.info\/wp-content\/uploads\/2022\/10\/fiestas-de-octubre-guadalajara-2022-02092022175029-dondehayferia-400x600.jpg",400,600,true],"cvmm-medium-square":["https:\/\/elregionaldigital.info\/wp-content\/uploads\/2022\/10\/fiestas-de-octubre-guadalajara-2022-02092022175029-dondehayferia-600x600.jpg",600,600,true],"cvmm-large":["https:\/\/elregionaldigital.info\/wp-content\/uploads\/2022\/10\/fiestas-de-octubre-guadalajara-2022-02092022175029-dondehayferia.jpg",600,600,false],"cvmm-small":["https:\/\/elregionaldigital.info\/wp-content\/uploads\/2022\/10\/fiestas-de-octubre-guadalajara-2022-02092022175029-dondehayferia-130x95.jpg",130,95,true],"full":["https:\/\/elregionaldigital.info\/wp-content\/uploads\/2022\/10\/fiestas-de-octubre-guadalajara-2022-02092022175029-dondehayferia.jpg",600,600,false]},"_links":{"self":[{"href":"https:\/\/elregionaldigital.info\/index.php?rest_route=\/wp\/v2\/posts\/596","targetHints":{"allow":["GET"]}}],"collection":[{"href":"https:\/\/elregionaldigital.info\/index.php?rest_route=\/wp\/v2\/posts"}],"about":[{"href":"https:\/\/elregionaldigital.info\/index.php?rest_route=\/wp\/v2\/types\/post"}],"author":[{"embeddable":true,"href":"https:\/\/elregionaldigital.info\/index.php?rest_route=\/wp\/v2\/users\/1"}],"replies":[{"embeddable":true,"href":"https:\/\/elregionaldigital.info\/index.php?rest_route=%2Fwp%2Fv2%2Fcomments&post=596"}],"version-history":[{"count":1,"href":"https:\/\/elregionaldigital.info\/index.php?rest_route=\/wp\/v2\/posts\/596\/revisions"}],"predecessor-version":[{"id":599,"href":"https:\/\/elregionaldigital.info\/index.php?rest_route=\/wp\/v2\/posts\/596\/revisions\/599"}],"wp:featuredmedia":[{"embeddable":true,"href":"https:\/\/elregionaldigital.info\/index.php?rest_route=\/wp\/v2\/media\/598"}],"wp:attachment":[{"href":"https:\/\/elregionaldigital.info\/index.php?rest_route=%2Fwp%2Fv2%2Fmedia&parent=596"}],"wp:term":[{"taxonomy":"category","embeddable":true,"href":"https:\/\/elregionaldigital.info\/index.php?rest_route=%2Fwp%2Fv2%2Fcategories&post=596"},{"taxonomy":"post_tag","embeddable":true,"href":"https:\/\/elregionaldigital.info\/index.php?rest_route=%2Fwp%2Fv2%2Ftags&post=596"}],"curies":[{"name":"wp","href":"https:\/\/api.w.org\/{rel}","templated":true}]}}