{"id":5938,"date":"2026-01-02T17:46:21","date_gmt":"2026-01-02T17:46:21","guid":{"rendered":"https:\/\/elregionaldigital.info\/?p=5938"},"modified":"2026-01-20T17:47:52","modified_gmt":"2026-01-20T17:47:52","slug":"fortalece-dif-tamaulipas-la-atencion-a-personas-adultas-mayores-con-brigadas-de-salud","status":"publish","type":"post","link":"https:\/\/elregionaldigital.info\/?p=5938","title":{"rendered":"Fortalece DIF Tamaulipas la atenci\u00f3n a personas adultas mayores con brigadas de salud"},"content":{"rendered":"\n<p>Enero 02 de 2026<\/p>\n\n\n\n<p>Ciudad Victoria, Tamaulipas.\u2013 Con el objetivo de contribuir al bienestar f\u00edsico, mental y emocional de las personas adultas mayores, el Sistema para el Desarrollo Integral de la Familia de Tamaulipas, que preside la doctora Mar\u00eda de Villarreal, llev\u00f3 a cabo una brigada de salud en la Casa Club del Adulto Mayor, donde se brind\u00f3 atenci\u00f3n a m\u00e1s de 400 asistentes.<\/p>\n\n\n\n<p>Durante la jornada se priorizaron acciones de prevenci\u00f3n y protecci\u00f3n de la salud ante la temporada invernal, mediante la aplicaci\u00f3n de vacunas y la prestaci\u00f3n de servicios de atenci\u00f3n odontol\u00f3gica y auditiva, as\u00ed como terapia f\u00edsica. De igual forma, se puso a disposici\u00f3n el m\u00f3dulo de la Unidad de Especialidades M\u00e9dicas (UNEME) de la Secretar\u00eda de Salud.<\/p>\n\n\n\n<p>Estas brigadas de salud se realizan de manera peri\u00f3dica tanto en la Casa Club del Adulto Mayor como en los distintos centros asistenciales del estado, donde se brinda atenci\u00f3n integral a personas adultas mayores a lo largo del a\u00f1o.<\/p>\n\n\n\n<p>A trav\u00e9s de estas acciones preventivas, las y los Mensajeros de Paz buscan fortalecer la salud m\u00e9dica y psicosocial de las personas que asisten a estos espacios, as\u00ed como brindar tranquilidad a sus familias, favoreciendo una mejor calidad de vida y un acompa\u00f1amiento digno en esta etapa de la vida.<\/p>\n\n\n\n<p>***<\/p>\n\n\n\n<figure class=\"wp-block-image\"><a href=\"https:\/\/www.tamaulipas.gob.mx\/wp-content\/uploads\/2026\/01\/DIF-001-2026.-Fortalece-DIF-Tamaulipas-la-atencion-a-personas-adultas-mayores-con-brigadas-de-salud-5.jpeg\"><img decoding=\"async\" src=\"https:\/\/www.tamaulipas.gob.mx\/wp-content\/uploads\/2026\/01\/DIF-001-2026.-Fortalece-DIF-Tamaulipas-la-atencion-a-personas-adultas-mayores-con-brigadas-de-salud-5-850x500.jpeg\" alt=\"\"\/><\/a><\/figure>\n","protected":false},"excerpt":{"rendered":"<p>Enero 02 de 2026 Ciudad Victoria, Tamaulipas.\u2013 Con el objetivo de contribuir al bienestar f\u00edsico, mental y emocional de las personas adultas mayores, el Sistema para el Desarrollo Integral de la Familia de Tamaulipas, que preside la doctora Mar\u00eda de Villarreal, llev\u00f3 a cabo una brigada de salud en la Casa Club del Adulto Mayor, [&hellip;]<\/p>\n","protected":false},"author":1,"featured_media":5939,"comment_status":"open","ping_status":"open","sticky":false,"template":"","format":"standard","meta":{"footnotes":""},"categories":[2],"tags":[],"class_list":["post-5938","post","type-post","status-publish","format-standard","has-post-thumbnail","hentry","category-tamaulipas"],"blog_post_layout_featured_media_urls":{"thumbnail":["https:\/\/elregionaldigital.info\/wp-content\/uploads\/2026\/01\/DIF-001-2026.-Fortalece-DIF-Tamaulipas-la-atencion-a-personas-adultas-mayores-con-brigadas-de-salud-4-850x500-1-150x150.jpeg",150,150,true],"full":["https:\/\/elregionaldigital.info\/wp-content\/uploads\/2026\/01\/DIF-001-2026.-Fortalece-DIF-Tamaulipas-la-atencion-a-personas-adultas-mayores-con-brigadas-de-salud-4-850x500-1.jpeg",850,500,false]},"categories_names":{"2":{"name":"Tamaulipas","link":"https:\/\/elregionaldigital.info\/?cat=2"}},"tags_names":[],"comments_number":"0","wpmagazine_modules_lite_featured_media_urls":{"thumbnail":["https:\/\/elregionaldigital.info\/wp-content\/uploads\/2026\/01\/DIF-001-2026.-Fortalece-DIF-Tamaulipas-la-atencion-a-personas-adultas-mayores-con-brigadas-de-salud-4-850x500-1-150x150.jpeg",150,150,true],"cvmm-medium":["https:\/\/elregionaldigital.info\/wp-content\/uploads\/2026\/01\/DIF-001-2026.-Fortalece-DIF-Tamaulipas-la-atencion-a-personas-adultas-mayores-con-brigadas-de-salud-4-850x500-1-300x300.jpeg",300,300,true],"cvmm-medium-plus":["https:\/\/elregionaldigital.info\/wp-content\/uploads\/2026\/01\/DIF-001-2026.-Fortalece-DIF-Tamaulipas-la-atencion-a-personas-adultas-mayores-con-brigadas-de-salud-4-850x500-1-305x207.jpeg",305,207,true],"cvmm-portrait":["https:\/\/elregionaldigital.info\/wp-content\/uploads\/2026\/01\/DIF-001-2026.-Fortalece-DIF-Tamaulipas-la-atencion-a-personas-adultas-mayores-con-brigadas-de-salud-4-850x500-1-400x500.jpeg",400,500,true],"cvmm-medium-square":["https:\/\/elregionaldigital.info\/wp-content\/uploads\/2026\/01\/DIF-001-2026.-Fortalece-DIF-Tamaulipas-la-atencion-a-personas-adultas-mayores-con-brigadas-de-salud-4-850x500-1-600x500.jpeg",600,500,true],"cvmm-large":["https:\/\/elregionaldigital.info\/wp-content\/uploads\/2026\/01\/DIF-001-2026.-Fortalece-DIF-Tamaulipas-la-atencion-a-personas-adultas-mayores-con-brigadas-de-salud-4-850x500-1.jpeg",850,500,false],"cvmm-small":["https:\/\/elregionaldigital.info\/wp-content\/uploads\/2026\/01\/DIF-001-2026.-Fortalece-DIF-Tamaulipas-la-atencion-a-personas-adultas-mayores-con-brigadas-de-salud-4-850x500-1-130x95.jpeg",130,95,true],"full":["https:\/\/elregionaldigital.info\/wp-content\/uploads\/2026\/01\/DIF-001-2026.-Fortalece-DIF-Tamaulipas-la-atencion-a-personas-adultas-mayores-con-brigadas-de-salud-4-850x500-1.jpeg",850,500,false]},"_links":{"self":[{"href":"https:\/\/elregionaldigital.info\/index.php?rest_route=\/wp\/v2\/posts\/5938","targetHints":{"allow":["GET"]}}],"collection":[{"href":"https:\/\/elregionaldigital.info\/index.php?rest_route=\/wp\/v2\/posts"}],"about":[{"href":"https:\/\/elregionaldigital.info\/index.php?rest_route=\/wp\/v2\/types\/post"}],"author":[{"embeddable":true,"href":"https:\/\/elregionaldigital.info\/index.php?rest_route=\/wp\/v2\/users\/1"}],"replies":[{"embeddable":true,"href":"https:\/\/elregionaldigital.info\/index.php?rest_route=%2Fwp%2Fv2%2Fcomments&post=5938"}],"version-history":[{"count":1,"href":"https:\/\/elregionaldigital.info\/index.php?rest_route=\/wp\/v2\/posts\/5938\/revisions"}],"predecessor-version":[{"id":5940,"href":"https:\/\/elregionaldigital.info\/index.php?rest_route=\/wp\/v2\/posts\/5938\/revisions\/5940"}],"wp:featuredmedia":[{"embeddable":true,"href":"https:\/\/elregionaldigital.info\/index.php?rest_route=\/wp\/v2\/media\/5939"}],"wp:attachment":[{"href":"https:\/\/elregionaldigital.info\/index.php?rest_route=%2Fwp%2Fv2%2Fmedia&parent=5938"}],"wp:term":[{"taxonomy":"category","embeddable":true,"href":"https:\/\/elregionaldigital.info\/index.php?rest_route=%2Fwp%2Fv2%2Fcategories&post=5938"},{"taxonomy":"post_tag","embeddable":true,"href":"https:\/\/elregionaldigital.info\/index.php?rest_route=%2Fwp%2Fv2%2Ftags&post=5938"}],"curies":[{"name":"wp","href":"https:\/\/api.w.org\/{rel}","templated":true}]}}