{"id":593,"date":"2022-10-16T22:06:00","date_gmt":"2022-10-16T22:06:00","guid":{"rendered":"http:\/\/elregionaldigital.info\/?p=593"},"modified":"2022-10-17T13:12:31","modified_gmt":"2022-10-17T13:12:31","slug":"liga-mx-chivas-del-guadalajara-cesa-a-su-director-tecnico-ricardo-cadena","status":"publish","type":"post","link":"https:\/\/elregionaldigital.info\/?p=593","title":{"rendered":"Liga MX: Chivas del Guadalajara cesa a su director t\u00e9cnico Ricardo Cadena"},"content":{"rendered":"\n<figure class=\"wp-block-image size-large\"><img loading=\"lazy\" decoding=\"async\" width=\"1024\" height=\"631\" src=\"http:\/\/elregionaldigital.info\/wp-content\/uploads\/2022\/10\/imago-1224943-crop1657768634078-jpg-242310155-1665973951783-1024x631.webp\" alt=\"\" class=\"wp-image-594\" srcset=\"https:\/\/elregionaldigital.info\/wp-content\/uploads\/2022\/10\/imago-1224943-crop1657768634078-jpg-242310155-1665973951783-1024x631.webp 1024w, https:\/\/elregionaldigital.info\/wp-content\/uploads\/2022\/10\/imago-1224943-crop1657768634078-jpg-242310155-1665973951783-300x185.webp 300w, https:\/\/elregionaldigital.info\/wp-content\/uploads\/2022\/10\/imago-1224943-crop1657768634078-jpg-242310155-1665973951783-768x474.webp 768w, https:\/\/elregionaldigital.info\/wp-content\/uploads\/2022\/10\/imago-1224943-crop1657768634078-jpg-242310155-1665973951783.webp 1200w\" sizes=\"auto, (max-width: 1024px) 100vw, 1024px\" \/><\/figure>\n\n\n\n<p>Luego de ser eliminadas del Torneo Apertura 2022 de la Liga MX, las Chivas del Guadalajara anunciaron el cese de su director t\u00e9cnico.<\/p>\n\n\n\n<p>Tras su eliminaci\u00f3n del&nbsp;<strong>Torneo Apertura 2022 de la Liga MX<\/strong>, las&nbsp;<a href=\"https:\/\/www.elfinanciero.com.mx\/deportes\/2022\/10\/06\/chivas-jugadores-son-captados-en-concierto-de-christian-nodal-a-dias-del-repechaje-ante-puebla\/\" target=\"_blank\" rel=\"noreferrer noopener\"><strong>Chivas del Guadalajara<\/strong>&nbsp;<\/a>no solo van a estrenar Director Deportivo en la figura de&nbsp;<strong>Fernando Hierro<\/strong>, sino que tambi\u00e9n tendr\u00e1n nuevo director t\u00e9cnico.<\/p>\n\n\n\n<p>El equipo de Guadalajara anunci\u00f3 el<strong>&nbsp;cese de Ricardo Cadena<\/strong>&nbsp;y de su cuerpo t\u00e9cnico al frente del primer equipo la noche de este domingo 16 de octubre.<\/p>\n\n\n\n<p>\u201cComo parte del proyecto del club para 2023, que incluye un nuevo Director Deportivo y varios ajustes en distintos niveles, el Club Guadalajara informa que se determin\u00f3 que Ricardo Cadena y su cuerpo t\u00e9cnico dejen de ser los encargados de dirigir al Primer Equipo\u201d, anunci\u00f3 el equipo en un comunicado de prensa.<\/p>\n\n\n\n<p>En el breve comunicado,\u00a0<strong>Chivas agradeci\u00f3 el profesionalismo y la entrega mostrada por Ricardo Cadena<\/strong>\u00a0y de su equipo de trabajo durante los seis meses que estuvieron el frente del \u2018Reba\u00f1o Sagrado\u2019.<\/p>\n\n\n\n<p>Hasta la noche de este domingo,&nbsp;<strong>las Chivas no han anunciado qui\u00e9n ser\u00e1 el responsable de dirigir las riendas del club en la parte t\u00e9cnica<\/strong>.<\/p>\n\n\n\n<p>Adem\u00e1s, no se ha dado a conocer la lista de jugadores que estar\u00e1n en calidad de transferibles, ni las bajas o refuerzos de cara a la pr\u00f3xima temporada.<\/p>\n\n\n\n<p>\u201cUna vez que se nombre al responsable del nuevo proyecto, y conforme tome decisiones, se anunciar\u00e1n todos los ajustes tanto del nuevo DT, como las bajas y refuerzos para delinear la plantilla con la que encararemos el pr\u00f3ximo a\u00f1o\u201d, se\u00f1al\u00f3 el equipo mexicano en su comunicado.<\/p>\n\n\n\n<h2 class=\"wp-block-heading\"><strong>Fernando Hierro ser\u00e1 el nuevo Director Deportivo de Chivas<\/strong><\/h2>\n\n\n\n<p><a href=\"https:\/\/www.elfinanciero.com.mx\/deportes\/2022\/10\/11\/ricardo-pelaez-sale-de-chivas-deja-su-cargo-como-director-deportivo\/\" target=\"_blank\" rel=\"noreferrer noopener\"><strong>Ricardo Pel\u00e1ez&nbsp;<\/strong><\/a>dej\u00f3 el cargo como Director Deportivo tras la&nbsp;<strong>eliminaci\u00f3n del equipo en la fase de repechaje con el Puebla<\/strong>.<\/p>\n\n\n\n<p>Tras la dimisi\u00f3n se inform\u00f3 que el conjunto rojiblanco ya tendr\u00eda un acuerdo con el hombre que lo reemplazar\u00e1: el&nbsp;<strong>espa\u00f1ol&nbsp;<\/strong><a href=\"https:\/\/www.elfinanciero.com.mx\/deportes\/2022\/10\/15\/fernando-hierro-seria-el-nuevo-director-deportivo-de-chivas-en-sustitucion-de-ricardo-pelaez\/\" target=\"_blank\" rel=\"noreferrer noopener\"><strong>Fernando Hierro<\/strong><\/a>.<\/p>\n\n\n\n<p>De acuerdo con&nbsp;<em>Fox Sports M\u00e9xico<\/em>, el exfutbolista espa\u00f1ol ya cerr\u00f3 un acuerdo, por lo que ser\u00e1 presentado esta semana con el plantel.<\/p>\n\n\n\n<p>Seg\u00fan el comunicado de este domingo, el nuevo director deportivo decidir\u00e1 qui\u00e9n se desempe\u00f1ar\u00e1 como el nuevo entrenador del Guadalajara.<\/p>\n\n\n\n<h2 class=\"wp-block-heading\"><strong>\u00bfQui\u00e9n es Fernando Hierro?<\/strong><\/h2>\n\n\n\n<p>El<strong>&nbsp;exjugador espa\u00f1ol integr\u00f3 las filas del Valladolid en 1987<\/strong>; sin embargo, es m\u00e1s recordado por su paso como jugador y figura del<strong>&nbsp;Real Madrid<\/strong>, equipo con el que particip\u00f3 desde 1989 y hasta 2003. En ese periodo,&nbsp;<strong>Fernando Hierro conquist\u00f3 en tres ocasiones la Champions League<\/strong>, cuatro t\u00edtulos de liga, cuatro de Supercopas de Espa\u00f1a y dos Copas Intercontinentales.<\/p>\n\n\n\n<p>Una vez que concluy\u00f3 su etapa como jugador profesional, Fernando Hierro fue auxiliar en el cuerpo t\u00e9cnico de Carlo Ancelotti con los merengues entre 2014 y 2015. Posteriormente, entre 2016 y 2017, se desempe\u00f1\u00f3 como el director t\u00e9cnico de Real Oviedo.<\/p>\n\n\n\n<p>Como directivo, el espa\u00f1ol ya tiene experiencia como director deportivo , puesto que ocup\u00f3 ese cargo en en la Real Federaci\u00f3n Espa\u00f1ola de F\u00fatbol y con el M\u00e1laga.<\/p>\n","protected":false},"excerpt":{"rendered":"<p>Luego de ser eliminadas del Torneo Apertura 2022 de la Liga MX, las Chivas del Guadalajara anunciaron el cese de su director t\u00e9cnico. Tras su eliminaci\u00f3n del&nbsp;Torneo Apertura 2022 de la Liga MX, las&nbsp;Chivas del Guadalajara&nbsp;no solo van a estrenar Director Deportivo en la figura de&nbsp;Fernando Hierro, sino que tambi\u00e9n tendr\u00e1n nuevo director t\u00e9cnico. El [&hellip;]<\/p>\n","protected":false},"author":1,"featured_media":594,"comment_status":"open","ping_status":"open","sticky":false,"template":"","format":"standard","meta":{"footnotes":""},"categories":[6],"tags":[],"class_list":["post-593","post","type-post","status-publish","format-standard","has-post-thumbnail","hentry","category-deportes"],"blog_post_layout_featured_media_urls":{"thumbnail":["https:\/\/elregionaldigital.info\/wp-content\/uploads\/2022\/10\/imago-1224943-crop1657768634078-jpg-242310155-1665973951783-150x150.webp",150,150,true],"full":["https:\/\/elregionaldigital.info\/wp-content\/uploads\/2022\/10\/imago-1224943-crop1657768634078-jpg-242310155-1665973951783.webp",1200,740,false]},"categories_names":{"6":{"name":"Deportes","link":"https:\/\/elregionaldigital.info\/?cat=6"}},"tags_names":[],"comments_number":"0","wpmagazine_modules_lite_featured_media_urls":{"thumbnail":["https:\/\/elregionaldigital.info\/wp-content\/uploads\/2022\/10\/imago-1224943-crop1657768634078-jpg-242310155-1665973951783-150x150.webp",150,150,true],"cvmm-medium":["https:\/\/elregionaldigital.info\/wp-content\/uploads\/2022\/10\/imago-1224943-crop1657768634078-jpg-242310155-1665973951783-300x300.webp",300,300,true],"cvmm-medium-plus":["https:\/\/elregionaldigital.info\/wp-content\/uploads\/2022\/10\/imago-1224943-crop1657768634078-jpg-242310155-1665973951783-305x207.webp",305,207,true],"cvmm-portrait":["https:\/\/elregionaldigital.info\/wp-content\/uploads\/2022\/10\/imago-1224943-crop1657768634078-jpg-242310155-1665973951783-400x600.webp",400,600,true],"cvmm-medium-square":["https:\/\/elregionaldigital.info\/wp-content\/uploads\/2022\/10\/imago-1224943-crop1657768634078-jpg-242310155-1665973951783-600x600.webp",600,600,true],"cvmm-large":["https:\/\/elregionaldigital.info\/wp-content\/uploads\/2022\/10\/imago-1224943-crop1657768634078-jpg-242310155-1665973951783-1024x740.webp",1024,740,true],"cvmm-small":["https:\/\/elregionaldigital.info\/wp-content\/uploads\/2022\/10\/imago-1224943-crop1657768634078-jpg-242310155-1665973951783-130x95.webp",130,95,true],"full":["https:\/\/elregionaldigital.info\/wp-content\/uploads\/2022\/10\/imago-1224943-crop1657768634078-jpg-242310155-1665973951783.webp",1200,740,false]},"_links":{"self":[{"href":"https:\/\/elregionaldigital.info\/index.php?rest_route=\/wp\/v2\/posts\/593","targetHints":{"allow":["GET"]}}],"collection":[{"href":"https:\/\/elregionaldigital.info\/index.php?rest_route=\/wp\/v2\/posts"}],"about":[{"href":"https:\/\/elregionaldigital.info\/index.php?rest_route=\/wp\/v2\/types\/post"}],"author":[{"embeddable":true,"href":"https:\/\/elregionaldigital.info\/index.php?rest_route=\/wp\/v2\/users\/1"}],"replies":[{"embeddable":true,"href":"https:\/\/elregionaldigital.info\/index.php?rest_route=%2Fwp%2Fv2%2Fcomments&post=593"}],"version-history":[{"count":1,"href":"https:\/\/elregionaldigital.info\/index.php?rest_route=\/wp\/v2\/posts\/593\/revisions"}],"predecessor-version":[{"id":595,"href":"https:\/\/elregionaldigital.info\/index.php?rest_route=\/wp\/v2\/posts\/593\/revisions\/595"}],"wp:featuredmedia":[{"embeddable":true,"href":"https:\/\/elregionaldigital.info\/index.php?rest_route=\/wp\/v2\/media\/594"}],"wp:attachment":[{"href":"https:\/\/elregionaldigital.info\/index.php?rest_route=%2Fwp%2Fv2%2Fmedia&parent=593"}],"wp:term":[{"taxonomy":"category","embeddable":true,"href":"https:\/\/elregionaldigital.info\/index.php?rest_route=%2Fwp%2Fv2%2Fcategories&post=593"},{"taxonomy":"post_tag","embeddable":true,"href":"https:\/\/elregionaldigital.info\/index.php?rest_route=%2Fwp%2Fv2%2Ftags&post=593"}],"curies":[{"name":"wp","href":"https:\/\/api.w.org\/{rel}","templated":true}]}}