{"id":5922,"date":"2025-12-17T17:34:40","date_gmt":"2025-12-17T17:34:40","guid":{"rendered":"https:\/\/elregionaldigital.info\/?p=5922"},"modified":"2026-01-20T17:37:16","modified_gmt":"2026-01-20T17:37:16","slug":"vinculan-a-proceso-a-jacobo-n-por-delincuencia-organizada-y-trafico-de-armas-e-hidrocarburos","status":"publish","type":"post","link":"https:\/\/elregionaldigital.info\/?p=5922","title":{"rendered":"Vinculan a proceso a Jacobo \u201cN\u201d por delincuencia organizada y tr\u00e1fico de armas e hidrocarburos"},"content":{"rendered":"\n<p>diciembre 17, 2025<\/p>\n\n\n\n<p>La&nbsp;<strong>Fiscal\u00eda General de la Rep\u00fablica (FGR)<\/strong>&nbsp;inform\u00f3 que un juez federal vincul\u00f3 a proceso a&nbsp;<strong>Jacobo \u201cN\u201d<\/strong>&nbsp;por su presunta participaci\u00f3n en delincuencia organizada, relacionada con el tr\u00e1fico de armas de fuego e hidrocarburos, con el agravante correspondiente.<\/p>\n\n\n\n<p>Durante la audiencia inicial, la&nbsp;<strong>Fiscal\u00eda Especializada en materia de Delincuencia Organizada<\/strong>&nbsp;present\u00f3 los elementos de prueba que sustentaron la decisi\u00f3n judicial, adem\u00e1s de la imposici\u00f3n de prisi\u00f3n preventiva oficiosa.<\/p>\n\n\n\n<p>Como resultado, el imputado fue ingresado al&nbsp;<strong>Centro Federal de Readaptaci\u00f3n Social N\u00famero 1, Altiplano<\/strong>, donde permanecer\u00e1 mientras se desarrolla el proceso penal. De acuerdo con la&nbsp;<strong>FGR,<\/strong>&nbsp;el caso forma parte de las investigaciones federales para combatir estructuras criminales dedicadas a delitos de alto impacto.<\/p>\n\n\n\n<blockquote class=\"wp-block-quote is-layout-flow wp-block-quote-is-layout-flow\">\n<p>\u201cLa autoridad judicial consider\u00f3 suficientes los datos de prueba presentados para dictar la vinculaci\u00f3n a proceso y ordenar la medida cautelar\u201d, se\u00f1al\u00f3 la Fiscal\u00eda en un comunicado.<\/p>\n<\/blockquote>\n\n\n\n<p>La&nbsp;<strong>FGR<\/strong>&nbsp;reiter\u00f3 que&nbsp;<strong>Jacobo \u201cN\u201d<\/strong>&nbsp;debe ser considerado inocente hasta que exista una sentencia condenatoria emitida por la autoridad judicial competente.<\/p>\n\n\n\n<figure class=\"wp-block-image size-large\"><img loading=\"lazy\" decoding=\"async\" width=\"1024\" height=\"631\" src=\"https:\/\/elregionaldigital.info\/wp-content\/uploads\/2026\/01\/image-9-1024x631.png\" alt=\"\" class=\"wp-image-5923\" srcset=\"https:\/\/elregionaldigital.info\/wp-content\/uploads\/2026\/01\/image-9-1024x631.png 1024w, https:\/\/elregionaldigital.info\/wp-content\/uploads\/2026\/01\/image-9-300x185.png 300w, https:\/\/elregionaldigital.info\/wp-content\/uploads\/2026\/01\/image-9-768x474.png 768w, https:\/\/elregionaldigital.info\/wp-content\/uploads\/2026\/01\/image-9.png 1200w\" sizes=\"auto, (max-width: 1024px) 100vw, 1024px\" \/><\/figure>\n","protected":false},"excerpt":{"rendered":"<p>diciembre 17, 2025 La&nbsp;Fiscal\u00eda General de la Rep\u00fablica (FGR)&nbsp;inform\u00f3 que un juez federal vincul\u00f3 a proceso a&nbsp;Jacobo \u201cN\u201d&nbsp;por su presunta participaci\u00f3n en delincuencia organizada, relacionada con el tr\u00e1fico de armas de fuego e hidrocarburos, con el agravante correspondiente. Durante la audiencia inicial, la&nbsp;Fiscal\u00eda Especializada en materia de Delincuencia Organizada&nbsp;present\u00f3 los elementos de prueba que sustentaron [&hellip;]<\/p>\n","protected":false},"author":1,"featured_media":5923,"comment_status":"open","ping_status":"open","sticky":false,"template":"","format":"standard","meta":{"footnotes":""},"categories":[5],"tags":[],"class_list":["post-5922","post","type-post","status-publish","format-standard","has-post-thumbnail","hentry","category-nacional"],"blog_post_layout_featured_media_urls":{"thumbnail":["https:\/\/elregionaldigital.info\/wp-content\/uploads\/2026\/01\/image-9-150x150.png",150,150,true],"full":["https:\/\/elregionaldigital.info\/wp-content\/uploads\/2026\/01\/image-9.png",1200,740,false]},"categories_names":{"5":{"name":"Nacional","link":"https:\/\/elregionaldigital.info\/?cat=5"}},"tags_names":[],"comments_number":"0","wpmagazine_modules_lite_featured_media_urls":{"thumbnail":["https:\/\/elregionaldigital.info\/wp-content\/uploads\/2026\/01\/image-9-150x150.png",150,150,true],"cvmm-medium":["https:\/\/elregionaldigital.info\/wp-content\/uploads\/2026\/01\/image-9-300x300.png",300,300,true],"cvmm-medium-plus":["https:\/\/elregionaldigital.info\/wp-content\/uploads\/2026\/01\/image-9-305x207.png",305,207,true],"cvmm-portrait":["https:\/\/elregionaldigital.info\/wp-content\/uploads\/2026\/01\/image-9-400x600.png",400,600,true],"cvmm-medium-square":["https:\/\/elregionaldigital.info\/wp-content\/uploads\/2026\/01\/image-9-600x600.png",600,600,true],"cvmm-large":["https:\/\/elregionaldigital.info\/wp-content\/uploads\/2026\/01\/image-9-1024x740.png",1024,740,true],"cvmm-small":["https:\/\/elregionaldigital.info\/wp-content\/uploads\/2026\/01\/image-9-130x95.png",130,95,true],"full":["https:\/\/elregionaldigital.info\/wp-content\/uploads\/2026\/01\/image-9.png",1200,740,false]},"_links":{"self":[{"href":"https:\/\/elregionaldigital.info\/index.php?rest_route=\/wp\/v2\/posts\/5922","targetHints":{"allow":["GET"]}}],"collection":[{"href":"https:\/\/elregionaldigital.info\/index.php?rest_route=\/wp\/v2\/posts"}],"about":[{"href":"https:\/\/elregionaldigital.info\/index.php?rest_route=\/wp\/v2\/types\/post"}],"author":[{"embeddable":true,"href":"https:\/\/elregionaldigital.info\/index.php?rest_route=\/wp\/v2\/users\/1"}],"replies":[{"embeddable":true,"href":"https:\/\/elregionaldigital.info\/index.php?rest_route=%2Fwp%2Fv2%2Fcomments&post=5922"}],"version-history":[{"count":1,"href":"https:\/\/elregionaldigital.info\/index.php?rest_route=\/wp\/v2\/posts\/5922\/revisions"}],"predecessor-version":[{"id":5924,"href":"https:\/\/elregionaldigital.info\/index.php?rest_route=\/wp\/v2\/posts\/5922\/revisions\/5924"}],"wp:featuredmedia":[{"embeddable":true,"href":"https:\/\/elregionaldigital.info\/index.php?rest_route=\/wp\/v2\/media\/5923"}],"wp:attachment":[{"href":"https:\/\/elregionaldigital.info\/index.php?rest_route=%2Fwp%2Fv2%2Fmedia&parent=5922"}],"wp:term":[{"taxonomy":"category","embeddable":true,"href":"https:\/\/elregionaldigital.info\/index.php?rest_route=%2Fwp%2Fv2%2Fcategories&post=5922"},{"taxonomy":"post_tag","embeddable":true,"href":"https:\/\/elregionaldigital.info\/index.php?rest_route=%2Fwp%2Fv2%2Ftags&post=5922"}],"curies":[{"name":"wp","href":"https:\/\/api.w.org\/{rel}","templated":true}]}}