{"id":5919,"date":"2025-12-20T17:32:47","date_gmt":"2025-12-20T17:32:47","guid":{"rendered":"https:\/\/elregionaldigital.info\/?p=5919"},"modified":"2026-01-20T17:34:35","modified_gmt":"2026-01-20T17:34:35","slug":"tren-interoceanico-choca-con-trailer-en-pichucalco-chiapas","status":"publish","type":"post","link":"https:\/\/elregionaldigital.info\/?p=5919","title":{"rendered":"Tren Interoce\u00e1nico choca con tr\u00e1iler en Pichucalco, Chiapas"},"content":{"rendered":"\n<p>diciembre 20, 2025<\/p>\n\n\n\n<p>En el municipio de<strong>&nbsp;Pichucalco, Chiapas<\/strong>, un&nbsp;<strong>tr\u00e1iler<\/strong>&nbsp;intent\u00f3 ganarle el paso al&nbsp;<strong>Tren&nbsp;<\/strong><strong>Interoce\u00e1nico<\/strong>, lo que provoc\u00f3&nbsp;provoc\u00f3 una&nbsp;<strong>colisi\u00f3n<\/strong>&nbsp;la ma\u00f1ana de este s\u00e1bado 20 de diciembre de 2025.<\/p>\n\n\n\n<p>Medios locales detallaron que el hecho ocurri\u00f3 aproximadamente a las 9:45 h en la comunidad de Cardona.<\/p>\n\n\n\n<p>\u201cAfortunadamente, ninguno de los 148 pasajeros que viajaban en el tren ni la tripulaci\u00f3n reportan alg\u00fan tipo de lesiones, y&nbsp;no se registran p\u00e9rdidas humanas\u201d, explic\u00f3 el Tren Interoce\u00e1nico en un comunicado.<\/p>\n\n\n\n<p>Testigos de los hechos contaron que el conductor del tr\u00e1iler crey\u00f3 poder cruzar antes de que pasara el tren, por lo que se atraves\u00f3 en las v\u00edas y provoc\u00f3 el impacto.<\/p>\n\n\n\n<p>Elementos de&nbsp;seguridad municipal&nbsp;y&nbsp;Protecci\u00f3n Civil acudieron a dicha zona de Pichucalco, Chiapas, para atender este choque.<\/p>\n\n\n\n<p>El choque provoc\u00f3 que la m\u00e1quina delantera del Tren Interoce\u00e1nico resultara con da\u00f1os, lo que deriv\u00f3 a activar el plan de contingencia, que incluy\u00f3 el env\u00edo de otro tren y autobuses para trasladar a los pasajeros a sus respectivos destinos.<\/p>\n\n\n\n<p>Autoridades federales y de Chiapas reiteraron el llamado a extremar precauciones al cruzar v\u00edas f\u00e9rreas.<\/p>\n\n\n\n<figure class=\"wp-block-image size-large\"><img loading=\"lazy\" decoding=\"async\" width=\"1024\" height=\"683\" src=\"https:\/\/elregionaldigital.info\/wp-content\/uploads\/2026\/01\/image-8-1024x683.png\" alt=\"\" class=\"wp-image-5920\" srcset=\"https:\/\/elregionaldigital.info\/wp-content\/uploads\/2026\/01\/image-8-1024x683.png 1024w, https:\/\/elregionaldigital.info\/wp-content\/uploads\/2026\/01\/image-8-300x200.png 300w, https:\/\/elregionaldigital.info\/wp-content\/uploads\/2026\/01\/image-8-768x512.png 768w, https:\/\/elregionaldigital.info\/wp-content\/uploads\/2026\/01\/image-8-1536x1024.png 1536w, https:\/\/elregionaldigital.info\/wp-content\/uploads\/2026\/01\/image-8.png 1920w\" sizes=\"auto, (max-width: 1024px) 100vw, 1024px\" \/><\/figure>\n","protected":false},"excerpt":{"rendered":"<p>diciembre 20, 2025 En el municipio de&nbsp;Pichucalco, Chiapas, un&nbsp;tr\u00e1iler&nbsp;intent\u00f3 ganarle el paso al&nbsp;Tren&nbsp;Interoce\u00e1nico, lo que provoc\u00f3&nbsp;provoc\u00f3 una&nbsp;colisi\u00f3n&nbsp;la ma\u00f1ana de este s\u00e1bado 20 de diciembre de 2025. Medios locales detallaron que el hecho ocurri\u00f3 aproximadamente a las 9:45 h en la comunidad de Cardona. \u201cAfortunadamente, ninguno de los 148 pasajeros que viajaban en el tren ni [&hellip;]<\/p>\n","protected":false},"author":1,"featured_media":5920,"comment_status":"open","ping_status":"open","sticky":false,"template":"","format":"standard","meta":{"footnotes":""},"categories":[5],"tags":[],"class_list":["post-5919","post","type-post","status-publish","format-standard","has-post-thumbnail","hentry","category-nacional"],"blog_post_layout_featured_media_urls":{"thumbnail":["https:\/\/elregionaldigital.info\/wp-content\/uploads\/2026\/01\/image-8-150x150.png",150,150,true],"full":["https:\/\/elregionaldigital.info\/wp-content\/uploads\/2026\/01\/image-8.png",1920,1280,false]},"categories_names":{"5":{"name":"Nacional","link":"https:\/\/elregionaldigital.info\/?cat=5"}},"tags_names":[],"comments_number":"0","wpmagazine_modules_lite_featured_media_urls":{"thumbnail":["https:\/\/elregionaldigital.info\/wp-content\/uploads\/2026\/01\/image-8-150x150.png",150,150,true],"cvmm-medium":["https:\/\/elregionaldigital.info\/wp-content\/uploads\/2026\/01\/image-8-300x300.png",300,300,true],"cvmm-medium-plus":["https:\/\/elregionaldigital.info\/wp-content\/uploads\/2026\/01\/image-8-305x207.png",305,207,true],"cvmm-portrait":["https:\/\/elregionaldigital.info\/wp-content\/uploads\/2026\/01\/image-8-400x600.png",400,600,true],"cvmm-medium-square":["https:\/\/elregionaldigital.info\/wp-content\/uploads\/2026\/01\/image-8-600x600.png",600,600,true],"cvmm-large":["https:\/\/elregionaldigital.info\/wp-content\/uploads\/2026\/01\/image-8-1024x1024.png",1024,1024,true],"cvmm-small":["https:\/\/elregionaldigital.info\/wp-content\/uploads\/2026\/01\/image-8-130x95.png",130,95,true],"full":["https:\/\/elregionaldigital.info\/wp-content\/uploads\/2026\/01\/image-8.png",1920,1280,false]},"_links":{"self":[{"href":"https:\/\/elregionaldigital.info\/index.php?rest_route=\/wp\/v2\/posts\/5919","targetHints":{"allow":["GET"]}}],"collection":[{"href":"https:\/\/elregionaldigital.info\/index.php?rest_route=\/wp\/v2\/posts"}],"about":[{"href":"https:\/\/elregionaldigital.info\/index.php?rest_route=\/wp\/v2\/types\/post"}],"author":[{"embeddable":true,"href":"https:\/\/elregionaldigital.info\/index.php?rest_route=\/wp\/v2\/users\/1"}],"replies":[{"embeddable":true,"href":"https:\/\/elregionaldigital.info\/index.php?rest_route=%2Fwp%2Fv2%2Fcomments&post=5919"}],"version-history":[{"count":1,"href":"https:\/\/elregionaldigital.info\/index.php?rest_route=\/wp\/v2\/posts\/5919\/revisions"}],"predecessor-version":[{"id":5921,"href":"https:\/\/elregionaldigital.info\/index.php?rest_route=\/wp\/v2\/posts\/5919\/revisions\/5921"}],"wp:featuredmedia":[{"embeddable":true,"href":"https:\/\/elregionaldigital.info\/index.php?rest_route=\/wp\/v2\/media\/5920"}],"wp:attachment":[{"href":"https:\/\/elregionaldigital.info\/index.php?rest_route=%2Fwp%2Fv2%2Fmedia&parent=5919"}],"wp:term":[{"taxonomy":"category","embeddable":true,"href":"https:\/\/elregionaldigital.info\/index.php?rest_route=%2Fwp%2Fv2%2Fcategories&post=5919"},{"taxonomy":"post_tag","embeddable":true,"href":"https:\/\/elregionaldigital.info\/index.php?rest_route=%2Fwp%2Fv2%2Ftags&post=5919"}],"curies":[{"name":"wp","href":"https:\/\/api.w.org\/{rel}","templated":true}]}}