{"id":5913,"date":"2025-12-26T17:28:41","date_gmt":"2025-12-26T17:28:41","guid":{"rendered":"https:\/\/elregionaldigital.info\/?p=5913"},"modified":"2026-01-20T17:30:25","modified_gmt":"2026-01-20T17:30:25","slug":"estado-de-mexico-suspende-la-fase-i-de-contingencia-ambiental","status":"publish","type":"post","link":"https:\/\/elregionaldigital.info\/?p=5913","title":{"rendered":"Estado de M\u00e9xico suspende la Fase I de Contingencia Ambiental"},"content":{"rendered":"\n<p>diciembre 26, 2025<\/p>\n\n\n\n<p>Autoridades del<strong>\u00a0Estado de M\u00e9xico<\/strong>\u00a0(<strong>Edomex<\/strong>)\u00a0<strong>suspendieron<\/strong>\u00a0este viernes 16 de diciembre de 2025 la\u00a0<strong>Fase I de Contingencia Ambiental<\/strong>, la cual cual hab\u00eda sido declarada en la previa por la alta presencia de contaminantes en el aire.<\/p>\n\n\n\n<p>Lo anterior fue detallado en un comunicado divulgado en las redes sociales por la\u00a0<strong>Secretar\u00eda de Medio Ambiente\u00a0del Edomex.<\/strong><\/p>\n\n\n\n<p>\u201cEl Gobierno del Estado de M\u00e9xico, a trav\u00e9s de la Secretar\u00eda del Medio Ambiente y Desarrollo Sostenible informa la suspensi\u00f3n de acciones y medidas de la Fase I de Contingencia Ambiental Atmosf\u00e9rica, quedan las correspondientes a la Fase Alerta por part\u00edculas en las Zonas Metropolitanas del Valle de Toluca (ZMVT) y Santiago Tianguistenco (ZMST)\u201d, apunt\u00f3.<\/p>\n\n\n\n<p>\u201cLo anterior, en virtud de que a las 10:00 horas se registraron valores m\u00e1ximos de 42 y 37 microgramos por metro c\u00fabico (\u00b5g\/m3) de part\u00edculas PM2.5, en las estaciones de Xonacatl\u00e1n y Calimaya, en los municipios del mismo nombre\u201d, recalc\u00f3.<\/p>\n\n\n\n<p>La dependencia del Gobierno del Estado de M\u00e9xico estim\u00f3 para este vbiernes 26 de diciembre que existan condiciones meteorol\u00f3gicas en la atm\u00f3sfera que permitir\u00e1n una mejor\u00eda en la calidad del aire.<\/p>\n\n\n\n<p>Se exhorta\u00f3 a la poblaci\u00f3n mexiquense a continuar con acciones que permitan la reducci\u00f3n de emisiones contaminantes, sobre todo evitar la quema de juegos pirot\u00e9cnicos, le\u00f1a, fogatas y llantas; disminuir el uso de autom\u00f3vil, y tomar medidas para reducir la contaminaci\u00f3n del aire, por parte de industrias, comercios, servicios y en el hogar.<\/p>\n\n\n\n<p>La Secretar\u00eda del Medio Ambiente y Desarrollo Sostenible dijo es\u00a1tar atenta a la calidad del aire en la Zona Metropolitana del Valle de Toluca y la Zona Metropolitana de Santiago Tianguistenco.<\/p>\n\n\n\n<p>No obstante, la dependencia estatal sugiere estar pendientes sobre la calidad del aire, as\u00ed como del programa en\u00a0https:\/\/rama.edomex.gob.mx\/calidaddelaire\u00a0y\u00a0http:\/\/proaire.edomex.gob.mx\/bibliografia.<\/p>\n\n\n\n<figure class=\"wp-block-image size-large\"><img loading=\"lazy\" decoding=\"async\" width=\"1024\" height=\"683\" src=\"https:\/\/elregionaldigital.info\/wp-content\/uploads\/2026\/01\/image-6-1024x683.png\" alt=\"\" class=\"wp-image-5914\" srcset=\"https:\/\/elregionaldigital.info\/wp-content\/uploads\/2026\/01\/image-6-1024x683.png 1024w, https:\/\/elregionaldigital.info\/wp-content\/uploads\/2026\/01\/image-6-300x200.png 300w, https:\/\/elregionaldigital.info\/wp-content\/uploads\/2026\/01\/image-6-768x512.png 768w, https:\/\/elregionaldigital.info\/wp-content\/uploads\/2026\/01\/image-6-1536x1024.png 1536w, https:\/\/elregionaldigital.info\/wp-content\/uploads\/2026\/01\/image-6.png 1920w\" sizes=\"auto, (max-width: 1024px) 100vw, 1024px\" \/><\/figure>\n","protected":false},"excerpt":{"rendered":"<p>diciembre 26, 2025 Autoridades del\u00a0Estado de M\u00e9xico\u00a0(Edomex)\u00a0suspendieron\u00a0este viernes 16 de diciembre de 2025 la\u00a0Fase I de Contingencia Ambiental, la cual cual hab\u00eda sido declarada en la previa por la alta presencia de contaminantes en el aire. Lo anterior fue detallado en un comunicado divulgado en las redes sociales por la\u00a0Secretar\u00eda de Medio Ambiente\u00a0del Edomex. \u201cEl [&hellip;]<\/p>\n","protected":false},"author":1,"featured_media":5914,"comment_status":"open","ping_status":"open","sticky":false,"template":"","format":"standard","meta":{"footnotes":""},"categories":[5],"tags":[],"class_list":["post-5913","post","type-post","status-publish","format-standard","has-post-thumbnail","hentry","category-nacional"],"blog_post_layout_featured_media_urls":{"thumbnail":["https:\/\/elregionaldigital.info\/wp-content\/uploads\/2026\/01\/image-6-150x150.png",150,150,true],"full":["https:\/\/elregionaldigital.info\/wp-content\/uploads\/2026\/01\/image-6.png",1920,1280,false]},"categories_names":{"5":{"name":"Nacional","link":"https:\/\/elregionaldigital.info\/?cat=5"}},"tags_names":[],"comments_number":"0","wpmagazine_modules_lite_featured_media_urls":{"thumbnail":["https:\/\/elregionaldigital.info\/wp-content\/uploads\/2026\/01\/image-6-150x150.png",150,150,true],"cvmm-medium":["https:\/\/elregionaldigital.info\/wp-content\/uploads\/2026\/01\/image-6-300x300.png",300,300,true],"cvmm-medium-plus":["https:\/\/elregionaldigital.info\/wp-content\/uploads\/2026\/01\/image-6-305x207.png",305,207,true],"cvmm-portrait":["https:\/\/elregionaldigital.info\/wp-content\/uploads\/2026\/01\/image-6-400x600.png",400,600,true],"cvmm-medium-square":["https:\/\/elregionaldigital.info\/wp-content\/uploads\/2026\/01\/image-6-600x600.png",600,600,true],"cvmm-large":["https:\/\/elregionaldigital.info\/wp-content\/uploads\/2026\/01\/image-6-1024x1024.png",1024,1024,true],"cvmm-small":["https:\/\/elregionaldigital.info\/wp-content\/uploads\/2026\/01\/image-6-130x95.png",130,95,true],"full":["https:\/\/elregionaldigital.info\/wp-content\/uploads\/2026\/01\/image-6.png",1920,1280,false]},"_links":{"self":[{"href":"https:\/\/elregionaldigital.info\/index.php?rest_route=\/wp\/v2\/posts\/5913","targetHints":{"allow":["GET"]}}],"collection":[{"href":"https:\/\/elregionaldigital.info\/index.php?rest_route=\/wp\/v2\/posts"}],"about":[{"href":"https:\/\/elregionaldigital.info\/index.php?rest_route=\/wp\/v2\/types\/post"}],"author":[{"embeddable":true,"href":"https:\/\/elregionaldigital.info\/index.php?rest_route=\/wp\/v2\/users\/1"}],"replies":[{"embeddable":true,"href":"https:\/\/elregionaldigital.info\/index.php?rest_route=%2Fwp%2Fv2%2Fcomments&post=5913"}],"version-history":[{"count":1,"href":"https:\/\/elregionaldigital.info\/index.php?rest_route=\/wp\/v2\/posts\/5913\/revisions"}],"predecessor-version":[{"id":5915,"href":"https:\/\/elregionaldigital.info\/index.php?rest_route=\/wp\/v2\/posts\/5913\/revisions\/5915"}],"wp:featuredmedia":[{"embeddable":true,"href":"https:\/\/elregionaldigital.info\/index.php?rest_route=\/wp\/v2\/media\/5914"}],"wp:attachment":[{"href":"https:\/\/elregionaldigital.info\/index.php?rest_route=%2Fwp%2Fv2%2Fmedia&parent=5913"}],"wp:term":[{"taxonomy":"category","embeddable":true,"href":"https:\/\/elregionaldigital.info\/index.php?rest_route=%2Fwp%2Fv2%2Fcategories&post=5913"},{"taxonomy":"post_tag","embeddable":true,"href":"https:\/\/elregionaldigital.info\/index.php?rest_route=%2Fwp%2Fv2%2Ftags&post=5913"}],"curies":[{"name":"wp","href":"https:\/\/api.w.org\/{rel}","templated":true}]}}