{"id":5907,"date":"2026-01-02T17:14:19","date_gmt":"2026-01-02T17:14:19","guid":{"rendered":"https:\/\/elregionaldigital.info\/?p=5907"},"modified":"2026-01-20T17:26:33","modified_gmt":"2026-01-20T17:26:33","slug":"godoy-nombra-a-ulises-lara-lopez-titular-de-la-fiscalia-especial-en-investigacion-de-asuntos-relevantes","status":"publish","type":"post","link":"https:\/\/elregionaldigital.info\/?p=5907","title":{"rendered":"Godoy nombra a Ulises Lara L\u00f3pez titular de la Fiscal\u00eda Especial en Investigaci\u00f3n de Asuntos Relevantes"},"content":{"rendered":"\n<p>enero 2, 2026<\/p>\n\n\n\n<p><strong>Ulises Lara L\u00f3pez<\/strong>&nbsp;fue nombrado titular de la&nbsp;<strong>Fiscal\u00eda Especial en Investigaci\u00f3n de Asuntos Relevantes<\/strong>&nbsp;de la&nbsp;<strong>Fiscal\u00eda General de la Rep\u00fablica<\/strong>&nbsp;(<strong>FGR<\/strong>).<\/p>\n\n\n\n<blockquote class=\"wp-block-quote is-layout-flow wp-block-quote-is-layout-flow\">\n<p>Agradezco la confianza vertida en mi persona, tengan la certeza de que como siempre, estaremos trabajando por la justicia\u201d, expres\u00f3 el funcionario en redes sociales.<\/p>\n<\/blockquote>\n\n\n\n<p>Previamente, Lara L\u00f3pez se desempe\u00f1aba como delegado federal de la FGR en Morelos.<\/p>\n\n\n\n<p>Previamente, ocup\u00f3 el cargo de encargado del despacho de la Fiscal\u00eda de la Ciudad de M\u00e9xico, cuando Godoy Ramos no fue ratificada en el cargo en enero de 2024.<\/p>\n\n\n\n<figure class=\"wp-block-image size-large\"><img loading=\"lazy\" decoding=\"async\" width=\"1024\" height=\"631\" src=\"https:\/\/elregionaldigital.info\/wp-content\/uploads\/2026\/01\/image-4-1024x631.png\" alt=\"\" class=\"wp-image-5908\" srcset=\"https:\/\/elregionaldigital.info\/wp-content\/uploads\/2026\/01\/image-4-1024x631.png 1024w, https:\/\/elregionaldigital.info\/wp-content\/uploads\/2026\/01\/image-4-300x185.png 300w, https:\/\/elregionaldigital.info\/wp-content\/uploads\/2026\/01\/image-4-768x474.png 768w, https:\/\/elregionaldigital.info\/wp-content\/uploads\/2026\/01\/image-4.png 1200w\" sizes=\"auto, (max-width: 1024px) 100vw, 1024px\" \/><\/figure>\n","protected":false},"excerpt":{"rendered":"<p>enero 2, 2026 Ulises Lara L\u00f3pez&nbsp;fue nombrado titular de la&nbsp;Fiscal\u00eda Especial en Investigaci\u00f3n de Asuntos Relevantes&nbsp;de la&nbsp;Fiscal\u00eda General de la Rep\u00fablica&nbsp;(FGR). Agradezco la confianza vertida en mi persona, tengan la certeza de que como siempre, estaremos trabajando por la justicia\u201d, expres\u00f3 el funcionario en redes sociales. Previamente, Lara L\u00f3pez se desempe\u00f1aba como delegado federal de [&hellip;]<\/p>\n","protected":false},"author":1,"featured_media":5908,"comment_status":"open","ping_status":"open","sticky":false,"template":"","format":"standard","meta":{"footnotes":""},"categories":[5],"tags":[],"class_list":["post-5907","post","type-post","status-publish","format-standard","has-post-thumbnail","hentry","category-nacional"],"blog_post_layout_featured_media_urls":{"thumbnail":["https:\/\/elregionaldigital.info\/wp-content\/uploads\/2026\/01\/image-4-150x150.png",150,150,true],"full":["https:\/\/elregionaldigital.info\/wp-content\/uploads\/2026\/01\/image-4.png",1200,740,false]},"categories_names":{"5":{"name":"Nacional","link":"https:\/\/elregionaldigital.info\/?cat=5"}},"tags_names":[],"comments_number":"0","wpmagazine_modules_lite_featured_media_urls":{"thumbnail":["https:\/\/elregionaldigital.info\/wp-content\/uploads\/2026\/01\/image-4-150x150.png",150,150,true],"cvmm-medium":["https:\/\/elregionaldigital.info\/wp-content\/uploads\/2026\/01\/image-4-300x300.png",300,300,true],"cvmm-medium-plus":["https:\/\/elregionaldigital.info\/wp-content\/uploads\/2026\/01\/image-4-305x207.png",305,207,true],"cvmm-portrait":["https:\/\/elregionaldigital.info\/wp-content\/uploads\/2026\/01\/image-4-400x600.png",400,600,true],"cvmm-medium-square":["https:\/\/elregionaldigital.info\/wp-content\/uploads\/2026\/01\/image-4-600x600.png",600,600,true],"cvmm-large":["https:\/\/elregionaldigital.info\/wp-content\/uploads\/2026\/01\/image-4-1024x740.png",1024,740,true],"cvmm-small":["https:\/\/elregionaldigital.info\/wp-content\/uploads\/2026\/01\/image-4-130x95.png",130,95,true],"full":["https:\/\/elregionaldigital.info\/wp-content\/uploads\/2026\/01\/image-4.png",1200,740,false]},"_links":{"self":[{"href":"https:\/\/elregionaldigital.info\/index.php?rest_route=\/wp\/v2\/posts\/5907","targetHints":{"allow":["GET"]}}],"collection":[{"href":"https:\/\/elregionaldigital.info\/index.php?rest_route=\/wp\/v2\/posts"}],"about":[{"href":"https:\/\/elregionaldigital.info\/index.php?rest_route=\/wp\/v2\/types\/post"}],"author":[{"embeddable":true,"href":"https:\/\/elregionaldigital.info\/index.php?rest_route=\/wp\/v2\/users\/1"}],"replies":[{"embeddable":true,"href":"https:\/\/elregionaldigital.info\/index.php?rest_route=%2Fwp%2Fv2%2Fcomments&post=5907"}],"version-history":[{"count":1,"href":"https:\/\/elregionaldigital.info\/index.php?rest_route=\/wp\/v2\/posts\/5907\/revisions"}],"predecessor-version":[{"id":5909,"href":"https:\/\/elregionaldigital.info\/index.php?rest_route=\/wp\/v2\/posts\/5907\/revisions\/5909"}],"wp:featuredmedia":[{"embeddable":true,"href":"https:\/\/elregionaldigital.info\/index.php?rest_route=\/wp\/v2\/media\/5908"}],"wp:attachment":[{"href":"https:\/\/elregionaldigital.info\/index.php?rest_route=%2Fwp%2Fv2%2Fmedia&parent=5907"}],"wp:term":[{"taxonomy":"category","embeddable":true,"href":"https:\/\/elregionaldigital.info\/index.php?rest_route=%2Fwp%2Fv2%2Fcategories&post=5907"},{"taxonomy":"post_tag","embeddable":true,"href":"https:\/\/elregionaldigital.info\/index.php?rest_route=%2Fwp%2Fv2%2Ftags&post=5907"}],"curies":[{"name":"wp","href":"https:\/\/api.w.org\/{rel}","templated":true}]}}