{"id":5904,"date":"2026-01-04T17:12:28","date_gmt":"2026-01-04T17:12:28","guid":{"rendered":"https:\/\/elregionaldigital.info\/?p=5904"},"modified":"2026-01-20T17:14:16","modified_gmt":"2026-01-20T17:14:16","slug":"frenan-en-el-senado-el-ingreso-de-tropas-de-ee-uu-a-mexico","status":"publish","type":"post","link":"https:\/\/elregionaldigital.info\/?p=5904","title":{"rendered":"\u201cFrenan\u201d en el Senado el ingreso de tropas de EE.UU. a M\u00e9xico"},"content":{"rendered":"\n<p>enero 4, 2026<\/p>\n\n\n\n<p>En el&nbsp;<strong>Senado de la Rep\u00fablica<\/strong>&nbsp;se puso en pausa la autorizaci\u00f3n para el ingreso de tropas de&nbsp;<strong>Estados Unidos<\/strong>&nbsp;a territorio mexicano ante la reciente captura del presidente de&nbsp;<strong>Venezuela<\/strong>,&nbsp;<strong>Nicol\u00e1s Maduro<\/strong>.<\/p>\n\n\n\n<p>De acuerdo con informaci\u00f3n de la reportera&nbsp;<strong>Leti Robles<\/strong>, la&nbsp;<strong>Comisi\u00f3n de Marina del Senado<\/strong>, presidida por el morenista&nbsp;<strong>Carlos Lomel\u00ed<\/strong>, cancel\u00f3 la sesi\u00f3n programada para este lunes 5 de enero, sin que se definiera una nueva fecha para discutir el asunto.<\/p>\n\n\n\n<p>El morenista&nbsp;<strong>Manuel Huerta&nbsp;<\/strong>manifest\u00f3 que se trata de una decisi\u00f3n que dar\u00e1 espacio a un an\u00e1lisis m\u00e1s amplio del tema.<\/p>\n\n\n\n<h2 class=\"wp-block-heading\">\u00bfPor qu\u00e9 ingresan militares de EE.UU. a M\u00e9xico?<\/h2>\n\n\n\n<p>Con cierta frecuencia desde el&nbsp;<strong>Poder Legislativo<\/strong>&nbsp;se autoriza el ingreso de militares de&nbsp;<strong>Estados Unidos<\/strong>&nbsp;a&nbsp;<strong>M\u00e9xico<\/strong>&nbsp;para actividades de&nbsp;<strong>capacitaci\u00f3n<\/strong>.<\/p>\n\n\n\n<p>En esta ocasi\u00f3n, se solicit\u00f3 el ingreso de 29 elementos de la Marina de Estados Unidos del 19 de enero al 15 de abril de 2026; lo anterior, con el objetivo de participar en ejercicios con las Fuerzas Armadas mexicanas para el intercambio de conocimientos t\u00e1cticos y el fortalecimiento de la coordinaci\u00f3n operativa entre las fuerzas de ambos pa\u00edses.<\/p>\n\n\n\n<figure class=\"wp-block-image size-large\"><img loading=\"lazy\" decoding=\"async\" width=\"1024\" height=\"693\" src=\"https:\/\/elregionaldigital.info\/wp-content\/uploads\/2026\/01\/image-3-1024x693.png\" alt=\"\" class=\"wp-image-5905\" srcset=\"https:\/\/elregionaldigital.info\/wp-content\/uploads\/2026\/01\/image-3-1024x693.png 1024w, https:\/\/elregionaldigital.info\/wp-content\/uploads\/2026\/01\/image-3-300x203.png 300w, https:\/\/elregionaldigital.info\/wp-content\/uploads\/2026\/01\/image-3-768x520.png 768w, https:\/\/elregionaldigital.info\/wp-content\/uploads\/2026\/01\/image-3-1536x1040.png 1536w, https:\/\/elregionaldigital.info\/wp-content\/uploads\/2026\/01\/image-3-305x207.png 305w, https:\/\/elregionaldigital.info\/wp-content\/uploads\/2026\/01\/image-3-622x420.png 622w, https:\/\/elregionaldigital.info\/wp-content\/uploads\/2026\/01\/image-3.png 1920w\" sizes=\"auto, (max-width: 1024px) 100vw, 1024px\" \/><\/figure>\n","protected":false},"excerpt":{"rendered":"<p>enero 4, 2026 En el&nbsp;Senado de la Rep\u00fablica&nbsp;se puso en pausa la autorizaci\u00f3n para el ingreso de tropas de&nbsp;Estados Unidos&nbsp;a territorio mexicano ante la reciente captura del presidente de&nbsp;Venezuela,&nbsp;Nicol\u00e1s Maduro. De acuerdo con informaci\u00f3n de la reportera&nbsp;Leti Robles, la&nbsp;Comisi\u00f3n de Marina del Senado, presidida por el morenista&nbsp;Carlos Lomel\u00ed, cancel\u00f3 la sesi\u00f3n programada para este lunes [&hellip;]<\/p>\n","protected":false},"author":1,"featured_media":5905,"comment_status":"open","ping_status":"open","sticky":false,"template":"","format":"standard","meta":{"footnotes":""},"categories":[5],"tags":[],"class_list":["post-5904","post","type-post","status-publish","format-standard","has-post-thumbnail","hentry","category-nacional"],"blog_post_layout_featured_media_urls":{"thumbnail":["https:\/\/elregionaldigital.info\/wp-content\/uploads\/2026\/01\/image-3-150x150.png",150,150,true],"full":["https:\/\/elregionaldigital.info\/wp-content\/uploads\/2026\/01\/image-3.png",1920,1300,false]},"categories_names":{"5":{"name":"Nacional","link":"https:\/\/elregionaldigital.info\/?cat=5"}},"tags_names":[],"comments_number":"0","wpmagazine_modules_lite_featured_media_urls":{"thumbnail":["https:\/\/elregionaldigital.info\/wp-content\/uploads\/2026\/01\/image-3-150x150.png",150,150,true],"cvmm-medium":["https:\/\/elregionaldigital.info\/wp-content\/uploads\/2026\/01\/image-3-300x300.png",300,300,true],"cvmm-medium-plus":["https:\/\/elregionaldigital.info\/wp-content\/uploads\/2026\/01\/image-3-305x207.png",305,207,true],"cvmm-portrait":["https:\/\/elregionaldigital.info\/wp-content\/uploads\/2026\/01\/image-3-400x600.png",400,600,true],"cvmm-medium-square":["https:\/\/elregionaldigital.info\/wp-content\/uploads\/2026\/01\/image-3-600x600.png",600,600,true],"cvmm-large":["https:\/\/elregionaldigital.info\/wp-content\/uploads\/2026\/01\/image-3-1024x1024.png",1024,1024,true],"cvmm-small":["https:\/\/elregionaldigital.info\/wp-content\/uploads\/2026\/01\/image-3-130x95.png",130,95,true],"full":["https:\/\/elregionaldigital.info\/wp-content\/uploads\/2026\/01\/image-3.png",1920,1300,false]},"_links":{"self":[{"href":"https:\/\/elregionaldigital.info\/index.php?rest_route=\/wp\/v2\/posts\/5904","targetHints":{"allow":["GET"]}}],"collection":[{"href":"https:\/\/elregionaldigital.info\/index.php?rest_route=\/wp\/v2\/posts"}],"about":[{"href":"https:\/\/elregionaldigital.info\/index.php?rest_route=\/wp\/v2\/types\/post"}],"author":[{"embeddable":true,"href":"https:\/\/elregionaldigital.info\/index.php?rest_route=\/wp\/v2\/users\/1"}],"replies":[{"embeddable":true,"href":"https:\/\/elregionaldigital.info\/index.php?rest_route=%2Fwp%2Fv2%2Fcomments&post=5904"}],"version-history":[{"count":1,"href":"https:\/\/elregionaldigital.info\/index.php?rest_route=\/wp\/v2\/posts\/5904\/revisions"}],"predecessor-version":[{"id":5906,"href":"https:\/\/elregionaldigital.info\/index.php?rest_route=\/wp\/v2\/posts\/5904\/revisions\/5906"}],"wp:featuredmedia":[{"embeddable":true,"href":"https:\/\/elregionaldigital.info\/index.php?rest_route=\/wp\/v2\/media\/5905"}],"wp:attachment":[{"href":"https:\/\/elregionaldigital.info\/index.php?rest_route=%2Fwp%2Fv2%2Fmedia&parent=5904"}],"wp:term":[{"taxonomy":"category","embeddable":true,"href":"https:\/\/elregionaldigital.info\/index.php?rest_route=%2Fwp%2Fv2%2Fcategories&post=5904"},{"taxonomy":"post_tag","embeddable":true,"href":"https:\/\/elregionaldigital.info\/index.php?rest_route=%2Fwp%2Fv2%2Ftags&post=5904"}],"curies":[{"name":"wp","href":"https:\/\/api.w.org\/{rel}","templated":true}]}}