{"id":5901,"date":"2026-01-07T17:11:07","date_gmt":"2026-01-07T17:11:07","guid":{"rendered":"https:\/\/elregionaldigital.info\/?p=5901"},"modified":"2026-01-20T17:12:24","modified_gmt":"2026-01-20T17:12:24","slug":"detienen-en-puebla-a-9-presuntos-miembros-del-cjng","status":"publish","type":"post","link":"https:\/\/elregionaldigital.info\/?p=5901","title":{"rendered":"Detienen en Puebla a 9 presuntos miembros del CJNG"},"content":{"rendered":"\n<p>enero 7, 2026<\/p>\n\n\n\n<p>La acci\u00f3n se efectu\u00f3 en\u00a0<strong>Tecamachalco<\/strong>, en coordinaci\u00f3n con la Secretar\u00eda de Marina, Ej\u00e9rcito y Guardia Nacional.<\/p>\n\n\n\n<p>Labores de\u00a0inteligencia\u00a0e investigaci\u00f3n llevaron a ubicar a presuntos miembros de un grupo delictivo generador de violencia.<\/p>\n\n\n\n<p>En total se detuvo a nueve hombres, quienes se identificaron como integrantes del CJNG:<\/p>\n\n\n\n<ul class=\"wp-block-list\">\n<li>Eduardo N., alias \u2018el Gordo\u2019<\/li>\n\n\n\n<li>Alex Rigoberto N., alias \u2018el Temach\u2019<\/li>\n\n\n\n<li>Paulino N.<\/li>\n\n\n\n<li>Ernesto Brayan N.<\/li>\n\n\n\n<li>Miguel \u00c1ngel N.<\/li>\n\n\n\n<li>Cristian N.<\/li>\n\n\n\n<li>Javier N.<\/li>\n\n\n\n<li>Uriel Hilario N.<\/li>\n\n\n\n<li>Jos\u00e9 Miguel N.<\/li>\n<\/ul>\n\n\n\n<p>A los sujetos se les aseguraron dos veh\u00edculos, siete armas de fuego, siete cargadores, ocho chalecos t\u00e1cticos con siglas del C\u00e1rtel Jalisco, seis cartuchos \u00fatiles y m\u00e1s de dos mil dosis de crystal, coca\u00edna, piedra, hero\u00edna y mariguana.<\/p>\n\n\n\n<p>Primeros informes se\u00f1alan que los detenidos son originarios de Baja California Sur, Veracruz y Oaxaca.<\/p>\n\n\n\n<figure class=\"wp-block-image size-large\"><img loading=\"lazy\" decoding=\"async\" width=\"1024\" height=\"631\" src=\"https:\/\/elregionaldigital.info\/wp-content\/uploads\/2026\/01\/image-2-1024x631.png\" alt=\"\" class=\"wp-image-5902\" srcset=\"https:\/\/elregionaldigital.info\/wp-content\/uploads\/2026\/01\/image-2-1024x631.png 1024w, https:\/\/elregionaldigital.info\/wp-content\/uploads\/2026\/01\/image-2-300x185.png 300w, https:\/\/elregionaldigital.info\/wp-content\/uploads\/2026\/01\/image-2-768x474.png 768w, https:\/\/elregionaldigital.info\/wp-content\/uploads\/2026\/01\/image-2.png 1200w\" sizes=\"auto, (max-width: 1024px) 100vw, 1024px\" \/><\/figure>\n","protected":false},"excerpt":{"rendered":"<p>enero 7, 2026 La acci\u00f3n se efectu\u00f3 en\u00a0Tecamachalco, en coordinaci\u00f3n con la Secretar\u00eda de Marina, Ej\u00e9rcito y Guardia Nacional. Labores de\u00a0inteligencia\u00a0e investigaci\u00f3n llevaron a ubicar a presuntos miembros de un grupo delictivo generador de violencia. En total se detuvo a nueve hombres, quienes se identificaron como integrantes del CJNG: A los sujetos se les aseguraron [&hellip;]<\/p>\n","protected":false},"author":1,"featured_media":5902,"comment_status":"open","ping_status":"open","sticky":false,"template":"","format":"standard","meta":{"footnotes":""},"categories":[5],"tags":[],"class_list":["post-5901","post","type-post","status-publish","format-standard","has-post-thumbnail","hentry","category-nacional"],"blog_post_layout_featured_media_urls":{"thumbnail":["https:\/\/elregionaldigital.info\/wp-content\/uploads\/2026\/01\/image-2-150x150.png",150,150,true],"full":["https:\/\/elregionaldigital.info\/wp-content\/uploads\/2026\/01\/image-2.png",1200,740,false]},"categories_names":{"5":{"name":"Nacional","link":"https:\/\/elregionaldigital.info\/?cat=5"}},"tags_names":[],"comments_number":"0","wpmagazine_modules_lite_featured_media_urls":{"thumbnail":["https:\/\/elregionaldigital.info\/wp-content\/uploads\/2026\/01\/image-2-150x150.png",150,150,true],"cvmm-medium":["https:\/\/elregionaldigital.info\/wp-content\/uploads\/2026\/01\/image-2-300x300.png",300,300,true],"cvmm-medium-plus":["https:\/\/elregionaldigital.info\/wp-content\/uploads\/2026\/01\/image-2-305x207.png",305,207,true],"cvmm-portrait":["https:\/\/elregionaldigital.info\/wp-content\/uploads\/2026\/01\/image-2-400x600.png",400,600,true],"cvmm-medium-square":["https:\/\/elregionaldigital.info\/wp-content\/uploads\/2026\/01\/image-2-600x600.png",600,600,true],"cvmm-large":["https:\/\/elregionaldigital.info\/wp-content\/uploads\/2026\/01\/image-2-1024x740.png",1024,740,true],"cvmm-small":["https:\/\/elregionaldigital.info\/wp-content\/uploads\/2026\/01\/image-2-130x95.png",130,95,true],"full":["https:\/\/elregionaldigital.info\/wp-content\/uploads\/2026\/01\/image-2.png",1200,740,false]},"_links":{"self":[{"href":"https:\/\/elregionaldigital.info\/index.php?rest_route=\/wp\/v2\/posts\/5901","targetHints":{"allow":["GET"]}}],"collection":[{"href":"https:\/\/elregionaldigital.info\/index.php?rest_route=\/wp\/v2\/posts"}],"about":[{"href":"https:\/\/elregionaldigital.info\/index.php?rest_route=\/wp\/v2\/types\/post"}],"author":[{"embeddable":true,"href":"https:\/\/elregionaldigital.info\/index.php?rest_route=\/wp\/v2\/users\/1"}],"replies":[{"embeddable":true,"href":"https:\/\/elregionaldigital.info\/index.php?rest_route=%2Fwp%2Fv2%2Fcomments&post=5901"}],"version-history":[{"count":1,"href":"https:\/\/elregionaldigital.info\/index.php?rest_route=\/wp\/v2\/posts\/5901\/revisions"}],"predecessor-version":[{"id":5903,"href":"https:\/\/elregionaldigital.info\/index.php?rest_route=\/wp\/v2\/posts\/5901\/revisions\/5903"}],"wp:featuredmedia":[{"embeddable":true,"href":"https:\/\/elregionaldigital.info\/index.php?rest_route=\/wp\/v2\/media\/5902"}],"wp:attachment":[{"href":"https:\/\/elregionaldigital.info\/index.php?rest_route=%2Fwp%2Fv2%2Fmedia&parent=5901"}],"wp:term":[{"taxonomy":"category","embeddable":true,"href":"https:\/\/elregionaldigital.info\/index.php?rest_route=%2Fwp%2Fv2%2Fcategories&post=5901"},{"taxonomy":"post_tag","embeddable":true,"href":"https:\/\/elregionaldigital.info\/index.php?rest_route=%2Fwp%2Fv2%2Ftags&post=5901"}],"curies":[{"name":"wp","href":"https:\/\/api.w.org\/{rel}","templated":true}]}}