{"id":590,"date":"2022-10-17T13:04:10","date_gmt":"2022-10-17T13:04:10","guid":{"rendered":"http:\/\/elregionaldigital.info\/?p=590"},"modified":"2022-10-17T13:04:11","modified_gmt":"2022-10-17T13:04:11","slug":"pide-unam-inteligencia-menos-militarizada","status":"publish","type":"post","link":"https:\/\/elregionaldigital.info\/?p=590","title":{"rendered":"Pide UNAM inteligencia menos militarizada"},"content":{"rendered":"\n<figure class=\"wp-block-image size-full\"><img loading=\"lazy\" decoding=\"async\" width=\"800\" height=\"533\" src=\"http:\/\/elregionaldigital.info\/wp-content\/uploads\/2022\/10\/RU5O75IRC5C7NHQ443UUHN7KUQ.jpg\" alt=\"\" class=\"wp-image-591\" srcset=\"https:\/\/elregionaldigital.info\/wp-content\/uploads\/2022\/10\/RU5O75IRC5C7NHQ443UUHN7KUQ.jpg 800w, https:\/\/elregionaldigital.info\/wp-content\/uploads\/2022\/10\/RU5O75IRC5C7NHQ443UUHN7KUQ-300x200.jpg 300w, https:\/\/elregionaldigital.info\/wp-content\/uploads\/2022\/10\/RU5O75IRC5C7NHQ443UUHN7KUQ-768x512.jpg 768w\" sizes=\"auto, (max-width: 800px) 100vw, 800px\" \/><\/figure>\n\n\n\n<p>Consider\u00f3 que se debe dar \u2018a trav\u00e9s de una menor dependencia del componente militar y mayor desarrollo de capacidades civiles\u2019<\/p>\n\n\n\n<p>Investigadores de la UNAM plantearon mayor profesionalizaci\u00f3n de los sistemas de inteligencia en M\u00e9xico, \u201ca trav\u00e9s de una menor dependencia del componente militar y mayor desarrollo de capacidades civiles\u201d.<\/p>\n\n\n\n<p>Un estudio titulado\u00a0<em>Los servicios de inteligencia en M\u00e9xico, ayer y hoy<\/em>, del Instituto de Investigaciones Sociales plantea que el nuevo Centro Nacional de Inteligencia \u201cdebe ser una instituci\u00f3n de Estado: no tiene que obedecer a lealtades personales; no tiene que obedecer a una cuesti\u00f3n de esa naturaleza, sino a un perfil netamente institucional; debe estar sujeto a reglas y l\u00edmites\u201d.<\/p>\n\n\n\n<p>Coordinado por los investigadores Otto Ren\u00e9 C\u00e1ceres y Luc\u00eda Carmina Jasso, el estudio advierte que al inicio del actual gobierno \u201cse plante\u00f3 que este nuevo aparato de inteligencia no ser\u00eda dependiente de la Secretar\u00eda de Gobernaci\u00f3n, sino de la Secretar\u00eda de Seguridad y Protecci\u00f3n Ciudadana, buscando con ello reducir la injerencia del Ejecutivo en materia de seguridad\u201d.<\/p>\n\n\n\n<p>Tambi\u00e9n, \u201cterminar con los vicios inherentes a los servicios de inteligencia en M\u00e9xico, en cuanto a labores de inteligencia y espionaje civil y pol\u00edtico, contar con mecanismos de control, seguimiento y acceso a la informaci\u00f3n m\u00e1s abiertos, as\u00ed como llevar a cabo una apertura de inclusi\u00f3n a la comunidad acad\u00e9mica y la sociedad civil\u201d, destaca.<\/p>\n","protected":false},"excerpt":{"rendered":"<p>Consider\u00f3 que se debe dar \u2018a trav\u00e9s de una menor dependencia del componente militar y mayor desarrollo de capacidades civiles\u2019 Investigadores de la UNAM plantearon mayor profesionalizaci\u00f3n de los sistemas de inteligencia en M\u00e9xico, \u201ca trav\u00e9s de una menor dependencia del componente militar y mayor desarrollo de capacidades civiles\u201d. Un estudio titulado\u00a0Los servicios de inteligencia [&hellip;]<\/p>\n","protected":false},"author":1,"featured_media":591,"comment_status":"open","ping_status":"open","sticky":false,"template":"","format":"standard","meta":{"footnotes":""},"categories":[5],"tags":[],"class_list":["post-590","post","type-post","status-publish","format-standard","has-post-thumbnail","hentry","category-nacional"],"blog_post_layout_featured_media_urls":{"thumbnail":["https:\/\/elregionaldigital.info\/wp-content\/uploads\/2022\/10\/RU5O75IRC5C7NHQ443UUHN7KUQ-150x150.jpg",150,150,true],"full":["https:\/\/elregionaldigital.info\/wp-content\/uploads\/2022\/10\/RU5O75IRC5C7NHQ443UUHN7KUQ.jpg",800,533,false]},"categories_names":{"5":{"name":"Nacional","link":"https:\/\/elregionaldigital.info\/?cat=5"}},"tags_names":[],"comments_number":"0","wpmagazine_modules_lite_featured_media_urls":{"thumbnail":["https:\/\/elregionaldigital.info\/wp-content\/uploads\/2022\/10\/RU5O75IRC5C7NHQ443UUHN7KUQ-150x150.jpg",150,150,true],"cvmm-medium":["https:\/\/elregionaldigital.info\/wp-content\/uploads\/2022\/10\/RU5O75IRC5C7NHQ443UUHN7KUQ-300x300.jpg",300,300,true],"cvmm-medium-plus":["https:\/\/elregionaldigital.info\/wp-content\/uploads\/2022\/10\/RU5O75IRC5C7NHQ443UUHN7KUQ-305x207.jpg",305,207,true],"cvmm-portrait":["https:\/\/elregionaldigital.info\/wp-content\/uploads\/2022\/10\/RU5O75IRC5C7NHQ443UUHN7KUQ-400x533.jpg",400,533,true],"cvmm-medium-square":["https:\/\/elregionaldigital.info\/wp-content\/uploads\/2022\/10\/RU5O75IRC5C7NHQ443UUHN7KUQ-600x533.jpg",600,533,true],"cvmm-large":["https:\/\/elregionaldigital.info\/wp-content\/uploads\/2022\/10\/RU5O75IRC5C7NHQ443UUHN7KUQ.jpg",800,533,false],"cvmm-small":["https:\/\/elregionaldigital.info\/wp-content\/uploads\/2022\/10\/RU5O75IRC5C7NHQ443UUHN7KUQ-130x95.jpg",130,95,true],"full":["https:\/\/elregionaldigital.info\/wp-content\/uploads\/2022\/10\/RU5O75IRC5C7NHQ443UUHN7KUQ.jpg",800,533,false]},"_links":{"self":[{"href":"https:\/\/elregionaldigital.info\/index.php?rest_route=\/wp\/v2\/posts\/590","targetHints":{"allow":["GET"]}}],"collection":[{"href":"https:\/\/elregionaldigital.info\/index.php?rest_route=\/wp\/v2\/posts"}],"about":[{"href":"https:\/\/elregionaldigital.info\/index.php?rest_route=\/wp\/v2\/types\/post"}],"author":[{"embeddable":true,"href":"https:\/\/elregionaldigital.info\/index.php?rest_route=\/wp\/v2\/users\/1"}],"replies":[{"embeddable":true,"href":"https:\/\/elregionaldigital.info\/index.php?rest_route=%2Fwp%2Fv2%2Fcomments&post=590"}],"version-history":[{"count":1,"href":"https:\/\/elregionaldigital.info\/index.php?rest_route=\/wp\/v2\/posts\/590\/revisions"}],"predecessor-version":[{"id":592,"href":"https:\/\/elregionaldigital.info\/index.php?rest_route=\/wp\/v2\/posts\/590\/revisions\/592"}],"wp:featuredmedia":[{"embeddable":true,"href":"https:\/\/elregionaldigital.info\/index.php?rest_route=\/wp\/v2\/media\/591"}],"wp:attachment":[{"href":"https:\/\/elregionaldigital.info\/index.php?rest_route=%2Fwp%2Fv2%2Fmedia&parent=590"}],"wp:term":[{"taxonomy":"category","embeddable":true,"href":"https:\/\/elregionaldigital.info\/index.php?rest_route=%2Fwp%2Fv2%2Fcategories&post=590"},{"taxonomy":"post_tag","embeddable":true,"href":"https:\/\/elregionaldigital.info\/index.php?rest_route=%2Fwp%2Fv2%2Ftags&post=590"}],"curies":[{"name":"wp","href":"https:\/\/api.w.org\/{rel}","templated":true}]}}