{"id":5898,"date":"2026-01-15T17:07:53","date_gmt":"2026-01-15T17:07:53","guid":{"rendered":"https:\/\/elregionaldigital.info\/?p=5898"},"modified":"2026-01-20T17:10:04","modified_gmt":"2026-01-20T17:10:04","slug":"ildefonso-guajardo-se-deslinda-de-samuel-n-vinculado-a-proceso-por-asesinato-de-carlos-manzo","status":"publish","type":"post","link":"https:\/\/elregionaldigital.info\/?p=5898","title":{"rendered":"Ildefonso Guajardo se deslinda de Samuel \u2018N\u2019, vinculado a proceso por asesinato de Carlos Manzo"},"content":{"rendered":"\n<p>enero 15, 2026<\/p>\n\n\n\n<p><strong>Ildefonso Guajardo<\/strong>, exsecretario de Econom\u00eda, rechaz\u00f3 cualquier relaci\u00f3n con\u00a0<strong>Samuel Garc\u00eda Rivero<\/strong>, quien fue vinculado a proceso por su presunta participaci\u00f3n intelectual en el asesinato del exalcalde de Uruapan,\u00a0<strong>Carlos Manzo.<\/strong><\/p>\n\n\n\n<p><strong>Guajardo<\/strong>\u00a0explic\u00f3 que su relaci\u00f3n con\u00a0<strong>Garc\u00eda Rivero<\/strong>\u00a0fue \u00fanicamente laboral durante la\u00a0<strong>LXV Legislatura<\/strong>\u00a0y asegur\u00f3 que no tuvo participaci\u00f3n en la incorporaci\u00f3n del exfuncionario acusado a cargos p\u00fablicos posteriores.<\/p>\n\n\n\n<blockquote class=\"wp-block-quote is-layout-flow wp-block-quote-is-layout-flow\">\n<p>\u201cAl finalizar mi periodo en la C\u00e1mara de Diputados el 31 de agosto de 2024, concluy\u00f3 la relaci\u00f3n laboral con dicha persona\u201d, se\u00f1al\u00f3. Asimismo, puntualiz\u00f3: \u201cDejo claramente establecido que la incorporaci\u00f3n de Samuel \u2018N\u2019 a sus nuevas responsabilidades no cont\u00f3 con la recomendaci\u00f3n, ni verbal ni escrita, de un servidor\u201d.<\/p>\n<\/blockquote>\n\n\n\n<p><strong>Samuel Garc\u00eda Rivero<\/strong>&nbsp;se desempe\u00f1\u00f3 como director de Relaciones P\u00fablicas, Protocolo y Giras del Ayuntamiento de Uruapan. Fue detenido el 8 de enero de 2026 y vinculado a proceso por los delitos de homicidio calificado y lesiones dolosas, acusado de haber proporcionado informaci\u00f3n sobre los movimientos del alcalde que habr\u00eda facilitado el ataque armado en su contra.<\/p>\n\n\n\n<p><strong>Samuel Garc\u00eda Rivero<\/strong>\u00a0se desempe\u00f1\u00f3 como director de Relaciones P\u00fablicas, Protocolo y Giras del Ayuntamiento de Uruapan. Fue detenido el 8 de enero de 2026 y vinculado a proceso por los delitos de homicidio calificado y lesiones dolosas, acusado de haber proporcionado informaci\u00f3n sobre los movimientos del alcalde que habr\u00eda facilitado el ataque armado en su contra.<\/p>\n\n\n\n<figure class=\"wp-block-image size-large\"><img loading=\"lazy\" decoding=\"async\" width=\"1024\" height=\"683\" src=\"https:\/\/elregionaldigital.info\/wp-content\/uploads\/2026\/01\/image-1-1024x683.png\" alt=\"\" class=\"wp-image-5899\" srcset=\"https:\/\/elregionaldigital.info\/wp-content\/uploads\/2026\/01\/image-1-1024x683.png 1024w, https:\/\/elregionaldigital.info\/wp-content\/uploads\/2026\/01\/image-1-300x200.png 300w, https:\/\/elregionaldigital.info\/wp-content\/uploads\/2026\/01\/image-1-768x512.png 768w, https:\/\/elregionaldigital.info\/wp-content\/uploads\/2026\/01\/image-1-1536x1024.png 1536w, https:\/\/elregionaldigital.info\/wp-content\/uploads\/2026\/01\/image-1.png 1920w\" sizes=\"auto, (max-width: 1024px) 100vw, 1024px\" \/><\/figure>\n","protected":false},"excerpt":{"rendered":"<p>enero 15, 2026 Ildefonso Guajardo, exsecretario de Econom\u00eda, rechaz\u00f3 cualquier relaci\u00f3n con\u00a0Samuel Garc\u00eda Rivero, quien fue vinculado a proceso por su presunta participaci\u00f3n intelectual en el asesinato del exalcalde de Uruapan,\u00a0Carlos Manzo. Guajardo\u00a0explic\u00f3 que su relaci\u00f3n con\u00a0Garc\u00eda Rivero\u00a0fue \u00fanicamente laboral durante la\u00a0LXV Legislatura\u00a0y asegur\u00f3 que no tuvo participaci\u00f3n en la incorporaci\u00f3n del exfuncionario acusado a [&hellip;]<\/p>\n","protected":false},"author":1,"featured_media":5899,"comment_status":"open","ping_status":"open","sticky":false,"template":"","format":"standard","meta":{"footnotes":""},"categories":[5],"tags":[],"class_list":["post-5898","post","type-post","status-publish","format-standard","has-post-thumbnail","hentry","category-nacional"],"blog_post_layout_featured_media_urls":{"thumbnail":["https:\/\/elregionaldigital.info\/wp-content\/uploads\/2026\/01\/image-1-150x150.png",150,150,true],"full":["https:\/\/elregionaldigital.info\/wp-content\/uploads\/2026\/01\/image-1.png",1920,1280,false]},"categories_names":{"5":{"name":"Nacional","link":"https:\/\/elregionaldigital.info\/?cat=5"}},"tags_names":[],"comments_number":"0","wpmagazine_modules_lite_featured_media_urls":{"thumbnail":["https:\/\/elregionaldigital.info\/wp-content\/uploads\/2026\/01\/image-1-150x150.png",150,150,true],"cvmm-medium":["https:\/\/elregionaldigital.info\/wp-content\/uploads\/2026\/01\/image-1-300x300.png",300,300,true],"cvmm-medium-plus":["https:\/\/elregionaldigital.info\/wp-content\/uploads\/2026\/01\/image-1-305x207.png",305,207,true],"cvmm-portrait":["https:\/\/elregionaldigital.info\/wp-content\/uploads\/2026\/01\/image-1-400x600.png",400,600,true],"cvmm-medium-square":["https:\/\/elregionaldigital.info\/wp-content\/uploads\/2026\/01\/image-1-600x600.png",600,600,true],"cvmm-large":["https:\/\/elregionaldigital.info\/wp-content\/uploads\/2026\/01\/image-1-1024x1024.png",1024,1024,true],"cvmm-small":["https:\/\/elregionaldigital.info\/wp-content\/uploads\/2026\/01\/image-1-130x95.png",130,95,true],"full":["https:\/\/elregionaldigital.info\/wp-content\/uploads\/2026\/01\/image-1.png",1920,1280,false]},"_links":{"self":[{"href":"https:\/\/elregionaldigital.info\/index.php?rest_route=\/wp\/v2\/posts\/5898","targetHints":{"allow":["GET"]}}],"collection":[{"href":"https:\/\/elregionaldigital.info\/index.php?rest_route=\/wp\/v2\/posts"}],"about":[{"href":"https:\/\/elregionaldigital.info\/index.php?rest_route=\/wp\/v2\/types\/post"}],"author":[{"embeddable":true,"href":"https:\/\/elregionaldigital.info\/index.php?rest_route=\/wp\/v2\/users\/1"}],"replies":[{"embeddable":true,"href":"https:\/\/elregionaldigital.info\/index.php?rest_route=%2Fwp%2Fv2%2Fcomments&post=5898"}],"version-history":[{"count":1,"href":"https:\/\/elregionaldigital.info\/index.php?rest_route=\/wp\/v2\/posts\/5898\/revisions"}],"predecessor-version":[{"id":5900,"href":"https:\/\/elregionaldigital.info\/index.php?rest_route=\/wp\/v2\/posts\/5898\/revisions\/5900"}],"wp:featuredmedia":[{"embeddable":true,"href":"https:\/\/elregionaldigital.info\/index.php?rest_route=\/wp\/v2\/media\/5899"}],"wp:attachment":[{"href":"https:\/\/elregionaldigital.info\/index.php?rest_route=%2Fwp%2Fv2%2Fmedia&parent=5898"}],"wp:term":[{"taxonomy":"category","embeddable":true,"href":"https:\/\/elregionaldigital.info\/index.php?rest_route=%2Fwp%2Fv2%2Fcategories&post=5898"},{"taxonomy":"post_tag","embeddable":true,"href":"https:\/\/elregionaldigital.info\/index.php?rest_route=%2Fwp%2Fv2%2Ftags&post=5898"}],"curies":[{"name":"wp","href":"https:\/\/api.w.org\/{rel}","templated":true}]}}