{"id":5873,"date":"2026-01-13T15:17:01","date_gmt":"2026-01-13T15:17:01","guid":{"rendered":"https:\/\/elregionaldigital.info\/?p=5873"},"modified":"2026-01-14T15:18:45","modified_gmt":"2026-01-14T15:18:45","slug":"certificara-la-uat-a-sus-estudiantes-con-estandares-internacionales","status":"publish","type":"post","link":"https:\/\/elregionaldigital.info\/?p=5873","title":{"rendered":"Certificar\u00e1 la UAT a sus estudiantes con est\u00e1ndares internacionales"},"content":{"rendered":"\n<p>13 de enero del 2026<\/p>\n\n\n\n<p><strong>&#8220;<\/strong>&nbsp;El rector D\u00e1maso Anaya anunci\u00f3 un programa de veinte mil microcredenciales que permitir\u00e1n certificar competencias t\u00e9cnicas, habilidades blandas y capacidades transversales para fortalecer la formaci\u00f3n profesional.&nbsp;<strong>&#8220;<\/strong><\/p>\n\n\n\n<p>\u200b<\/p>\n\n\n\n<p>Ciudad Victoria, Tam.; 13 de enero de 2026.<\/p>\n\n\n\n<ul class=\"wp-block-list\">\n<li>\u00a0<\/li>\n<\/ul>\n\n\n\n<p>El rector de la Universidad Aut\u00f3noma de Tamaulipas, D\u00e1maso Anaya Alvarado, present\u00f3 el Ecosistema Microcredenciales UAT, un programa estrat\u00e9gico orientado a fortalecer la formaci\u00f3n acad\u00e9mica, la actualizaci\u00f3n profesional y la empleabilidad de estudiantes, docentes y personal administrativo de la instituci\u00f3n.<\/p>\n\n\n\n<p>En el marco de la 16.\u00aa Reuni\u00f3n del Colegio de Directores de la UAT, el rector destac\u00f3 que esta iniciativa representa un paso decisivo para complementar los programas educativos vigentes, responder a las nuevas din\u00e1micas del mercado laboral y consolidar un modelo educativo m\u00e1s flexible, innovador y alineado con est\u00e1ndares internacionales.<\/p>\n\n\n\n<p>Como resultado de las gestiones y alianzas institucionales, destac\u00f3 que se han adquirido veinte mil microcredenciales internacionales, las cuales ser\u00e1n otorgadas de manera gratuita a estudiantes de bachillerato y licenciatura, as\u00ed como a personal docente y administrativo, con el objetivo de generar un impacto transversal en la formaci\u00f3n acad\u00e9mica, la actualizaci\u00f3n profesional y la empleabilidad de la comunidad universitaria.<\/p>\n\n\n\n<p>El Ecosistema Microcredenciales UAT contempla 17 tipos de certificaci\u00f3n, integrados por 10 certificaciones base y 7 certificaciones especializadas en \u00e1reas como ofim\u00e1tica y productividad digital, tecnolog\u00edas de la informaci\u00f3n, desarrollo de aplicaciones, educaci\u00f3n, dise\u00f1o y manufactura digital, emprendimiento, gesti\u00f3n de proyectos, marketing digital, redes y soporte tecnol\u00f3gico, as\u00ed como \u00e1reas vinculadas a las ciencias de la salud, hospitalidad y artes culinarias.<\/p>\n\n\n\n<p>Mediante la certificaci\u00f3n de competencias t\u00e9cnicas, habilidades blandas y capacidades transversales, estas microcredenciales complementar\u00e1n los planes de estudio y fortalecer\u00e1n la vinculaci\u00f3n con las demandas actuales del entorno profesional, fortaleciendo la formaci\u00f3n profesional de los estudiantes y los procesos de actualizaci\u00f3n del personal universitario.<\/p>\n\n\n\n<p>El programa se desarrolla mediante alianzas estrat\u00e9gicas con plataformas y organismos internacionales de certificaci\u00f3n, entre ellos Santander Universidades, lo que garantiza est\u00e1ndares de calidad y reconocimiento global.<\/p>\n\n\n\n<p>Adem\u00e1s de la presentaci\u00f3n de este ecosistema, durante la reuni\u00f3n se consolidaron tambi\u00e9n acuerdos orientados a la mejora continua, la optimizaci\u00f3n de recursos, la innovaci\u00f3n acad\u00e9mica y el fortalecimiento integral de la Universidad Aut\u00f3noma de Tamaulipas con una visi\u00f3n de desarrollo compartida.<\/p>\n\n\n\n<figure class=\"wp-block-image\"><img decoding=\"async\" src=\"https:\/\/www.uat.edu.mx\/noticias\/PublishingImages\/2024\/05\/2_XBI631.jpg\" alt=\"\"\/><\/figure>\n","protected":false},"excerpt":{"rendered":"<p>13 de enero del 2026 &#8220;&nbsp;El rector D\u00e1maso Anaya anunci\u00f3 un programa de veinte mil microcredenciales que permitir\u00e1n certificar competencias t\u00e9cnicas, habilidades blandas y capacidades transversales para fortalecer la formaci\u00f3n profesional.&nbsp;&#8220; \u200b Ciudad Victoria, Tam.; 13 de enero de 2026. El rector de la Universidad Aut\u00f3noma de Tamaulipas, D\u00e1maso Anaya Alvarado, present\u00f3 el Ecosistema Microcredenciales [&hellip;]<\/p>\n","protected":false},"author":1,"featured_media":5874,"comment_status":"open","ping_status":"open","sticky":false,"template":"","format":"standard","meta":{"footnotes":""},"categories":[4],"tags":[],"class_list":["post-5873","post","type-post","status-publish","format-standard","has-post-thumbnail","hentry","category-universidades"],"blog_post_layout_featured_media_urls":{"thumbnail":["https:\/\/elregionaldigital.info\/wp-content\/uploads\/2026\/01\/2_XBI631-150x150.jpg",150,150,true],"full":["https:\/\/elregionaldigital.info\/wp-content\/uploads\/2026\/01\/2_XBI631.jpg",900,599,false]},"categories_names":{"4":{"name":"Universidades","link":"https:\/\/elregionaldigital.info\/?cat=4"}},"tags_names":[],"comments_number":"0","wpmagazine_modules_lite_featured_media_urls":{"thumbnail":["https:\/\/elregionaldigital.info\/wp-content\/uploads\/2026\/01\/2_XBI631-150x150.jpg",150,150,true],"cvmm-medium":["https:\/\/elregionaldigital.info\/wp-content\/uploads\/2026\/01\/2_XBI631-300x300.jpg",300,300,true],"cvmm-medium-plus":["https:\/\/elregionaldigital.info\/wp-content\/uploads\/2026\/01\/2_XBI631-305x207.jpg",305,207,true],"cvmm-portrait":["https:\/\/elregionaldigital.info\/wp-content\/uploads\/2026\/01\/2_XBI631-400x599.jpg",400,599,true],"cvmm-medium-square":["https:\/\/elregionaldigital.info\/wp-content\/uploads\/2026\/01\/2_XBI631-600x599.jpg",600,599,true],"cvmm-large":["https:\/\/elregionaldigital.info\/wp-content\/uploads\/2026\/01\/2_XBI631.jpg",900,599,false],"cvmm-small":["https:\/\/elregionaldigital.info\/wp-content\/uploads\/2026\/01\/2_XBI631-130x95.jpg",130,95,true],"full":["https:\/\/elregionaldigital.info\/wp-content\/uploads\/2026\/01\/2_XBI631.jpg",900,599,false]},"_links":{"self":[{"href":"https:\/\/elregionaldigital.info\/index.php?rest_route=\/wp\/v2\/posts\/5873","targetHints":{"allow":["GET"]}}],"collection":[{"href":"https:\/\/elregionaldigital.info\/index.php?rest_route=\/wp\/v2\/posts"}],"about":[{"href":"https:\/\/elregionaldigital.info\/index.php?rest_route=\/wp\/v2\/types\/post"}],"author":[{"embeddable":true,"href":"https:\/\/elregionaldigital.info\/index.php?rest_route=\/wp\/v2\/users\/1"}],"replies":[{"embeddable":true,"href":"https:\/\/elregionaldigital.info\/index.php?rest_route=%2Fwp%2Fv2%2Fcomments&post=5873"}],"version-history":[{"count":1,"href":"https:\/\/elregionaldigital.info\/index.php?rest_route=\/wp\/v2\/posts\/5873\/revisions"}],"predecessor-version":[{"id":5875,"href":"https:\/\/elregionaldigital.info\/index.php?rest_route=\/wp\/v2\/posts\/5873\/revisions\/5875"}],"wp:featuredmedia":[{"embeddable":true,"href":"https:\/\/elregionaldigital.info\/index.php?rest_route=\/wp\/v2\/media\/5874"}],"wp:attachment":[{"href":"https:\/\/elregionaldigital.info\/index.php?rest_route=%2Fwp%2Fv2%2Fmedia&parent=5873"}],"wp:term":[{"taxonomy":"category","embeddable":true,"href":"https:\/\/elregionaldigital.info\/index.php?rest_route=%2Fwp%2Fv2%2Fcategories&post=5873"},{"taxonomy":"post_tag","embeddable":true,"href":"https:\/\/elregionaldigital.info\/index.php?rest_route=%2Fwp%2Fv2%2Ftags&post=5873"}],"curies":[{"name":"wp","href":"https:\/\/api.w.org\/{rel}","templated":true}]}}