{"id":5802,"date":"2026-01-04T15:56:50","date_gmt":"2026-01-04T15:56:50","guid":{"rendered":"https:\/\/elregionaldigital.info\/?p=5802"},"modified":"2026-01-05T15:57:41","modified_gmt":"2026-01-05T15:57:41","slug":"la-uat-reanuda-labor-administrativa-y-prepara-el-inicio-del-ciclo-escolar","status":"publish","type":"post","link":"https:\/\/elregionaldigital.info\/?p=5802","title":{"rendered":"La UAT reanuda labor administrativa y prepara el inicio del ciclo escolar"},"content":{"rendered":"\n<p>4 de enero del 2026<\/p>\n\n\n\n<p><strong>&#8220;<\/strong>&nbsp;Luego de su receso vacacional de invierno, la Universidad Aut\u00f3noma de Tamaulipas (UAT) reanuda labores este lunes 5 de enero en todas sus dependencias administrativas y acad\u00e9micas, habilitando este mismo d\u00eda el proceso de inscripciones y reinscripciones para el per\u00edodo escolar universitario 2026-1 (per\u00edodo de Primavera).&nbsp;<strong>&#8220;<\/strong><\/p>\n\n\n\n<p>\u200b<\/p>\n\n\n\n<p>Ciudad Victoria, Tam.; 4 de enero de 2026.<\/p>\n\n\n\n<p>Con el arranque del nuevo a\u00f1o, la instituci\u00f3n dar\u00e1 la bienvenida a docentes y personal universitario que retomar\u00e1n sus labores de manera regular despu\u00e9s del receso invernal.<\/p>\n\n\n\n<p>De acuerdo con el calendario de la UAT, el per\u00edodo de inscripciones y reinscripciones permanecer\u00e1 vigente del 5 al 16 de enero de 2026, en tanto que el inicio de clases est\u00e1 programado para el 19 del mismo mes.<\/p>\n\n\n\n<p>En paralelo, durante las primeras semanas del mes, se desarrollar\u00e1n los procesos administrativos correspondientes, como la entrega de actas, los tr\u00e1mites de regularizaci\u00f3n documental y la recepci\u00f3n de solicitudes de becas.<\/p>\n\n\n\n<p>La UAT invita a su comunidad estudiantil a revisar con anticipaci\u00f3n sus horarios, materiales y documentaci\u00f3n requerida, a fin de asegurar un regreso ordenado y puntual.<\/p>\n\n\n\n<p>Asimismo, se recomienda estar atentos a los avisos de cada escuela, facultad o unidad acad\u00e9mica para completar los tr\u00e1mites propios de este inicio de semestre.<\/p>\n\n\n\n<p>Para dudas o informaci\u00f3n adicional sobre procesos escolares, la instituci\u00f3n recuerda que estar\u00e1n disponibles los canales oficiales de atenci\u00f3n de cada plantel universitario, as\u00ed como el portal web y redes sociales oficiales de la UAT, donde se ofrecer\u00e1n actualizaciones y orientaci\u00f3n durante el arranque del per\u00edodo.<\/p>\n\n\n\n<p>\u200b&nbsp;<\/p>\n\n\n\n<figure class=\"wp-block-image\"><img decoding=\"async\" src=\"https:\/\/www.uat.edu.mx\/noticias\/PublishingImages\/2024\/05\/regreso%20(1)_IGB863.jpg\" alt=\"\"\/><\/figure>\n","protected":false},"excerpt":{"rendered":"<p>4 de enero del 2026 &#8220;&nbsp;Luego de su receso vacacional de invierno, la Universidad Aut\u00f3noma de Tamaulipas (UAT) reanuda labores este lunes 5 de enero en todas sus dependencias administrativas y acad\u00e9micas, habilitando este mismo d\u00eda el proceso de inscripciones y reinscripciones para el per\u00edodo escolar universitario 2026-1 (per\u00edodo de Primavera).&nbsp;&#8220; \u200b Ciudad Victoria, Tam.; [&hellip;]<\/p>\n","protected":false},"author":1,"featured_media":5803,"comment_status":"open","ping_status":"open","sticky":false,"template":"","format":"standard","meta":{"footnotes":""},"categories":[4],"tags":[],"class_list":["post-5802","post","type-post","status-publish","format-standard","has-post-thumbnail","hentry","category-universidades"],"blog_post_layout_featured_media_urls":{"thumbnail":["https:\/\/elregionaldigital.info\/wp-content\/uploads\/2026\/01\/4-150x150.jpg",150,150,true],"full":["https:\/\/elregionaldigital.info\/wp-content\/uploads\/2026\/01\/4.jpg",900,600,false]},"categories_names":{"4":{"name":"Universidades","link":"https:\/\/elregionaldigital.info\/?cat=4"}},"tags_names":[],"comments_number":"0","wpmagazine_modules_lite_featured_media_urls":{"thumbnail":["https:\/\/elregionaldigital.info\/wp-content\/uploads\/2026\/01\/4-150x150.jpg",150,150,true],"cvmm-medium":["https:\/\/elregionaldigital.info\/wp-content\/uploads\/2026\/01\/4-300x300.jpg",300,300,true],"cvmm-medium-plus":["https:\/\/elregionaldigital.info\/wp-content\/uploads\/2026\/01\/4-305x207.jpg",305,207,true],"cvmm-portrait":["https:\/\/elregionaldigital.info\/wp-content\/uploads\/2026\/01\/4-400x600.jpg",400,600,true],"cvmm-medium-square":["https:\/\/elregionaldigital.info\/wp-content\/uploads\/2026\/01\/4-600x600.jpg",600,600,true],"cvmm-large":["https:\/\/elregionaldigital.info\/wp-content\/uploads\/2026\/01\/4.jpg",900,600,false],"cvmm-small":["https:\/\/elregionaldigital.info\/wp-content\/uploads\/2026\/01\/4-130x95.jpg",130,95,true],"full":["https:\/\/elregionaldigital.info\/wp-content\/uploads\/2026\/01\/4.jpg",900,600,false]},"_links":{"self":[{"href":"https:\/\/elregionaldigital.info\/index.php?rest_route=\/wp\/v2\/posts\/5802","targetHints":{"allow":["GET"]}}],"collection":[{"href":"https:\/\/elregionaldigital.info\/index.php?rest_route=\/wp\/v2\/posts"}],"about":[{"href":"https:\/\/elregionaldigital.info\/index.php?rest_route=\/wp\/v2\/types\/post"}],"author":[{"embeddable":true,"href":"https:\/\/elregionaldigital.info\/index.php?rest_route=\/wp\/v2\/users\/1"}],"replies":[{"embeddable":true,"href":"https:\/\/elregionaldigital.info\/index.php?rest_route=%2Fwp%2Fv2%2Fcomments&post=5802"}],"version-history":[{"count":1,"href":"https:\/\/elregionaldigital.info\/index.php?rest_route=\/wp\/v2\/posts\/5802\/revisions"}],"predecessor-version":[{"id":5804,"href":"https:\/\/elregionaldigital.info\/index.php?rest_route=\/wp\/v2\/posts\/5802\/revisions\/5804"}],"wp:featuredmedia":[{"embeddable":true,"href":"https:\/\/elregionaldigital.info\/index.php?rest_route=\/wp\/v2\/media\/5803"}],"wp:attachment":[{"href":"https:\/\/elregionaldigital.info\/index.php?rest_route=%2Fwp%2Fv2%2Fmedia&parent=5802"}],"wp:term":[{"taxonomy":"category","embeddable":true,"href":"https:\/\/elregionaldigital.info\/index.php?rest_route=%2Fwp%2Fv2%2Fcategories&post=5802"},{"taxonomy":"post_tag","embeddable":true,"href":"https:\/\/elregionaldigital.info\/index.php?rest_route=%2Fwp%2Fv2%2Ftags&post=5802"}],"curies":[{"name":"wp","href":"https:\/\/api.w.org\/{rel}","templated":true}]}}