{"id":5763,"date":"2025-12-06T19:15:27","date_gmt":"2025-12-06T19:15:27","guid":{"rendered":"https:\/\/elregionaldigital.info\/?p=5763"},"modified":"2025-12-10T19:17:12","modified_gmt":"2025-12-10T19:17:12","slug":"enrique-pena-nieto-esta-en-mexico-tras-casi-siete-anos-de-ausencia","status":"publish","type":"post","link":"https:\/\/elregionaldigital.info\/?p=5763","title":{"rendered":"Enrique Pe\u00f1a Nieto est\u00e1 en M\u00e9xico, tras casi siete a\u00f1os de ausencia"},"content":{"rendered":"\n<p>diciembre 6, 2025<\/p>\n\n\n\n<p>El periodista\u00a0<strong>Joaqu\u00edn L\u00f3pez-D\u00f3riga<\/strong>\u00a0inform\u00f3 en su cuenta de X que el\u00a0<strong>expresidente de M\u00e9xico, Enrique Pe\u00f1a Nieto<\/strong>, regres\u00f3 este viernes por la noche a M\u00e9xico, tras casi siete a\u00f1os de ausencia.<\/p>\n\n\n\n<blockquote class=\"wp-block-quote is-layout-flow wp-block-quote-is-layout-flow\">\n<p>S\u00ed, s\u00ed les puedo confirmar que el expresidente Enrique Pe\u00f1a Nieto regres\u00f3 anoche a M\u00e9xico despu\u00e9s de casi siete a\u00f1os de ausencia\u201d, destac\u00f3 L\u00f3pez-D\u00f3riga en X.<\/p>\n<\/blockquote>\n\n\n\n<p>El expresidente<strong>&nbsp;Enrique Pe\u00f1a Nieto<\/strong>&nbsp;vive en Madrid, Espa\u00f1a, donde traslad\u00f3 su residencia tras el triunfo de&nbsp;<strong>Andr\u00e9s Manuel L\u00f3pez Obrador<\/strong>&nbsp;en la Presidencia en 2018.<\/p>\n\n\n\n<h2 class=\"wp-block-heading\">ES VISTO EN IXTAPAN DE LA SAL<\/h2>\n\n\n\n<p>El&nbsp;<strong>periodista y columnista de El Universal, Mario Maldonado<\/strong>, asegur\u00f3 que el exmandatario fue visto en&nbsp;<strong>Ixtapan de la Sal Estado de M\u00e9xico<\/strong>, donde visit\u00f3 a su familia.<\/p>\n\n\n\n<p>\u201cVino a visitar a su madre, que ya no puede viaja con facilidad. Se le vio estos d\u00edas en Ixtapan de la Sas, seg\u00fan me confirman fuenres de alto nivel\u201d, dijo Maldonado en X<\/p>\n\n\n\n<p><strong>Enrique Pe\u00f1a Nieto<\/strong>\u00a0se desempe\u00f1\u00f3 como<strong>\u00a0Presidente de M\u00e9xico<\/strong>\u00a0durante el sexenio de 2012 a 2018.<\/p>\n\n\n\n<p>Su Presidencia marc\u00f3 el regreso del\u00a0<strong>PRI<\/strong>\u00a0al poder, tras perder las elecciones de 2000 y 2006.<\/p>\n\n\n\n<p>De 2005 a 2011 fue gobernador del Estado de M\u00e9xico.<\/p>\n\n\n\n<p>Su gobierno se centr\u00f3 en una serie de reformas estructurales (un total de 14), con el objetivo de transformar sectores clave como el energ\u00e9tico, educativo, de telecomunicaciones y el laboral, entre otros.<\/p>\n\n\n\n<p>El mandato de&nbsp;<strong>Pe\u00f1a Nieto<\/strong>&nbsp;estuvo marcado por importantes controversias y esc\u00e1ndalos de corrupci\u00f3n y cr\u00edticas por el manejo de la seguridad y la econom\u00eda. Su imagen p\u00fablica y estilo de comunicaci\u00f3n tambi\u00e9n fueron objeto de amplio escrutinio y s\u00e1tira en redes sociales.<\/p>\n\n\n\n<figure class=\"wp-block-image size-full\"><img loading=\"lazy\" decoding=\"async\" width=\"1000\" height=\"563\" src=\"https:\/\/elregionaldigital.info\/wp-content\/uploads\/2025\/12\/image-9.png\" alt=\"\" class=\"wp-image-5764\" srcset=\"https:\/\/elregionaldigital.info\/wp-content\/uploads\/2025\/12\/image-9.png 1000w, https:\/\/elregionaldigital.info\/wp-content\/uploads\/2025\/12\/image-9-300x169.png 300w, https:\/\/elregionaldigital.info\/wp-content\/uploads\/2025\/12\/image-9-768x432.png 768w\" sizes=\"auto, (max-width: 1000px) 100vw, 1000px\" \/><\/figure>\n","protected":false},"excerpt":{"rendered":"<p>diciembre 6, 2025 El periodista\u00a0Joaqu\u00edn L\u00f3pez-D\u00f3riga\u00a0inform\u00f3 en su cuenta de X que el\u00a0expresidente de M\u00e9xico, Enrique Pe\u00f1a Nieto, regres\u00f3 este viernes por la noche a M\u00e9xico, tras casi siete a\u00f1os de ausencia. S\u00ed, s\u00ed les puedo confirmar que el expresidente Enrique Pe\u00f1a Nieto regres\u00f3 anoche a M\u00e9xico despu\u00e9s de casi siete a\u00f1os de ausencia\u201d, destac\u00f3 [&hellip;]<\/p>\n","protected":false},"author":1,"featured_media":5764,"comment_status":"open","ping_status":"open","sticky":false,"template":"","format":"standard","meta":{"footnotes":""},"categories":[5],"tags":[],"class_list":["post-5763","post","type-post","status-publish","format-standard","has-post-thumbnail","hentry","category-nacional"],"blog_post_layout_featured_media_urls":{"thumbnail":["https:\/\/elregionaldigital.info\/wp-content\/uploads\/2025\/12\/image-9-150x150.png",150,150,true],"full":["https:\/\/elregionaldigital.info\/wp-content\/uploads\/2025\/12\/image-9.png",1000,563,false]},"categories_names":{"5":{"name":"Nacional","link":"https:\/\/elregionaldigital.info\/?cat=5"}},"tags_names":[],"comments_number":"0","wpmagazine_modules_lite_featured_media_urls":{"thumbnail":["https:\/\/elregionaldigital.info\/wp-content\/uploads\/2025\/12\/image-9-150x150.png",150,150,true],"cvmm-medium":["https:\/\/elregionaldigital.info\/wp-content\/uploads\/2025\/12\/image-9-300x300.png",300,300,true],"cvmm-medium-plus":["https:\/\/elregionaldigital.info\/wp-content\/uploads\/2025\/12\/image-9-305x207.png",305,207,true],"cvmm-portrait":["https:\/\/elregionaldigital.info\/wp-content\/uploads\/2025\/12\/image-9-400x563.png",400,563,true],"cvmm-medium-square":["https:\/\/elregionaldigital.info\/wp-content\/uploads\/2025\/12\/image-9-600x563.png",600,563,true],"cvmm-large":["https:\/\/elregionaldigital.info\/wp-content\/uploads\/2025\/12\/image-9.png",1000,563,false],"cvmm-small":["https:\/\/elregionaldigital.info\/wp-content\/uploads\/2025\/12\/image-9-130x95.png",130,95,true],"full":["https:\/\/elregionaldigital.info\/wp-content\/uploads\/2025\/12\/image-9.png",1000,563,false]},"_links":{"self":[{"href":"https:\/\/elregionaldigital.info\/index.php?rest_route=\/wp\/v2\/posts\/5763","targetHints":{"allow":["GET"]}}],"collection":[{"href":"https:\/\/elregionaldigital.info\/index.php?rest_route=\/wp\/v2\/posts"}],"about":[{"href":"https:\/\/elregionaldigital.info\/index.php?rest_route=\/wp\/v2\/types\/post"}],"author":[{"embeddable":true,"href":"https:\/\/elregionaldigital.info\/index.php?rest_route=\/wp\/v2\/users\/1"}],"replies":[{"embeddable":true,"href":"https:\/\/elregionaldigital.info\/index.php?rest_route=%2Fwp%2Fv2%2Fcomments&post=5763"}],"version-history":[{"count":1,"href":"https:\/\/elregionaldigital.info\/index.php?rest_route=\/wp\/v2\/posts\/5763\/revisions"}],"predecessor-version":[{"id":5765,"href":"https:\/\/elregionaldigital.info\/index.php?rest_route=\/wp\/v2\/posts\/5763\/revisions\/5765"}],"wp:featuredmedia":[{"embeddable":true,"href":"https:\/\/elregionaldigital.info\/index.php?rest_route=\/wp\/v2\/media\/5764"}],"wp:attachment":[{"href":"https:\/\/elregionaldigital.info\/index.php?rest_route=%2Fwp%2Fv2%2Fmedia&parent=5763"}],"wp:term":[{"taxonomy":"category","embeddable":true,"href":"https:\/\/elregionaldigital.info\/index.php?rest_route=%2Fwp%2Fv2%2Fcategories&post=5763"},{"taxonomy":"post_tag","embeddable":true,"href":"https:\/\/elregionaldigital.info\/index.php?rest_route=%2Fwp%2Fv2%2Ftags&post=5763"}],"curies":[{"name":"wp","href":"https:\/\/api.w.org\/{rel}","templated":true}]}}