{"id":5714,"date":"2025-12-02T18:31:34","date_gmt":"2025-12-02T18:31:34","guid":{"rendered":"https:\/\/elregionaldigital.info\/?p=5714"},"modified":"2025-12-04T18:34:48","modified_gmt":"2025-12-04T18:34:48","slug":"matan-a-dos-hombres-en-cuautitlan-izcalli-serian-familiares-de-caro-quintero","status":"publish","type":"post","link":"https:\/\/elregionaldigital.info\/?p=5714","title":{"rendered":"Matan a dos hombres en Cuautitl\u00e1n Izcalli; ser\u00edan familiares de Caro Quintero"},"content":{"rendered":"\n<p>diciembre 2, 2025<\/p>\n\n\n\n<p>Dos&nbsp;<strong>hombres<\/strong>&nbsp;fueron&nbsp;<strong>asesinados<\/strong>&nbsp;en una plaza comercial de&nbsp;<strong>Cuautitl\u00e1n<\/strong>&nbsp;<strong>Izcalli<\/strong>, Edomex. Se presume que ser\u00edan&nbsp;<strong>familiares<\/strong>&nbsp;del narcotraficante&nbsp;<strong>Rafael Caro Quintero<\/strong>.<\/p>\n\n\n\n<p>La tarde del 1 de diciembre, autoridades municipales y estatales se movilizaron a&nbsp;<strong>Plaza Arkana<\/strong>&nbsp;tras un reporte de disparos por arma de fuego.<\/p>\n\n\n\n<p>Testigos refirieron que tres&nbsp;<strong>sujetos armados<\/strong>&nbsp;ingresaron a una&nbsp;<strong>lavander\u00eda<\/strong>&nbsp;y&nbsp;<strong>dispararon<\/strong>&nbsp;contra&nbsp;<strong>dos<\/strong>&nbsp;<strong>hombres<\/strong>.<\/p>\n\n\n\n<p>Autoridades contabilizaron&nbsp;<strong>43 disparos<\/strong>.<\/p>\n\n\n\n<p>El Gobierno Municipal de Cuautitl\u00e1n Izcalli\u00a0inform\u00f3\u00a0que las dos v\u00edctimas murieron en el acto, en tanto que una persona m\u00e1s result\u00f3 herida.<\/p>\n\n\n\n<p>Los dos hombres muertos fueron identificados como:<\/p>\n\n\n\n<ul class=\"wp-block-list\">\n<li>Emilio Quintero, de 31 a\u00f1os y originario de Culiac\u00e1n.<\/li>\n\n\n\n<li>Juan Pablo Quintero, de 21 a\u00f1os y con residencia en Guadalajara.<\/li>\n<\/ul>\n\n\n\n<p>De acuerdo con el periodista&nbsp;<em>Carlos Jim\u00e9nez<\/em>, ambas v\u00edctimas ser\u00edan familiares del narcotraficante Rafael Caro Quintero, conocido como \u2018el Narco de Narcos\u2019.<\/p>\n\n\n\n<figure class=\"wp-block-image size-large\"><img loading=\"lazy\" decoding=\"async\" width=\"1024\" height=\"631\" src=\"https:\/\/elregionaldigital.info\/wp-content\/uploads\/2025\/12\/image-1-1024x631.png\" alt=\"\" class=\"wp-image-5715\" srcset=\"https:\/\/elregionaldigital.info\/wp-content\/uploads\/2025\/12\/image-1-1024x631.png 1024w, https:\/\/elregionaldigital.info\/wp-content\/uploads\/2025\/12\/image-1-300x185.png 300w, https:\/\/elregionaldigital.info\/wp-content\/uploads\/2025\/12\/image-1-768x474.png 768w, https:\/\/elregionaldigital.info\/wp-content\/uploads\/2025\/12\/image-1.png 1200w\" sizes=\"auto, (max-width: 1024px) 100vw, 1024px\" \/><\/figure>\n","protected":false},"excerpt":{"rendered":"<p>diciembre 2, 2025 Dos&nbsp;hombres&nbsp;fueron&nbsp;asesinados&nbsp;en una plaza comercial de&nbsp;Cuautitl\u00e1n&nbsp;Izcalli, Edomex. Se presume que ser\u00edan&nbsp;familiares&nbsp;del narcotraficante&nbsp;Rafael Caro Quintero. La tarde del 1 de diciembre, autoridades municipales y estatales se movilizaron a&nbsp;Plaza Arkana&nbsp;tras un reporte de disparos por arma de fuego. Testigos refirieron que tres&nbsp;sujetos armados&nbsp;ingresaron a una&nbsp;lavander\u00eda&nbsp;y&nbsp;dispararon&nbsp;contra&nbsp;dos&nbsp;hombres. Autoridades contabilizaron&nbsp;43 disparos. El Gobierno Municipal de Cuautitl\u00e1n Izcalli\u00a0inform\u00f3\u00a0que las [&hellip;]<\/p>\n","protected":false},"author":1,"featured_media":5715,"comment_status":"open","ping_status":"open","sticky":false,"template":"","format":"standard","meta":{"footnotes":""},"categories":[5],"tags":[],"class_list":["post-5714","post","type-post","status-publish","format-standard","has-post-thumbnail","hentry","category-nacional"],"blog_post_layout_featured_media_urls":{"thumbnail":["https:\/\/elregionaldigital.info\/wp-content\/uploads\/2025\/12\/image-1-150x150.png",150,150,true],"full":["https:\/\/elregionaldigital.info\/wp-content\/uploads\/2025\/12\/image-1.png",1200,740,false]},"categories_names":{"5":{"name":"Nacional","link":"https:\/\/elregionaldigital.info\/?cat=5"}},"tags_names":[],"comments_number":"0","wpmagazine_modules_lite_featured_media_urls":{"thumbnail":["https:\/\/elregionaldigital.info\/wp-content\/uploads\/2025\/12\/image-1-150x150.png",150,150,true],"cvmm-medium":["https:\/\/elregionaldigital.info\/wp-content\/uploads\/2025\/12\/image-1-300x300.png",300,300,true],"cvmm-medium-plus":["https:\/\/elregionaldigital.info\/wp-content\/uploads\/2025\/12\/image-1-305x207.png",305,207,true],"cvmm-portrait":["https:\/\/elregionaldigital.info\/wp-content\/uploads\/2025\/12\/image-1-400x600.png",400,600,true],"cvmm-medium-square":["https:\/\/elregionaldigital.info\/wp-content\/uploads\/2025\/12\/image-1-600x600.png",600,600,true],"cvmm-large":["https:\/\/elregionaldigital.info\/wp-content\/uploads\/2025\/12\/image-1-1024x740.png",1024,740,true],"cvmm-small":["https:\/\/elregionaldigital.info\/wp-content\/uploads\/2025\/12\/image-1-130x95.png",130,95,true],"full":["https:\/\/elregionaldigital.info\/wp-content\/uploads\/2025\/12\/image-1.png",1200,740,false]},"_links":{"self":[{"href":"https:\/\/elregionaldigital.info\/index.php?rest_route=\/wp\/v2\/posts\/5714","targetHints":{"allow":["GET"]}}],"collection":[{"href":"https:\/\/elregionaldigital.info\/index.php?rest_route=\/wp\/v2\/posts"}],"about":[{"href":"https:\/\/elregionaldigital.info\/index.php?rest_route=\/wp\/v2\/types\/post"}],"author":[{"embeddable":true,"href":"https:\/\/elregionaldigital.info\/index.php?rest_route=\/wp\/v2\/users\/1"}],"replies":[{"embeddable":true,"href":"https:\/\/elregionaldigital.info\/index.php?rest_route=%2Fwp%2Fv2%2Fcomments&post=5714"}],"version-history":[{"count":1,"href":"https:\/\/elregionaldigital.info\/index.php?rest_route=\/wp\/v2\/posts\/5714\/revisions"}],"predecessor-version":[{"id":5716,"href":"https:\/\/elregionaldigital.info\/index.php?rest_route=\/wp\/v2\/posts\/5714\/revisions\/5716"}],"wp:featuredmedia":[{"embeddable":true,"href":"https:\/\/elregionaldigital.info\/index.php?rest_route=\/wp\/v2\/media\/5715"}],"wp:attachment":[{"href":"https:\/\/elregionaldigital.info\/index.php?rest_route=%2Fwp%2Fv2%2Fmedia&parent=5714"}],"wp:term":[{"taxonomy":"category","embeddable":true,"href":"https:\/\/elregionaldigital.info\/index.php?rest_route=%2Fwp%2Fv2%2Fcategories&post=5714"},{"taxonomy":"post_tag","embeddable":true,"href":"https:\/\/elregionaldigital.info\/index.php?rest_route=%2Fwp%2Fv2%2Ftags&post=5714"}],"curies":[{"name":"wp","href":"https:\/\/api.w.org\/{rel}","templated":true}]}}