{"id":5711,"date":"2025-12-04T18:31:30","date_gmt":"2025-12-04T18:31:30","guid":{"rendered":"https:\/\/elregionaldigital.info\/?p=5711"},"modified":"2025-12-04T18:31:31","modified_gmt":"2025-12-04T18:31:31","slug":"beca-rita-cetina-inician-los-pagos-de-mil-900-pesos-del-segundo-bimestre-del-ciclo-escolar-2025-2026","status":"publish","type":"post","link":"https:\/\/elregionaldigital.info\/?p=5711","title":{"rendered":"Beca Rita Cetina: Inician los pagos de mil 900 pesos del segundo bimestre del ciclo escolar 2025-2026"},"content":{"rendered":"\n<p>diciembre 4, 2025<\/p>\n\n\n\n<p>Los beneficiarios de la&nbsp;<strong>Beca Rita Cetina<\/strong>&nbsp;comenzar\u00e1n a recibir a partir de este&nbsp;<strong>jueves 4 de diciembre de 2025<\/strong>&nbsp;su pago de&nbsp;<strong>mil 900 pesos<\/strong>, correspondiente al&nbsp;<strong>segundo bimestre<\/strong>&nbsp;del&nbsp;<strong>ciclo escolar 2025-2026<\/strong>.<\/p>\n\n\n\n<p>Dicho pago se recibir\u00e1 a trav\u00e9s de la Tarjeta del Bienestar, y se otorgar\u00e1 \u00fanicamente a aquellas personas que se encuentren en dicho programa del Gobierno federal.<\/p>\n\n\n\n<p>\u201cPara la Beca Rita Cetina, el dep\u00f3sito se har\u00e1 seg\u00fan el apellido de la madre, el padre, tutora o tutor\u201d, apunt\u00f3 en un comunicado la Coordinaci\u00f3n &nbsp;Nacional de Becas para el Bienestar Benito Ju\u00e1rez.<\/p>\n\n\n\n<p>El calendario de pagos es el siguiente:<\/p>\n\n\n\n<ul class=\"wp-block-list\">\n<li><strong>Jueves 4 de diciembre:<\/strong>\u00a0letras A y B.<\/li>\n\n\n\n<li><strong>Viernes 5 de diciembre:\u00a0<\/strong>letra C.<\/li>\n\n\n\n<li><strong>Lunes 8 de diciembre:\u00a0<\/strong>letras D, E y F.<\/li>\n\n\n\n<li><strong>Martes 9 de diciembre:<\/strong>\u00a0letra G.<\/li>\n\n\n\n<li><strong>Mi\u00e9rcoles 10 de diciembre:<\/strong>\u00a0letras H, I, J, K y L.<\/li>\n\n\n\n<li><strong>Jueves 11 de diciembre:<\/strong>\u00a0letra M.<\/li>\n\n\n\n<li><strong>Lunes 15 de diciembre:<\/strong>\u00a0letras N, \u00d1, O, P y Q.<\/li>\n\n\n\n<li><strong>Martes 16 de diciembre:<\/strong>\u00a0letra R.<\/li>\n\n\n\n<li><strong>Mi\u00e9rcoles 17 de diciembre:\u00a0<\/strong>letra S.<\/li>\n\n\n\n<li><strong>Jueves 18 de diciembre:\u00a0<\/strong>letras T, U, V, W, X, Y y Z.<\/li>\n<\/ul>\n\n\n\n<p>La\u00a0Coordinaci\u00f3n Nacional\u00a0de Becas para el Bienestar Benito Ju\u00e1rez apunt\u00f3 que los pagos son escalonados y se depositan a partir de la fecha que aparece en el calendario.<\/p>\n\n\n\n<p><strong>Rita Rosaura Cetina Guti\u00e9rrez (1846-1908)<\/strong>&nbsp;fue una maestra, escritora y feminista yucateca pionera en la&nbsp;<strong>educaci\u00f3n de las mujeres&nbsp;<\/strong>en M\u00e9xico. Creci\u00f3 en una familia acomodada que foment\u00f3 su formaci\u00f3n intelectual.<\/p>\n\n\n\n<p>Comprometida con la igualdad de g\u00e9nero, fund\u00f3 la&nbsp;<strong>Sociedad Cient\u00edfica y Literaria de M\u00e9rida&nbsp;<\/strong>y&nbsp;<strong>La Siempreviva<\/strong>, una escuela en Yucat\u00e1n que formaba parte de un proyecto cultural liderado por mujeres. Este esfuerzo integraba una&nbsp;<strong>sociedad cient\u00edfica y literaria&nbsp;<\/strong>y una revista escrita y administrada por ellas mismas, a trav\u00e9s de la cual&nbsp;<strong>difund\u00edan sus ideas y promov\u00edan la educaci\u00f3n femenina.&nbsp;<\/strong><\/p>\n\n\n\n<p><strong>Rita Cetina&nbsp;<\/strong>se form\u00f3 como maestra del&nbsp;<strong>nivel b\u00e1sico y medio superior<\/strong>; estaba convencida de que la&nbsp;<strong>educaci\u00f3n deb\u00eda ser para todas y todos&nbsp;<\/strong>y no que deb\u00eda circunscribirse \u00fanicamente al \u00e1mbito masculino.<\/p>\n\n\n\n<p>Como directora del&nbsp;<strong>Instituto Literario para Ni\u00f1as<\/strong>, influy\u00f3 en generaciones de luchadoras sociales, incluida&nbsp;<strong>Elvia Carrillo Puerto<\/strong>. Su legado la posiciona como una precursora del feminismo en M\u00e9xico.<\/p>\n\n\n\n<p>Por ello, ahora da nombre a la<strong>&nbsp;Beca de Educaci\u00f3n B\u00e1sica.<\/strong><\/p>\n\n\n\n<figure class=\"wp-block-image size-large\"><img loading=\"lazy\" decoding=\"async\" width=\"1024\" height=\"577\" src=\"https:\/\/elregionaldigital.info\/wp-content\/uploads\/2025\/12\/image-1024x577.png\" alt=\"\" class=\"wp-image-5712\" srcset=\"https:\/\/elregionaldigital.info\/wp-content\/uploads\/2025\/12\/image-1024x577.png 1024w, https:\/\/elregionaldigital.info\/wp-content\/uploads\/2025\/12\/image-300x169.png 300w, https:\/\/elregionaldigital.info\/wp-content\/uploads\/2025\/12\/image-768x433.png 768w, https:\/\/elregionaldigital.info\/wp-content\/uploads\/2025\/12\/image.png 1200w\" sizes=\"auto, (max-width: 1024px) 100vw, 1024px\" \/><\/figure>\n","protected":false},"excerpt":{"rendered":"<p>diciembre 4, 2025 Los beneficiarios de la&nbsp;Beca Rita Cetina&nbsp;comenzar\u00e1n a recibir a partir de este&nbsp;jueves 4 de diciembre de 2025&nbsp;su pago de&nbsp;mil 900 pesos, correspondiente al&nbsp;segundo bimestre&nbsp;del&nbsp;ciclo escolar 2025-2026. Dicho pago se recibir\u00e1 a trav\u00e9s de la Tarjeta del Bienestar, y se otorgar\u00e1 \u00fanicamente a aquellas personas que se encuentren en dicho programa del Gobierno [&hellip;]<\/p>\n","protected":false},"author":1,"featured_media":5712,"comment_status":"open","ping_status":"open","sticky":false,"template":"","format":"standard","meta":{"footnotes":""},"categories":[5],"tags":[],"class_list":["post-5711","post","type-post","status-publish","format-standard","has-post-thumbnail","hentry","category-nacional"],"blog_post_layout_featured_media_urls":{"thumbnail":["https:\/\/elregionaldigital.info\/wp-content\/uploads\/2025\/12\/image-150x150.png",150,150,true],"full":["https:\/\/elregionaldigital.info\/wp-content\/uploads\/2025\/12\/image.png",1200,676,false]},"categories_names":{"5":{"name":"Nacional","link":"https:\/\/elregionaldigital.info\/?cat=5"}},"tags_names":[],"comments_number":"0","wpmagazine_modules_lite_featured_media_urls":{"thumbnail":["https:\/\/elregionaldigital.info\/wp-content\/uploads\/2025\/12\/image-150x150.png",150,150,true],"cvmm-medium":["https:\/\/elregionaldigital.info\/wp-content\/uploads\/2025\/12\/image-300x300.png",300,300,true],"cvmm-medium-plus":["https:\/\/elregionaldigital.info\/wp-content\/uploads\/2025\/12\/image-305x207.png",305,207,true],"cvmm-portrait":["https:\/\/elregionaldigital.info\/wp-content\/uploads\/2025\/12\/image-400x600.png",400,600,true],"cvmm-medium-square":["https:\/\/elregionaldigital.info\/wp-content\/uploads\/2025\/12\/image-600x600.png",600,600,true],"cvmm-large":["https:\/\/elregionaldigital.info\/wp-content\/uploads\/2025\/12\/image-1024x676.png",1024,676,true],"cvmm-small":["https:\/\/elregionaldigital.info\/wp-content\/uploads\/2025\/12\/image-130x95.png",130,95,true],"full":["https:\/\/elregionaldigital.info\/wp-content\/uploads\/2025\/12\/image.png",1200,676,false]},"_links":{"self":[{"href":"https:\/\/elregionaldigital.info\/index.php?rest_route=\/wp\/v2\/posts\/5711","targetHints":{"allow":["GET"]}}],"collection":[{"href":"https:\/\/elregionaldigital.info\/index.php?rest_route=\/wp\/v2\/posts"}],"about":[{"href":"https:\/\/elregionaldigital.info\/index.php?rest_route=\/wp\/v2\/types\/post"}],"author":[{"embeddable":true,"href":"https:\/\/elregionaldigital.info\/index.php?rest_route=\/wp\/v2\/users\/1"}],"replies":[{"embeddable":true,"href":"https:\/\/elregionaldigital.info\/index.php?rest_route=%2Fwp%2Fv2%2Fcomments&post=5711"}],"version-history":[{"count":1,"href":"https:\/\/elregionaldigital.info\/index.php?rest_route=\/wp\/v2\/posts\/5711\/revisions"}],"predecessor-version":[{"id":5713,"href":"https:\/\/elregionaldigital.info\/index.php?rest_route=\/wp\/v2\/posts\/5711\/revisions\/5713"}],"wp:featuredmedia":[{"embeddable":true,"href":"https:\/\/elregionaldigital.info\/index.php?rest_route=\/wp\/v2\/media\/5712"}],"wp:attachment":[{"href":"https:\/\/elregionaldigital.info\/index.php?rest_route=%2Fwp%2Fv2%2Fmedia&parent=5711"}],"wp:term":[{"taxonomy":"category","embeddable":true,"href":"https:\/\/elregionaldigital.info\/index.php?rest_route=%2Fwp%2Fv2%2Fcategories&post=5711"},{"taxonomy":"post_tag","embeddable":true,"href":"https:\/\/elregionaldigital.info\/index.php?rest_route=%2Fwp%2Fv2%2Ftags&post=5711"}],"curies":[{"name":"wp","href":"https:\/\/api.w.org\/{rel}","templated":true}]}}