{"id":5702,"date":"2025-12-01T15:20:09","date_gmt":"2025-12-01T15:20:09","guid":{"rendered":"https:\/\/elregionaldigital.info\/?p=5702"},"modified":"2025-12-02T15:20:46","modified_gmt":"2025-12-02T15:20:46","slug":"construye-la-uat-el-plan-de-cultura-de-paz-2026-junto-a-sus-estudiantes","status":"publish","type":"post","link":"https:\/\/elregionaldigital.info\/?p=5702","title":{"rendered":"Construye la UAT el Plan de Cultura de Paz 2026 junto a sus estudiantes"},"content":{"rendered":"\n<p>1 de diciembre del 2025<\/p>\n\n\n\n<p><strong>&#8220;<\/strong>&nbsp;Con la participaci\u00f3n de las facultades y unidades acad\u00e9micas, la Universidad Aut\u00f3noma de Tamaulipas (UAT) realiza trabajos espec\u00edficos para generar los primeros insumos en la elaboraci\u00f3n e implementaci\u00f3n del Plan de Cultura de Paz 2026, un instrumento que orienta las acciones institucionales para fortalecer la convivencia, la igualdad y el respeto a los derechos humanos en todos los espacios universitarios.&nbsp;<strong>&#8220;<\/strong><\/p>\n\n\n\n<p>\u200b<\/p>\n\n\n\n<p>Ciudad Victoria, Tam.; 1 de diciembre de 2025.<\/p>\n\n\n\n<p>Al concluir el per\u00edodo escolar 2025-3 se han desarrollado talleres creativos y participativos que permiten recopilar reflexiones, experiencias y propuestas de la comunidad estudiantil, personal docente y administrativo.<\/p>\n\n\n\n<p>En este ejercicio se implementan metodolog\u00edas innovadoras que abren espacios de expresi\u00f3n aut\u00e9ntica, di\u00e1logo abierto y construcci\u00f3n conjunta de soluciones, en las cuales los participantes identifican problem\u00e1ticas, se imaginan escenarios deseables y proponen acciones para mejorar la vida universitaria en temas como igualdad, inclusi\u00f3n, bienestar emocional, convivencia segura y participaci\u00f3n comunitaria.<\/p>\n\n\n\n<p>Las sesiones est\u00e1n a cargo de la Defensor\u00eda de los Derechos de los Universitarios mediante una serie de actividades que se han llevado a las distintas sedes de la UAT en el estado, propiciando un espacio de an\u00e1lisis colectivo que nutre la visi\u00f3n institucional y enriquece la toma de decisiones.<\/p>\n\n\n\n<p>Estos ejercicios posicionan a la UAT como una universidad que escucha, dialoga y se transforma junto a su comunidad, reconociendo el valor de las voces que conforman su vida acad\u00e9mica.<\/p>\n\n\n\n<p>Los aportes recabados en cada campus se integrar\u00e1n en un diagn\u00f3stico amplio que permitir\u00e1 dar solidez y pertinencia al Plan de Cultura de Paz 2026 impulsado por la administraci\u00f3n del rector D\u00e1maso Anaya Alvarado, asegurando que responda a las realidades y necesidades de los distintos contextos universitarios.<\/p>\n\n\n\n<p>El Plan de Cultura de Paz de la UAT se concibe como una gu\u00eda estrat\u00e9gica que articula esfuerzos y define l\u00edneas de acci\u00f3n para construir una vida universitaria libre de violencias y discriminaci\u00f3n. Representa un compromiso a largo plazo para consolidar entornos seguros, incluyentes y de bienestar para la comunidad de la UAT en todo el estado.<\/p>\n\n\n\n<p>Su estructura integra cuatro ejes tem\u00e1ticos: prevenci\u00f3n y atenci\u00f3n de violencias y conflictos, orientada a fortalecer mecanismos de mediaci\u00f3n, protocolos de atenci\u00f3n y acciones de convivencia pac\u00edfica; igualdad y no discriminaci\u00f3n, enfocada en erradicar pr\u00e1cticas discriminatorias y promover la igualdad sustantiva con atenci\u00f3n a la diversidad de g\u00e9nero, generacional, cultural y social;&nbsp; derechos humanos en el entorno universitario, que impulsan la formaci\u00f3n, la difusi\u00f3n y la protecci\u00f3n de los derechos fundamentales de la comunidad; y&nbsp; cultura de paz con trascendencia social, que posiciona a la Universidad como un actor clave en la construcci\u00f3n de entornos de bienestar y convivencia armoniosa para la sociedad tamaulipeca.<\/p>\n\n\n\n<figure class=\"wp-block-image\"><img decoding=\"async\" src=\"https:\/\/www.uat.edu.mx\/noticias\/PublishingImages\/2024\/05\/2_JKI681.jpg\" alt=\"\"\/><\/figure>\n","protected":false},"excerpt":{"rendered":"<p>1 de diciembre del 2025 &#8220;&nbsp;Con la participaci\u00f3n de las facultades y unidades acad\u00e9micas, la Universidad Aut\u00f3noma de Tamaulipas (UAT) realiza trabajos espec\u00edficos para generar los primeros insumos en la elaboraci\u00f3n e implementaci\u00f3n del Plan de Cultura de Paz 2026, un instrumento que orienta las acciones institucionales para fortalecer la convivencia, la igualdad y el [&hellip;]<\/p>\n","protected":false},"author":1,"featured_media":5703,"comment_status":"open","ping_status":"open","sticky":false,"template":"","format":"standard","meta":{"footnotes":""},"categories":[4],"tags":[],"class_list":["post-5702","post","type-post","status-publish","format-standard","has-post-thumbnail","hentry","category-universidades"],"blog_post_layout_featured_media_urls":{"thumbnail":["https:\/\/elregionaldigital.info\/wp-content\/uploads\/2025\/12\/1_JKI681-150x150.jpg",150,150,true],"full":["https:\/\/elregionaldigital.info\/wp-content\/uploads\/2025\/12\/1_JKI681.jpg",900,599,false]},"categories_names":{"4":{"name":"Universidades","link":"https:\/\/elregionaldigital.info\/?cat=4"}},"tags_names":[],"comments_number":"0","wpmagazine_modules_lite_featured_media_urls":{"thumbnail":["https:\/\/elregionaldigital.info\/wp-content\/uploads\/2025\/12\/1_JKI681-150x150.jpg",150,150,true],"cvmm-medium":["https:\/\/elregionaldigital.info\/wp-content\/uploads\/2025\/12\/1_JKI681-300x300.jpg",300,300,true],"cvmm-medium-plus":["https:\/\/elregionaldigital.info\/wp-content\/uploads\/2025\/12\/1_JKI681-305x207.jpg",305,207,true],"cvmm-portrait":["https:\/\/elregionaldigital.info\/wp-content\/uploads\/2025\/12\/1_JKI681-400x599.jpg",400,599,true],"cvmm-medium-square":["https:\/\/elregionaldigital.info\/wp-content\/uploads\/2025\/12\/1_JKI681-600x599.jpg",600,599,true],"cvmm-large":["https:\/\/elregionaldigital.info\/wp-content\/uploads\/2025\/12\/1_JKI681.jpg",900,599,false],"cvmm-small":["https:\/\/elregionaldigital.info\/wp-content\/uploads\/2025\/12\/1_JKI681-130x95.jpg",130,95,true],"full":["https:\/\/elregionaldigital.info\/wp-content\/uploads\/2025\/12\/1_JKI681.jpg",900,599,false]},"_links":{"self":[{"href":"https:\/\/elregionaldigital.info\/index.php?rest_route=\/wp\/v2\/posts\/5702","targetHints":{"allow":["GET"]}}],"collection":[{"href":"https:\/\/elregionaldigital.info\/index.php?rest_route=\/wp\/v2\/posts"}],"about":[{"href":"https:\/\/elregionaldigital.info\/index.php?rest_route=\/wp\/v2\/types\/post"}],"author":[{"embeddable":true,"href":"https:\/\/elregionaldigital.info\/index.php?rest_route=\/wp\/v2\/users\/1"}],"replies":[{"embeddable":true,"href":"https:\/\/elregionaldigital.info\/index.php?rest_route=%2Fwp%2Fv2%2Fcomments&post=5702"}],"version-history":[{"count":1,"href":"https:\/\/elregionaldigital.info\/index.php?rest_route=\/wp\/v2\/posts\/5702\/revisions"}],"predecessor-version":[{"id":5704,"href":"https:\/\/elregionaldigital.info\/index.php?rest_route=\/wp\/v2\/posts\/5702\/revisions\/5704"}],"wp:featuredmedia":[{"embeddable":true,"href":"https:\/\/elregionaldigital.info\/index.php?rest_route=\/wp\/v2\/media\/5703"}],"wp:attachment":[{"href":"https:\/\/elregionaldigital.info\/index.php?rest_route=%2Fwp%2Fv2%2Fmedia&parent=5702"}],"wp:term":[{"taxonomy":"category","embeddable":true,"href":"https:\/\/elregionaldigital.info\/index.php?rest_route=%2Fwp%2Fv2%2Fcategories&post=5702"},{"taxonomy":"post_tag","embeddable":true,"href":"https:\/\/elregionaldigital.info\/index.php?rest_route=%2Fwp%2Fv2%2Ftags&post=5702"}],"curies":[{"name":"wp","href":"https:\/\/api.w.org\/{rel}","templated":true}]}}