{"id":5695,"date":"2025-11-29T15:26:55","date_gmt":"2025-11-29T15:26:55","guid":{"rendered":"https:\/\/elregionaldigital.info\/?p=5695"},"modified":"2025-12-01T15:27:46","modified_gmt":"2025-12-01T15:27:46","slug":"realiza-la-uat-con-exito-el-primer-concurso-nacional-de-oratoria-universitario","status":"publish","type":"post","link":"https:\/\/elregionaldigital.info\/?p=5695","title":{"rendered":"Realiza la UAT con \u00e9xito el Primer Concurso Nacional de Oratoria Universitario"},"content":{"rendered":"\n<p>29 de noviembre del 2025<\/p>\n\n\n\n<p><strong>&#8220;<\/strong>&nbsp;La Universidad Aut\u00f3noma de Tamaulipas (UAT) celebr\u00f3 con \u00e9xito el Primer Concurso Nacional de Oratoria Universitario \u201cDra. Claudia Sheinbaum Pardo&#8221;, que reuni\u00f3 a estudiantes de instituciones de educaci\u00f3n superior provenientes de distintos estados del pa\u00eds, generando un espacio juvenil de di\u00e1logo y participaci\u00f3n plural.&nbsp;<strong>&#8220;<\/strong><\/p>\n\n\n\n<p>\u200b<\/p>\n\n\n\n<p>Tampico, Tam.; 29 de noviembre de 2025.<\/p>\n\n\n\n<p>Organizado por la Facultad de Derecho y Ciencias Sociales (FADYCS) de Tampico, a trav\u00e9s del Centro de Mediaci\u00f3n Universitario, el certamen reforz\u00f3 el compromiso de la UAT con la formaci\u00f3n c\u00edvica, la expresi\u00f3n p\u00fablica y la construcci\u00f3n de ciudadan\u00eda, aline\u00e1ndose con las prioridades nacionales en materia de educaci\u00f3n integral, innovaci\u00f3n y desarrollo social.<\/p>\n\n\n\n<p>A lo largo de dos jornadas, las y los participantes desarrollaron etapas de exposici\u00f3n oral, discursos preparados y pruebas de improvisaci\u00f3n, en las que se abordaron temas estrat\u00e9gicos para el desarrollo nacional como: sustentabilidad y medio ambiente; ciencia, tecnolog\u00eda e innovaci\u00f3n; justicia social y equidad; desarrollo urbano y calidad de vida; y el rol de la juventud en la transformaci\u00f3n social.<\/p>\n\n\n\n<p>El concurso cont\u00f3 con un jurado integrado por especialistas en comunicaci\u00f3n, derecho y oratoria, quienes evaluaron criterios como voz, lenguaje, actitud, claridad argumentativa y originalidad del discurso, asegurando un proceso transparente y de alto rigor acad\u00e9mico.<\/p>\n\n\n\n<p>Tras la evaluaci\u00f3n final, fueron reconocidos: Adolfo Hern\u00e1ndez Hern\u00e1ndez, de la Universidad Aut\u00f3noma de Tlaxcala, con el primer lugar; Fernando Joaqu\u00edn Mej\u00eda Espinoza, de la Universidad Aut\u00f3noma de Quer\u00e9taro, en la segunda posici\u00f3n; y Cynthia Nayeli Arriaga V\u00e1squez, estudiante de la UAT, quien obtuvo el tercer lugar.<\/p>\n\n\n\n<p>La ceremonia de clausura, realizada en el Centro de Excelencia \u201cEnrique Collado S\u00e1mano&#8221; del Campus Tampico, cont\u00f3 con la presencia de autoridades federales, acad\u00e9micas y representantes estudiantiles, quienes destacaron la relevancia del certamen como un ejercicio de fortalecimiento democr\u00e1tico y desarrollo juvenil.<\/p>\n\n\n\n<p>La directora de la FADYCS, Elda Ruth de los Reyes Villarreal, y la directora del Centro de Mediaci\u00f3n Universitario, Gracia Elena Medina L\u00f3pez, encabezaron la entrega de constancias y reconocimientos, agradeciendo la participaci\u00f3n de las instituciones invitadas y el respaldo de la comunidad universitaria.<\/p>\n\n\n\n<figure class=\"wp-block-image\"><img decoding=\"async\" src=\"https:\/\/www.uat.edu.mx\/noticias\/PublishingImages\/2024\/05\/foto%202%20oratoria%2029%2011%202025_BGT419.jpg\" alt=\"\"\/><\/figure>\n","protected":false},"excerpt":{"rendered":"<p>29 de noviembre del 2025 &#8220;&nbsp;La Universidad Aut\u00f3noma de Tamaulipas (UAT) celebr\u00f3 con \u00e9xito el Primer Concurso Nacional de Oratoria Universitario \u201cDra. Claudia Sheinbaum Pardo&#8221;, que reuni\u00f3 a estudiantes de instituciones de educaci\u00f3n superior provenientes de distintos estados del pa\u00eds, generando un espacio juvenil de di\u00e1logo y participaci\u00f3n plural.&nbsp;&#8220; \u200b Tampico, Tam.; 29 de noviembre [&hellip;]<\/p>\n","protected":false},"author":1,"featured_media":5697,"comment_status":"open","ping_status":"open","sticky":false,"template":"","format":"standard","meta":{"footnotes":""},"categories":[4],"tags":[],"class_list":["post-5695","post","type-post","status-publish","format-standard","has-post-thumbnail","hentry","category-universidades"],"blog_post_layout_featured_media_urls":{"thumbnail":["https:\/\/elregionaldigital.info\/wp-content\/uploads\/2025\/12\/29-150x150.jpg",150,150,true],"full":["https:\/\/elregionaldigital.info\/wp-content\/uploads\/2025\/12\/29.jpg",900,599,false]},"categories_names":{"4":{"name":"Universidades","link":"https:\/\/elregionaldigital.info\/?cat=4"}},"tags_names":[],"comments_number":"0","wpmagazine_modules_lite_featured_media_urls":{"thumbnail":["https:\/\/elregionaldigital.info\/wp-content\/uploads\/2025\/12\/29-150x150.jpg",150,150,true],"cvmm-medium":["https:\/\/elregionaldigital.info\/wp-content\/uploads\/2025\/12\/29-300x300.jpg",300,300,true],"cvmm-medium-plus":["https:\/\/elregionaldigital.info\/wp-content\/uploads\/2025\/12\/29-305x207.jpg",305,207,true],"cvmm-portrait":["https:\/\/elregionaldigital.info\/wp-content\/uploads\/2025\/12\/29-400x599.jpg",400,599,true],"cvmm-medium-square":["https:\/\/elregionaldigital.info\/wp-content\/uploads\/2025\/12\/29-600x599.jpg",600,599,true],"cvmm-large":["https:\/\/elregionaldigital.info\/wp-content\/uploads\/2025\/12\/29.jpg",900,599,false],"cvmm-small":["https:\/\/elregionaldigital.info\/wp-content\/uploads\/2025\/12\/29-130x95.jpg",130,95,true],"full":["https:\/\/elregionaldigital.info\/wp-content\/uploads\/2025\/12\/29.jpg",900,599,false]},"_links":{"self":[{"href":"https:\/\/elregionaldigital.info\/index.php?rest_route=\/wp\/v2\/posts\/5695","targetHints":{"allow":["GET"]}}],"collection":[{"href":"https:\/\/elregionaldigital.info\/index.php?rest_route=\/wp\/v2\/posts"}],"about":[{"href":"https:\/\/elregionaldigital.info\/index.php?rest_route=\/wp\/v2\/types\/post"}],"author":[{"embeddable":true,"href":"https:\/\/elregionaldigital.info\/index.php?rest_route=\/wp\/v2\/users\/1"}],"replies":[{"embeddable":true,"href":"https:\/\/elregionaldigital.info\/index.php?rest_route=%2Fwp%2Fv2%2Fcomments&post=5695"}],"version-history":[{"count":1,"href":"https:\/\/elregionaldigital.info\/index.php?rest_route=\/wp\/v2\/posts\/5695\/revisions"}],"predecessor-version":[{"id":5698,"href":"https:\/\/elregionaldigital.info\/index.php?rest_route=\/wp\/v2\/posts\/5695\/revisions\/5698"}],"wp:featuredmedia":[{"embeddable":true,"href":"https:\/\/elregionaldigital.info\/index.php?rest_route=\/wp\/v2\/media\/5697"}],"wp:attachment":[{"href":"https:\/\/elregionaldigital.info\/index.php?rest_route=%2Fwp%2Fv2%2Fmedia&parent=5695"}],"wp:term":[{"taxonomy":"category","embeddable":true,"href":"https:\/\/elregionaldigital.info\/index.php?rest_route=%2Fwp%2Fv2%2Fcategories&post=5695"},{"taxonomy":"post_tag","embeddable":true,"href":"https:\/\/elregionaldigital.info\/index.php?rest_route=%2Fwp%2Fv2%2Ftags&post=5695"}],"curies":[{"name":"wp","href":"https:\/\/api.w.org\/{rel}","templated":true}]}}