{"id":5689,"date":"2025-11-28T19:47:33","date_gmt":"2025-11-28T19:47:33","guid":{"rendered":"https:\/\/elregionaldigital.info\/?p=5689"},"modified":"2025-11-28T19:47:33","modified_gmt":"2025-11-28T19:47:33","slug":"tres-conciertos-mas-de-shakira-en-mexico-para-2026","status":"publish","type":"post","link":"https:\/\/elregionaldigital.info\/?p=5689","title":{"rendered":"Tres conciertos m\u00e1s de Shakira en M\u00e9xico para 2026"},"content":{"rendered":"\n<p>28 NOVIEMBRE, 2025<\/p>\n\n\n\n<p>La cantante colombiana&nbsp;<strong>Shakira<\/strong>&nbsp;anunci\u00f3 este mi\u00e9rcoles que su gira \u2018Las Mujeres Ya No Lloran World Tour\u2019 volver\u00e1 a&nbsp;<strong>M\u00e9xico<\/strong>&nbsp;en febrero de 2026, con tres conciertos en distintas partes del pa\u00eds.<\/p>\n\n\n\n<p>En un comunicado, los organizadores informaron que&nbsp;<strong>Shakira actuar\u00e1 el 21 de febrero en Chiapas, el 24 en Yucat\u00e1n y, a modo de cierre en el pa\u00eds, el 27 en Ciudad de M\u00e9xico<\/strong>, destacando que esta gira, a diferencia de las anteriores, ser\u00e1 la \u201cm\u00e1s grande en la historia de M\u00e9xico\u201d que haya realizado la int\u00e9rprete colombiana.<\/p>\n\n\n\n<p>\u201c<strong>Shakira regresa a M\u00e9xico<\/strong>\u00a0para ofrecer las noches m\u00e1s poderosas, emotivas y explosivas de la gira, en un encuentro que promete ser inolvidable. El fervor del p\u00fablico mexicano no solo impresion\u00f3 a la industria: influy\u00f3 directamente en la decisi\u00f3n de agregar nuevas fechas, impulsada por la demanda masiva de los fans\u201d, se\u00f1al\u00f3 la nota.<\/p>\n\n\n\n<p>La artista, premiada este a\u00f1o con el reconocimiento de Billboard por \u2018<strong>La gira latina m\u00e1s taquillera de una mujer en la historia<\/strong>\u2018, ya estuvo en otras ocasiones en el pa\u00eds azteca, en cuya capital realiz\u00f3 12 actuaciones que congregaron a m\u00e1s de 780 mil asistentes.<\/p>\n\n\n\n<figure class=\"wp-block-image size-large\"><img loading=\"lazy\" decoding=\"async\" width=\"1024\" height=\"640\" src=\"https:\/\/elregionaldigital.info\/wp-content\/uploads\/2025\/11\/image-26-1024x640.png\" alt=\"\" class=\"wp-image-5690\" srcset=\"https:\/\/elregionaldigital.info\/wp-content\/uploads\/2025\/11\/image-26-1024x640.png 1024w, https:\/\/elregionaldigital.info\/wp-content\/uploads\/2025\/11\/image-26-300x188.png 300w, https:\/\/elregionaldigital.info\/wp-content\/uploads\/2025\/11\/image-26-768x480.png 768w, https:\/\/elregionaldigital.info\/wp-content\/uploads\/2025\/11\/image-26.png 1200w\" sizes=\"auto, (max-width: 1024px) 100vw, 1024px\" \/><\/figure>\n","protected":false},"excerpt":{"rendered":"<p>28 NOVIEMBRE, 2025 La cantante colombiana&nbsp;Shakira&nbsp;anunci\u00f3 este mi\u00e9rcoles que su gira \u2018Las Mujeres Ya No Lloran World Tour\u2019 volver\u00e1 a&nbsp;M\u00e9xico&nbsp;en febrero de 2026, con tres conciertos en distintas partes del pa\u00eds. En un comunicado, los organizadores informaron que&nbsp;Shakira actuar\u00e1 el 21 de febrero en Chiapas, el 24 en Yucat\u00e1n y, a modo de cierre en [&hellip;]<\/p>\n","protected":false},"author":1,"featured_media":5690,"comment_status":"open","ping_status":"open","sticky":false,"template":"","format":"standard","meta":{"footnotes":""},"categories":[3],"tags":[],"class_list":["post-5689","post","type-post","status-publish","format-standard","has-post-thumbnail","hentry","category-entretenimiento"],"blog_post_layout_featured_media_urls":{"thumbnail":["https:\/\/elregionaldigital.info\/wp-content\/uploads\/2025\/11\/image-26-150x150.png",150,150,true],"full":["https:\/\/elregionaldigital.info\/wp-content\/uploads\/2025\/11\/image-26.png",1200,750,false]},"categories_names":{"3":{"name":"Entretenimiento","link":"https:\/\/elregionaldigital.info\/?cat=3"}},"tags_names":[],"comments_number":"0","wpmagazine_modules_lite_featured_media_urls":{"thumbnail":["https:\/\/elregionaldigital.info\/wp-content\/uploads\/2025\/11\/image-26-150x150.png",150,150,true],"cvmm-medium":["https:\/\/elregionaldigital.info\/wp-content\/uploads\/2025\/11\/image-26-300x300.png",300,300,true],"cvmm-medium-plus":["https:\/\/elregionaldigital.info\/wp-content\/uploads\/2025\/11\/image-26-305x207.png",305,207,true],"cvmm-portrait":["https:\/\/elregionaldigital.info\/wp-content\/uploads\/2025\/11\/image-26-400x600.png",400,600,true],"cvmm-medium-square":["https:\/\/elregionaldigital.info\/wp-content\/uploads\/2025\/11\/image-26-600x600.png",600,600,true],"cvmm-large":["https:\/\/elregionaldigital.info\/wp-content\/uploads\/2025\/11\/image-26-1024x750.png",1024,750,true],"cvmm-small":["https:\/\/elregionaldigital.info\/wp-content\/uploads\/2025\/11\/image-26-130x95.png",130,95,true],"full":["https:\/\/elregionaldigital.info\/wp-content\/uploads\/2025\/11\/image-26.png",1200,750,false]},"_links":{"self":[{"href":"https:\/\/elregionaldigital.info\/index.php?rest_route=\/wp\/v2\/posts\/5689","targetHints":{"allow":["GET"]}}],"collection":[{"href":"https:\/\/elregionaldigital.info\/index.php?rest_route=\/wp\/v2\/posts"}],"about":[{"href":"https:\/\/elregionaldigital.info\/index.php?rest_route=\/wp\/v2\/types\/post"}],"author":[{"embeddable":true,"href":"https:\/\/elregionaldigital.info\/index.php?rest_route=\/wp\/v2\/users\/1"}],"replies":[{"embeddable":true,"href":"https:\/\/elregionaldigital.info\/index.php?rest_route=%2Fwp%2Fv2%2Fcomments&post=5689"}],"version-history":[{"count":1,"href":"https:\/\/elregionaldigital.info\/index.php?rest_route=\/wp\/v2\/posts\/5689\/revisions"}],"predecessor-version":[{"id":5691,"href":"https:\/\/elregionaldigital.info\/index.php?rest_route=\/wp\/v2\/posts\/5689\/revisions\/5691"}],"wp:featuredmedia":[{"embeddable":true,"href":"https:\/\/elregionaldigital.info\/index.php?rest_route=\/wp\/v2\/media\/5690"}],"wp:attachment":[{"href":"https:\/\/elregionaldigital.info\/index.php?rest_route=%2Fwp%2Fv2%2Fmedia&parent=5689"}],"wp:term":[{"taxonomy":"category","embeddable":true,"href":"https:\/\/elregionaldigital.info\/index.php?rest_route=%2Fwp%2Fv2%2Fcategories&post=5689"},{"taxonomy":"post_tag","embeddable":true,"href":"https:\/\/elregionaldigital.info\/index.php?rest_route=%2Fwp%2Fv2%2Ftags&post=5689"}],"curies":[{"name":"wp","href":"https:\/\/api.w.org\/{rel}","templated":true}]}}