{"id":5679,"date":"2025-11-28T19:33:28","date_gmt":"2025-11-28T19:33:28","guid":{"rendered":"https:\/\/elregionaldigital.info\/?p=5679"},"modified":"2025-11-28T19:33:28","modified_gmt":"2025-11-28T19:33:28","slug":"sergio-ramos-dejaria-a-rayados-de-monterrey-afirman-en-espana","status":"publish","type":"post","link":"https:\/\/elregionaldigital.info\/?p=5679","title":{"rendered":"Sergio Ramos dejar\u00eda a Rayados de Monterrey, afirman en Espa\u00f1a"},"content":{"rendered":"\n<p>noviembre 28, 2025<\/p>\n\n\n\n<p>El defensa espa\u00f1ol&nbsp;<strong>Sergio Ramos<\/strong>&nbsp;dejar\u00eda a los<strong>&nbsp;Rayados del Monterrey<\/strong>&nbsp;en las pr\u00f3ximas semanas.<\/p>\n\n\n\n<p>Lo anterior fue detallado por el periodista\u00a0Juanfe\u00a0Sanz P\u00e9rez durante el programa de \u2018El Chiringuito\u2019, que se emite en el canal de televisi\u00f3n Mega de Espa\u00f1a.<\/p>\n\n\n\n<blockquote class=\"wp-block-quote is-layout-flow wp-block-quote-is-layout-flow\">\n<p>Sergio Ramos ha tomado una decisi\u00f3n: ha decidido poner fin a su etapa en Rayados de Monterrey. ha tomado la decisi\u00f3n de marcharse de M\u00e9xico\u201d, declar\u00f3.<\/p>\n<\/blockquote>\n\n\n\n<p>\u201cEst\u00e1 enamorado de la ciudad, de la afici\u00f3n, M\u00e9xico es pa\u00eds un pa\u00eds que le encanta y que tiene como objetivo claro acabar levantando un t\u00edtulo, motivo por el que fich\u00f3 con Rayados y que est\u00e1n peleando en estos momentos en playoffs (liguilla)\u201d, agreg\u00f3.<\/p>\n\n\n\n<p>Sanz explic\u00f3 que Ramos, de 39 a\u00f1os de edad, no piensa retirarse del futbol todav\u00eda ya que siente que todav\u00eda est\u00e1 bien f\u00edsicamente, por lo que emprender\u00e1 un nuevo reto en su carrera deportiva tras culminar su etapa en el futbol mexicano.<\/p>\n\n\n\n<p>\u201cQuiere emprender una nueva etapa deportiva. Se ve f\u00edsicamente bien, es absolutamente indiscutible que en el \u00faltimo Mundial de Clubes hizo un gran papel y que no piensa en retirarse\u201d, expuso.<\/p>\n\n\n\n<p>Hasta el momento, ni la directiva de Rayados ni Ramos han emitido una posici\u00f3n luego de que surgiera esta informaci\u00f3n en \u2018El Chiringuito\u2019, uno de los programas deportivos m\u00e1s populares en Espa\u00f1a.<\/p>\n\n\n\n<p>Sergio Ramos, leyenda del Real Madrid, se incorpor\u00f3 a los Rayados de Monterrey en febrero de 2025, con un contrato de tan solo un a\u00f1o de duraci\u00f3n.<\/p>\n\n\n\n<p>El zaguero espa\u00f1ol registr\u00f3 un total de siete goles en 30 partidos con la camiseta de Rayados, siendo uno de los m\u00e1s importantes el que le anot\u00f3 al Inter de Milan en el Mundial de Clubes que se disput\u00f3 en verano de este a\u00f1o en los Estados Unidos.<\/p>\n\n\n\n<figure class=\"wp-block-image size-large\"><img loading=\"lazy\" decoding=\"async\" width=\"1024\" height=\"683\" src=\"https:\/\/elregionaldigital.info\/wp-content\/uploads\/2025\/11\/image-23-1024x683.png\" alt=\"\" class=\"wp-image-5680\" srcset=\"https:\/\/elregionaldigital.info\/wp-content\/uploads\/2025\/11\/image-23-1024x683.png 1024w, https:\/\/elregionaldigital.info\/wp-content\/uploads\/2025\/11\/image-23-300x200.png 300w, https:\/\/elregionaldigital.info\/wp-content\/uploads\/2025\/11\/image-23-768x512.png 768w, https:\/\/elregionaldigital.info\/wp-content\/uploads\/2025\/11\/image-23-1536x1024.png 1536w, https:\/\/elregionaldigital.info\/wp-content\/uploads\/2025\/11\/image-23.png 1920w\" sizes=\"auto, (max-width: 1024px) 100vw, 1024px\" \/><\/figure>\n","protected":false},"excerpt":{"rendered":"<p>noviembre 28, 2025 El defensa espa\u00f1ol&nbsp;Sergio Ramos&nbsp;dejar\u00eda a los&nbsp;Rayados del Monterrey&nbsp;en las pr\u00f3ximas semanas. Lo anterior fue detallado por el periodista\u00a0Juanfe\u00a0Sanz P\u00e9rez durante el programa de \u2018El Chiringuito\u2019, que se emite en el canal de televisi\u00f3n Mega de Espa\u00f1a. Sergio Ramos ha tomado una decisi\u00f3n: ha decidido poner fin a su etapa en Rayados de [&hellip;]<\/p>\n","protected":false},"author":1,"featured_media":5680,"comment_status":"open","ping_status":"open","sticky":false,"template":"","format":"standard","meta":{"footnotes":""},"categories":[6],"tags":[],"class_list":["post-5679","post","type-post","status-publish","format-standard","has-post-thumbnail","hentry","category-deportes"],"blog_post_layout_featured_media_urls":{"thumbnail":["https:\/\/elregionaldigital.info\/wp-content\/uploads\/2025\/11\/image-23-150x150.png",150,150,true],"full":["https:\/\/elregionaldigital.info\/wp-content\/uploads\/2025\/11\/image-23.png",1920,1280,false]},"categories_names":{"6":{"name":"Deportes","link":"https:\/\/elregionaldigital.info\/?cat=6"}},"tags_names":[],"comments_number":"0","wpmagazine_modules_lite_featured_media_urls":{"thumbnail":["https:\/\/elregionaldigital.info\/wp-content\/uploads\/2025\/11\/image-23-150x150.png",150,150,true],"cvmm-medium":["https:\/\/elregionaldigital.info\/wp-content\/uploads\/2025\/11\/image-23-300x300.png",300,300,true],"cvmm-medium-plus":["https:\/\/elregionaldigital.info\/wp-content\/uploads\/2025\/11\/image-23-305x207.png",305,207,true],"cvmm-portrait":["https:\/\/elregionaldigital.info\/wp-content\/uploads\/2025\/11\/image-23-400x600.png",400,600,true],"cvmm-medium-square":["https:\/\/elregionaldigital.info\/wp-content\/uploads\/2025\/11\/image-23-600x600.png",600,600,true],"cvmm-large":["https:\/\/elregionaldigital.info\/wp-content\/uploads\/2025\/11\/image-23-1024x1024.png",1024,1024,true],"cvmm-small":["https:\/\/elregionaldigital.info\/wp-content\/uploads\/2025\/11\/image-23-130x95.png",130,95,true],"full":["https:\/\/elregionaldigital.info\/wp-content\/uploads\/2025\/11\/image-23.png",1920,1280,false]},"_links":{"self":[{"href":"https:\/\/elregionaldigital.info\/index.php?rest_route=\/wp\/v2\/posts\/5679","targetHints":{"allow":["GET"]}}],"collection":[{"href":"https:\/\/elregionaldigital.info\/index.php?rest_route=\/wp\/v2\/posts"}],"about":[{"href":"https:\/\/elregionaldigital.info\/index.php?rest_route=\/wp\/v2\/types\/post"}],"author":[{"embeddable":true,"href":"https:\/\/elregionaldigital.info\/index.php?rest_route=\/wp\/v2\/users\/1"}],"replies":[{"embeddable":true,"href":"https:\/\/elregionaldigital.info\/index.php?rest_route=%2Fwp%2Fv2%2Fcomments&post=5679"}],"version-history":[{"count":1,"href":"https:\/\/elregionaldigital.info\/index.php?rest_route=\/wp\/v2\/posts\/5679\/revisions"}],"predecessor-version":[{"id":5681,"href":"https:\/\/elregionaldigital.info\/index.php?rest_route=\/wp\/v2\/posts\/5679\/revisions\/5681"}],"wp:featuredmedia":[{"embeddable":true,"href":"https:\/\/elregionaldigital.info\/index.php?rest_route=\/wp\/v2\/media\/5680"}],"wp:attachment":[{"href":"https:\/\/elregionaldigital.info\/index.php?rest_route=%2Fwp%2Fv2%2Fmedia&parent=5679"}],"wp:term":[{"taxonomy":"category","embeddable":true,"href":"https:\/\/elregionaldigital.info\/index.php?rest_route=%2Fwp%2Fv2%2Fcategories&post=5679"},{"taxonomy":"post_tag","embeddable":true,"href":"https:\/\/elregionaldigital.info\/index.php?rest_route=%2Fwp%2Fv2%2Ftags&post=5679"}],"curies":[{"name":"wp","href":"https:\/\/api.w.org\/{rel}","templated":true}]}}