{"id":5671,"date":"2025-11-28T19:12:24","date_gmt":"2025-11-28T19:12:24","guid":{"rendered":"https:\/\/elregionaldigital.info\/?p=5671"},"modified":"2025-11-28T19:12:25","modified_gmt":"2025-11-28T19:12:25","slug":"jose-manuel-jimenez-jefe-de-escoltas-de-carlos-manzo-se-encuentra-profugo-de-la-justicia","status":"publish","type":"post","link":"https:\/\/elregionaldigital.info\/?p=5671","title":{"rendered":"Jos\u00e9 Manuel Jim\u00e9nez, jefe de escoltas de Carlos Manzo, se encuentra pr\u00f3fugo de la justicia"},"content":{"rendered":"\n<p>noviembre 28, 2025<\/p>\n\n\n\n<p><strong>Jos\u00e9 Manuel Jim\u00e9nez Miranda<\/strong>, exdirector de Seguridad P\u00fablica de Uruapan y<strong>&nbsp;jefe de escoltas<\/strong>&nbsp;del alcalde asesinado&nbsp;<strong>Carlos Manzo<\/strong>, se encuentra&nbsp;<strong>pr\u00f3fugo de la justicia<\/strong>.<\/p>\n\n\n\n<p>Jim\u00e9nez Miranda, quien es coronel retirado del Ej\u00e9rcito mexicano, est\u00e1 relacionado en la misma causa penal que los siete escoltas que fueron detenidos por el homicidio de Manzo Rodr\u00edguez, ocurrido la noche del s\u00e1bado 1 de noviembre de 2025.<\/p>\n\n\n\n<p>Los ocho escoltas del alcalde asesinado de Uruapan son se\u00f1alados por el delito de homicidio doloso calificado, en su modalidad de omisi\u00f3n por comisi\u00f3n.<\/p>\n\n\n\n<p>Siete de los escoltas fueron capturados el viernes 21 de noviembre de 2025, justo cuando se encontraban al interior de la&nbsp;<strong>Casa de la Cultura<\/strong>&nbsp;de Uruapan. Jos\u00e9 Manuel Jim\u00e9nez no se ha presentado ante las autoridades de Michoac\u00e1n, quienes ya lo buscan<\/p>\n\n\n\n<p>Esta semana los siete escoltas de Manzo Rodr\u00edguez fueron\u00a0vinculados a proceso\u00a0por el citado delito, donde un juez consider\u00f3 que no fueron aplicados los protocolos de seguridad necesarios para salvaguardar la integridad del alcalde.<\/p>\n\n\n\n<p>Como titular de Seguridad P\u00fablica de Uruapan,&nbsp;<strong>Jos\u00e9 Manuel Jim\u00e9nez<\/strong>&nbsp;fue denunciado por su esposa por violencia intrafamiliar, tras golpearla y agredirla psicol\u00f3gicamente.<\/p>\n\n\n\n<p>El hecho le cost\u00f3 al coronel retirado del Ej\u00e9rcito dejar su cargo, sin embargo Carlos Manzo lo nombr\u00f3 como su jefe de escoltas, lo que le permiti\u00f3 elegir al grupo de guardias que cuidar\u00edan al alcalde de Uruapan<\/p>\n\n\n\n<p>Carlos Manzo Rodr\u00edguez, alcalde de Uruapan, fue asesinado a balazos la noche del s\u00e1bado 1 de noviembre de 2025, durante un evento por el D\u00eda de Muertos en dicho municipio de Michoac\u00e1n.<\/p>\n\n\n\n<figure class=\"wp-block-image size-large\"><img loading=\"lazy\" decoding=\"async\" width=\"1024\" height=\"683\" src=\"https:\/\/elregionaldigital.info\/wp-content\/uploads\/2025\/11\/image-22-1024x683.png\" alt=\"\" class=\"wp-image-5672\" srcset=\"https:\/\/elregionaldigital.info\/wp-content\/uploads\/2025\/11\/image-22-1024x683.png 1024w, https:\/\/elregionaldigital.info\/wp-content\/uploads\/2025\/11\/image-22-300x200.png 300w, https:\/\/elregionaldigital.info\/wp-content\/uploads\/2025\/11\/image-22-768x512.png 768w, https:\/\/elregionaldigital.info\/wp-content\/uploads\/2025\/11\/image-22-1536x1024.png 1536w, https:\/\/elregionaldigital.info\/wp-content\/uploads\/2025\/11\/image-22.png 1920w\" sizes=\"auto, (max-width: 1024px) 100vw, 1024px\" \/><\/figure>\n","protected":false},"excerpt":{"rendered":"<p>noviembre 28, 2025 Jos\u00e9 Manuel Jim\u00e9nez Miranda, exdirector de Seguridad P\u00fablica de Uruapan y&nbsp;jefe de escoltas&nbsp;del alcalde asesinado&nbsp;Carlos Manzo, se encuentra&nbsp;pr\u00f3fugo de la justicia. Jim\u00e9nez Miranda, quien es coronel retirado del Ej\u00e9rcito mexicano, est\u00e1 relacionado en la misma causa penal que los siete escoltas que fueron detenidos por el homicidio de Manzo Rodr\u00edguez, ocurrido la [&hellip;]<\/p>\n","protected":false},"author":1,"featured_media":5672,"comment_status":"open","ping_status":"open","sticky":false,"template":"","format":"standard","meta":{"footnotes":""},"categories":[5],"tags":[],"class_list":["post-5671","post","type-post","status-publish","format-standard","has-post-thumbnail","hentry","category-nacional"],"blog_post_layout_featured_media_urls":{"thumbnail":["https:\/\/elregionaldigital.info\/wp-content\/uploads\/2025\/11\/image-22-150x150.png",150,150,true],"full":["https:\/\/elregionaldigital.info\/wp-content\/uploads\/2025\/11\/image-22.png",1920,1280,false]},"categories_names":{"5":{"name":"Nacional","link":"https:\/\/elregionaldigital.info\/?cat=5"}},"tags_names":[],"comments_number":"0","wpmagazine_modules_lite_featured_media_urls":{"thumbnail":["https:\/\/elregionaldigital.info\/wp-content\/uploads\/2025\/11\/image-22-150x150.png",150,150,true],"cvmm-medium":["https:\/\/elregionaldigital.info\/wp-content\/uploads\/2025\/11\/image-22-300x300.png",300,300,true],"cvmm-medium-plus":["https:\/\/elregionaldigital.info\/wp-content\/uploads\/2025\/11\/image-22-305x207.png",305,207,true],"cvmm-portrait":["https:\/\/elregionaldigital.info\/wp-content\/uploads\/2025\/11\/image-22-400x600.png",400,600,true],"cvmm-medium-square":["https:\/\/elregionaldigital.info\/wp-content\/uploads\/2025\/11\/image-22-600x600.png",600,600,true],"cvmm-large":["https:\/\/elregionaldigital.info\/wp-content\/uploads\/2025\/11\/image-22-1024x1024.png",1024,1024,true],"cvmm-small":["https:\/\/elregionaldigital.info\/wp-content\/uploads\/2025\/11\/image-22-130x95.png",130,95,true],"full":["https:\/\/elregionaldigital.info\/wp-content\/uploads\/2025\/11\/image-22.png",1920,1280,false]},"_links":{"self":[{"href":"https:\/\/elregionaldigital.info\/index.php?rest_route=\/wp\/v2\/posts\/5671","targetHints":{"allow":["GET"]}}],"collection":[{"href":"https:\/\/elregionaldigital.info\/index.php?rest_route=\/wp\/v2\/posts"}],"about":[{"href":"https:\/\/elregionaldigital.info\/index.php?rest_route=\/wp\/v2\/types\/post"}],"author":[{"embeddable":true,"href":"https:\/\/elregionaldigital.info\/index.php?rest_route=\/wp\/v2\/users\/1"}],"replies":[{"embeddable":true,"href":"https:\/\/elregionaldigital.info\/index.php?rest_route=%2Fwp%2Fv2%2Fcomments&post=5671"}],"version-history":[{"count":1,"href":"https:\/\/elregionaldigital.info\/index.php?rest_route=\/wp\/v2\/posts\/5671\/revisions"}],"predecessor-version":[{"id":5673,"href":"https:\/\/elregionaldigital.info\/index.php?rest_route=\/wp\/v2\/posts\/5671\/revisions\/5673"}],"wp:featuredmedia":[{"embeddable":true,"href":"https:\/\/elregionaldigital.info\/index.php?rest_route=\/wp\/v2\/media\/5672"}],"wp:attachment":[{"href":"https:\/\/elregionaldigital.info\/index.php?rest_route=%2Fwp%2Fv2%2Fmedia&parent=5671"}],"wp:term":[{"taxonomy":"category","embeddable":true,"href":"https:\/\/elregionaldigital.info\/index.php?rest_route=%2Fwp%2Fv2%2Fcategories&post=5671"},{"taxonomy":"post_tag","embeddable":true,"href":"https:\/\/elregionaldigital.info\/index.php?rest_route=%2Fwp%2Fv2%2Ftags&post=5671"}],"curies":[{"name":"wp","href":"https:\/\/api.w.org\/{rel}","templated":true}]}}