{"id":5658,"date":"2025-11-23T18:57:32","date_gmt":"2025-11-23T18:57:32","guid":{"rendered":"https:\/\/elregionaldigital.info\/?p=5658"},"modified":"2025-11-25T19:00:18","modified_gmt":"2025-11-25T19:00:18","slug":"cual-es-el-estado-de-salud-de-miss-jamaica-tras-su-caida-en-la-pasarela","status":"publish","type":"post","link":"https:\/\/elregionaldigital.info\/?p=5658","title":{"rendered":"\u00bfCu\u00e1l es el estado de salud de Miss Jamaica tras su ca\u00edda en la pasarela?"},"content":{"rendered":"\n<p>noviembre 23, 2025<\/p>\n\n\n\n<p>Miss Universo Jamaica inform\u00f3 el\u00a0<strong>estado de salud<\/strong>\u00a0de su competidora,\u00a0<strong>Gabrielle Henry<\/strong>, tras su\u00a0<strong>ca\u00edda<\/strong>\u00a0en una de las pasarelas de\u00a0<strong>Miss Universo 2025<\/strong>.<\/p>\n\n\n\n<h2 class=\"wp-block-heading\">\u00bfQu\u00e9 le ocurri\u00f3 a Miss Jamaica?<\/h2>\n\n\n\n<p>El pasado 19 de noviembre se llev\u00f3 a cabo la&nbsp;<strong>preliminar<\/strong>&nbsp;de la&nbsp;<strong>pasarela<\/strong>&nbsp;en&nbsp;<strong>vestido de noche<\/strong>.<\/p>\n\n\n\n<p>Las concursantes de Miss Universo lucieron hermosos vestidos, y Miss Jamaica no fue la excepci\u00f3n.<\/p>\n\n\n\n<p><strong>Gabrielle Henry<\/strong>&nbsp;apareci\u00f3 con un&nbsp;<strong>vestido naranja<\/strong>&nbsp;cubierto de pedrer\u00eda plateada, pero al avanzar en su pasarela&nbsp;<strong>cay\u00f3<\/strong>&nbsp;en un hueco propio del escenario.<\/p>\n\n\n\n<p>De acuerdo con testimonios, la organizaci\u00f3n tard\u00f3 bastante tiempo en sacar a la concursante y trasladarla a un hospital.<\/p>\n\n\n\n<p>La organizaci\u00f3n de Miss Jamaica\u00a0detall\u00f3\u00a0que Henry fue llevada al Hospital Paolo Rangsit de Tailandia, donde m\u00e9dicos refirieron que<strong>\u00a0no sufri\u00f3 lesiones graves<\/strong>.<\/p>\n\n\n\n<p>Sin embargo, dos d\u00edas despu\u00e9s se revel\u00f3 que&nbsp;<strong>Gabrielle<\/strong>&nbsp;se encuentra en&nbsp;<strong>terapia intensiva<\/strong>.<\/p>\n\n\n\n<blockquote class=\"wp-block-quote is-layout-flow wp-block-quote-is-layout-flow\">\n<p>Gabby no est\u00e1 evolucionando como hab\u00edamos esperado\u201d, confes\u00f3 su hermana Phylicia.<\/p>\n<\/blockquote>\n\n\n\n<p>De acuerdo con el parte m\u00e9dico, la reina de belleza deber\u00e1 permanecer, como m\u00ednimo,&nbsp;<strong>7<\/strong>&nbsp;<strong>d\u00edas<\/strong>&nbsp;en la&nbsp;<strong>Unidad de Cuidados Intensivos<\/strong>.<\/p>\n\n\n\n<p>Se confirm\u00f3 que la joven sufri\u00f3 heridas en la barbilla y pies.<\/p>\n\n\n\n<p>La familia agradeci\u00f3 las muestras de cari\u00f1o para Henry, en tanto que el Ministerio de Cultura, G\u00e9nero, Entretenimiento y Deporte de Jamaica expres\u00f3 confianza en que la concursante se recupere pronto.<\/p>\n\n\n\n<p>La joven de 28 a\u00f1os de edad es&nbsp;<strong>oftalm\u00f3loga<\/strong>&nbsp;de profesi\u00f3n y fundadora de&nbsp;<strong>See Me Foundation<\/strong>, organizaci\u00f3n que impulsa oportunidades econ\u00f3micas y educativas para personas con discapacidad visual en Jamaica.<\/p>\n\n\n\n<p>Derivado de la ca\u00edda y su hospitalizaci\u00f3n, cancel\u00f3 su participaci\u00f3n en Miss Universo 2025.<\/p>\n\n\n\n<figure class=\"wp-block-image size-large\"><img loading=\"lazy\" decoding=\"async\" width=\"1024\" height=\"631\" src=\"https:\/\/elregionaldigital.info\/wp-content\/uploads\/2025\/11\/image-21-1024x631.png\" alt=\"\" class=\"wp-image-5659\" srcset=\"https:\/\/elregionaldigital.info\/wp-content\/uploads\/2025\/11\/image-21-1024x631.png 1024w, https:\/\/elregionaldigital.info\/wp-content\/uploads\/2025\/11\/image-21-300x185.png 300w, https:\/\/elregionaldigital.info\/wp-content\/uploads\/2025\/11\/image-21-768x474.png 768w, https:\/\/elregionaldigital.info\/wp-content\/uploads\/2025\/11\/image-21.png 1200w\" sizes=\"auto, (max-width: 1024px) 100vw, 1024px\" \/><\/figure>\n","protected":false},"excerpt":{"rendered":"<p>noviembre 23, 2025 Miss Universo Jamaica inform\u00f3 el\u00a0estado de salud\u00a0de su competidora,\u00a0Gabrielle Henry, tras su\u00a0ca\u00edda\u00a0en una de las pasarelas de\u00a0Miss Universo 2025. \u00bfQu\u00e9 le ocurri\u00f3 a Miss Jamaica? El pasado 19 de noviembre se llev\u00f3 a cabo la&nbsp;preliminar&nbsp;de la&nbsp;pasarela&nbsp;en&nbsp;vestido de noche. Las concursantes de Miss Universo lucieron hermosos vestidos, y Miss Jamaica no fue la [&hellip;]<\/p>\n","protected":false},"author":1,"featured_media":5659,"comment_status":"open","ping_status":"open","sticky":false,"template":"","format":"standard","meta":{"footnotes":""},"categories":[3],"tags":[],"class_list":["post-5658","post","type-post","status-publish","format-standard","has-post-thumbnail","hentry","category-entretenimiento"],"blog_post_layout_featured_media_urls":{"thumbnail":["https:\/\/elregionaldigital.info\/wp-content\/uploads\/2025\/11\/image-21-150x150.png",150,150,true],"full":["https:\/\/elregionaldigital.info\/wp-content\/uploads\/2025\/11\/image-21.png",1200,740,false]},"categories_names":{"3":{"name":"Entretenimiento","link":"https:\/\/elregionaldigital.info\/?cat=3"}},"tags_names":[],"comments_number":"0","wpmagazine_modules_lite_featured_media_urls":{"thumbnail":["https:\/\/elregionaldigital.info\/wp-content\/uploads\/2025\/11\/image-21-150x150.png",150,150,true],"cvmm-medium":["https:\/\/elregionaldigital.info\/wp-content\/uploads\/2025\/11\/image-21-300x300.png",300,300,true],"cvmm-medium-plus":["https:\/\/elregionaldigital.info\/wp-content\/uploads\/2025\/11\/image-21-305x207.png",305,207,true],"cvmm-portrait":["https:\/\/elregionaldigital.info\/wp-content\/uploads\/2025\/11\/image-21-400x600.png",400,600,true],"cvmm-medium-square":["https:\/\/elregionaldigital.info\/wp-content\/uploads\/2025\/11\/image-21-600x600.png",600,600,true],"cvmm-large":["https:\/\/elregionaldigital.info\/wp-content\/uploads\/2025\/11\/image-21-1024x740.png",1024,740,true],"cvmm-small":["https:\/\/elregionaldigital.info\/wp-content\/uploads\/2025\/11\/image-21-130x95.png",130,95,true],"full":["https:\/\/elregionaldigital.info\/wp-content\/uploads\/2025\/11\/image-21.png",1200,740,false]},"_links":{"self":[{"href":"https:\/\/elregionaldigital.info\/index.php?rest_route=\/wp\/v2\/posts\/5658","targetHints":{"allow":["GET"]}}],"collection":[{"href":"https:\/\/elregionaldigital.info\/index.php?rest_route=\/wp\/v2\/posts"}],"about":[{"href":"https:\/\/elregionaldigital.info\/index.php?rest_route=\/wp\/v2\/types\/post"}],"author":[{"embeddable":true,"href":"https:\/\/elregionaldigital.info\/index.php?rest_route=\/wp\/v2\/users\/1"}],"replies":[{"embeddable":true,"href":"https:\/\/elregionaldigital.info\/index.php?rest_route=%2Fwp%2Fv2%2Fcomments&post=5658"}],"version-history":[{"count":1,"href":"https:\/\/elregionaldigital.info\/index.php?rest_route=\/wp\/v2\/posts\/5658\/revisions"}],"predecessor-version":[{"id":5660,"href":"https:\/\/elregionaldigital.info\/index.php?rest_route=\/wp\/v2\/posts\/5658\/revisions\/5660"}],"wp:featuredmedia":[{"embeddable":true,"href":"https:\/\/elregionaldigital.info\/index.php?rest_route=\/wp\/v2\/media\/5659"}],"wp:attachment":[{"href":"https:\/\/elregionaldigital.info\/index.php?rest_route=%2Fwp%2Fv2%2Fmedia&parent=5658"}],"wp:term":[{"taxonomy":"category","embeddable":true,"href":"https:\/\/elregionaldigital.info\/index.php?rest_route=%2Fwp%2Fv2%2Fcategories&post=5658"},{"taxonomy":"post_tag","embeddable":true,"href":"https:\/\/elregionaldigital.info\/index.php?rest_route=%2Fwp%2Fv2%2Ftags&post=5658"}],"curies":[{"name":"wp","href":"https:\/\/api.w.org\/{rel}","templated":true}]}}