{"id":5615,"date":"2025-11-05T18:46:39","date_gmt":"2025-11-05T18:46:39","guid":{"rendered":"https:\/\/elregionaldigital.info\/?p=5615"},"modified":"2025-11-20T18:47:40","modified_gmt":"2025-11-20T18:47:40","slug":"muere-maythe-guedes-actriz-de-doblaje-de-bob-esponja-y-winx","status":"publish","type":"post","link":"https:\/\/elregionaldigital.info\/?p=5615","title":{"rendered":"Muere Maythe Guedes, actriz de doblaje de Bob Esponja y Winx"},"content":{"rendered":"\n<p>noviembre 5, 2025<\/p>\n\n\n\n<p>La actriz y cantante\u00a0<strong>Maythe Guedes<\/strong>, reconocida por dar voz a personajes en series como\u00a0<strong>Bob Esponja, Winx y Steven Universe<\/strong>, falleci\u00f3 este mi\u00e9rcoles tras una dura batalla contra el\u00a0<strong>c\u00e1ncer cervicouterino<\/strong>.<\/p>\n\n\n\n<blockquote class=\"wp-block-quote is-layout-flow wp-block-quote-is-layout-flow\">\n<p>\u201cHoy, Maythe nos acompa\u00f1a desde las alturas, cantando y tocando melod\u00edas infinitas, d\u00e1ndole voz a los \u00e1ngeles y a los sue\u00f1os. Aunque su cuerpo ya no est\u00e9 con nosotros, su esencia, su talento y su amor por esta familia seguir\u00e1n resonando en cada historia que contemos\u201d, public\u00f3 la empresa en redes sociales.<\/p>\n<\/blockquote>\n\n\n\n<p>El mensaje tambi\u00e9n agradeci\u00f3 el apoyo que fan\u00e1ticos y colegas brindaron a la actriz durante su enfermedad.<\/p>\n\n\n\n<blockquote class=\"wp-block-quote is-layout-flow wp-block-quote-is-layout-flow\">\n<p>\u201cGracias por cada palabra, cada oraci\u00f3n, cada gesto de apoyo. Porque Maythe seguir\u00e1 poniendo voz a lo imposible\u2026 desde donde solo los grandes pueden hacerlo: desde el cielo\u201d, a\u00f1adieron.<\/p>\n<\/blockquote>\n\n\n\n<p>Desde el 19 de agosto de 2025,&nbsp;<strong>Doblarte Films<\/strong>&nbsp;hab\u00eda lanzado una campa\u00f1a de recaudaci\u00f3n mediante rifas, sorteos y una p\u00e1gina de&nbsp;<strong>GoFundMe<\/strong>&nbsp;para financiar su tratamiento oncol\u00f3gico.<\/p>\n\n\n\n<p>En aquel momento, informaron que la actriz esperaba iniciar&nbsp;<strong>quimioterapia,<\/strong>&nbsp;aunque finalmente no logr\u00f3 superar la enfermedad.<\/p>\n\n\n\n<figure class=\"wp-block-image size-large\"><img loading=\"lazy\" decoding=\"async\" width=\"1024\" height=\"576\" src=\"https:\/\/elregionaldigital.info\/wp-content\/uploads\/2025\/11\/image-13-1024x576.png\" alt=\"\" class=\"wp-image-5616\" srcset=\"https:\/\/elregionaldigital.info\/wp-content\/uploads\/2025\/11\/image-13-1024x576.png 1024w, https:\/\/elregionaldigital.info\/wp-content\/uploads\/2025\/11\/image-13-300x169.png 300w, https:\/\/elregionaldigital.info\/wp-content\/uploads\/2025\/11\/image-13-768x432.png 768w, https:\/\/elregionaldigital.info\/wp-content\/uploads\/2025\/11\/image-13-1536x864.png 1536w, https:\/\/elregionaldigital.info\/wp-content\/uploads\/2025\/11\/image-13.png 1920w\" sizes=\"auto, (max-width: 1024px) 100vw, 1024px\" \/><\/figure>\n","protected":false},"excerpt":{"rendered":"<p>noviembre 5, 2025 La actriz y cantante\u00a0Maythe Guedes, reconocida por dar voz a personajes en series como\u00a0Bob Esponja, Winx y Steven Universe, falleci\u00f3 este mi\u00e9rcoles tras una dura batalla contra el\u00a0c\u00e1ncer cervicouterino. \u201cHoy, Maythe nos acompa\u00f1a desde las alturas, cantando y tocando melod\u00edas infinitas, d\u00e1ndole voz a los \u00e1ngeles y a los sue\u00f1os. Aunque su [&hellip;]<\/p>\n","protected":false},"author":1,"featured_media":5616,"comment_status":"open","ping_status":"open","sticky":false,"template":"","format":"standard","meta":{"footnotes":""},"categories":[3],"tags":[],"class_list":["post-5615","post","type-post","status-publish","format-standard","has-post-thumbnail","hentry","category-entretenimiento"],"blog_post_layout_featured_media_urls":{"thumbnail":["https:\/\/elregionaldigital.info\/wp-content\/uploads\/2025\/11\/image-13-150x150.png",150,150,true],"full":["https:\/\/elregionaldigital.info\/wp-content\/uploads\/2025\/11\/image-13.png",1920,1080,false]},"categories_names":{"3":{"name":"Entretenimiento","link":"https:\/\/elregionaldigital.info\/?cat=3"}},"tags_names":[],"comments_number":"0","wpmagazine_modules_lite_featured_media_urls":{"thumbnail":["https:\/\/elregionaldigital.info\/wp-content\/uploads\/2025\/11\/image-13-150x150.png",150,150,true],"cvmm-medium":["https:\/\/elregionaldigital.info\/wp-content\/uploads\/2025\/11\/image-13-300x300.png",300,300,true],"cvmm-medium-plus":["https:\/\/elregionaldigital.info\/wp-content\/uploads\/2025\/11\/image-13-305x207.png",305,207,true],"cvmm-portrait":["https:\/\/elregionaldigital.info\/wp-content\/uploads\/2025\/11\/image-13-400x600.png",400,600,true],"cvmm-medium-square":["https:\/\/elregionaldigital.info\/wp-content\/uploads\/2025\/11\/image-13-600x600.png",600,600,true],"cvmm-large":["https:\/\/elregionaldigital.info\/wp-content\/uploads\/2025\/11\/image-13-1024x1024.png",1024,1024,true],"cvmm-small":["https:\/\/elregionaldigital.info\/wp-content\/uploads\/2025\/11\/image-13-130x95.png",130,95,true],"full":["https:\/\/elregionaldigital.info\/wp-content\/uploads\/2025\/11\/image-13.png",1920,1080,false]},"_links":{"self":[{"href":"https:\/\/elregionaldigital.info\/index.php?rest_route=\/wp\/v2\/posts\/5615","targetHints":{"allow":["GET"]}}],"collection":[{"href":"https:\/\/elregionaldigital.info\/index.php?rest_route=\/wp\/v2\/posts"}],"about":[{"href":"https:\/\/elregionaldigital.info\/index.php?rest_route=\/wp\/v2\/types\/post"}],"author":[{"embeddable":true,"href":"https:\/\/elregionaldigital.info\/index.php?rest_route=\/wp\/v2\/users\/1"}],"replies":[{"embeddable":true,"href":"https:\/\/elregionaldigital.info\/index.php?rest_route=%2Fwp%2Fv2%2Fcomments&post=5615"}],"version-history":[{"count":1,"href":"https:\/\/elregionaldigital.info\/index.php?rest_route=\/wp\/v2\/posts\/5615\/revisions"}],"predecessor-version":[{"id":5617,"href":"https:\/\/elregionaldigital.info\/index.php?rest_route=\/wp\/v2\/posts\/5615\/revisions\/5617"}],"wp:featuredmedia":[{"embeddable":true,"href":"https:\/\/elregionaldigital.info\/index.php?rest_route=\/wp\/v2\/media\/5616"}],"wp:attachment":[{"href":"https:\/\/elregionaldigital.info\/index.php?rest_route=%2Fwp%2Fv2%2Fmedia&parent=5615"}],"wp:term":[{"taxonomy":"category","embeddable":true,"href":"https:\/\/elregionaldigital.info\/index.php?rest_route=%2Fwp%2Fv2%2Fcategories&post=5615"},{"taxonomy":"post_tag","embeddable":true,"href":"https:\/\/elregionaldigital.info\/index.php?rest_route=%2Fwp%2Fv2%2Ftags&post=5615"}],"curies":[{"name":"wp","href":"https:\/\/api.w.org\/{rel}","templated":true}]}}