{"id":5612,"date":"2025-11-10T18:43:52","date_gmt":"2025-11-10T18:43:52","guid":{"rendered":"https:\/\/elregionaldigital.info\/?p=5612"},"modified":"2025-11-20T18:45:49","modified_gmt":"2025-11-20T18:45:49","slug":"me-entere-ayer-nunca-pense-vivir-un-momento-asi-angelica-vale-habla-sobre-su-divorcio-con-otto-padron","status":"publish","type":"post","link":"https:\/\/elregionaldigital.info\/?p=5612","title":{"rendered":"\u201cMe enter\u00e9 ayer, nunca pens\u00e9 vivir un momento as\u00ed\u201d: Ang\u00e9lica Vale habla sobre su divorcio con Otto Padr\u00f3n"},"content":{"rendered":"\n<p>noviembre 10, 2025<\/p>\n\n\n\n<p>La actriz y conductora\u00a0<strong>Ang\u00e9lica Vale<\/strong>\u00a0rompi\u00f3 el silencio sobre el\u00a0<strong>proceso de divorcio<\/strong>\u00a0que enfrenta, tras 14 a\u00f1os de matrimonio con\u00a0<strong>Otto Padr\u00f3n<\/strong>.<\/p>\n\n\n\n<p>En su programa de radio \u201cLa Vale Show\u201c, apunt\u00f3 visiblemente conmovida que ella no estaba enterada del proceso de divorcio que hab\u00eda iniciado Padr\u00f3n.<\/p>\n\n\n\n<p>\u201cNunca pens\u00e9 que iba a vivir yo un momento as\u00ed en mi vida. Primero les tengo que decir que s\u00ed, que s\u00ed, s\u00ed es cierto que me estoy divorciando, es cierto que, desde abril, estoy separada, ya no vivimos juntos\u201d, se\u00f1al\u00f3.<\/p>\n\n\n\n<p>Vale afirm\u00f3 que el hecho de que Padr\u00f3n iniciara su proceso de divorcio la tom\u00f3 por sorpresa, y que se enter\u00f3 dle hecho de la misma manera que el p\u00fablico, a trav\u00e9s del periodista argentino Javier Ceriani.<\/p>\n\n\n\n<p>\u201cYo me enter\u00e9 de la noticia de que el pap\u00e1 de mis hijos puso la demanda de divorcio igual que ustedes, ayer, cenando con \u00e9l, en familia, y con unos amigos, as\u00ed me lleg\u00f3 la noticia, por un mensaje que le lleg\u00f3, precisamente a Otto, de la noticia que hab\u00eda dado Javier Ceriani, yo no sab\u00eda que la hab\u00eda metido; me hab\u00eda llamado unos d\u00edas antes para comenzar el proceso, yo le dije que s\u00ed\u201d, puntualiz\u00f3.<\/p>\n\n\n\n<p>La actriz y conductora apunt\u00f3 que Otto Padr\u00f3n se\u00f1al\u00f3 que la demanda presentada estaba fuera de su control, ya que era 8un tema del cual estaba a cargo su abogado.<\/p>\n\n\n\n<p>\u201cAs\u00ed es como me entero, \u00e9l me dice que sus abogados (fueron), que \u00e9l tampoco sab\u00eda que iban a meter los papales una semana antes de mi cumplea\u00f1os, que \u00e9l tambi\u00e9n se sac\u00f3 de onda, que tampoco sab\u00eda que estaba pasando, en fin. Creo que eso ya no importa\u201d, afirm\u00f3.<\/p>\n\n\n\n<p>Entre l\u00e1grimas, Ang\u00e9lica Vale apunt\u00f3 que su deseo era el de llevar un proceso de divorcio alejado de los conflictos, y recalc\u00f3 que su prioridad es la salud mental de sus hijos ante la noticia.<\/p>\n\n\n\n<p>\u201cNo importa lo que haya pasado entre Otto Padr\u00f3n y yo, de verdad no importa. \u00bfPor qu\u00e9? Porque tenemos dos hijos, que quiero que crezcan sanos, que quiero que crezcan fuertes, que quiero que crezcan mentalmente bien, es lo \u00fanico que quiero en la vida y estoy dispuesta a todo por mis hijos, no voy a poner a la mujer primero, voy a poner a la mam\u00e1 siempre, porque primero soy mam\u00e1, me curar\u00e9 yo despu\u00e9s, me estoy curando, estoy saliendo\u201d, dijo durante la transmisi\u00f3n.<\/p>\n\n\n\n<p>Cont\u00f3 que tuvo que hablar con su hija sobre el tema pese a no estar preparada para hacerlo y para que no se enterara por medio de las redes sociales.<\/p>\n\n\n\n<p>\u201cY s\u00ed, llevo ocho meses separadas y no se los hab\u00eda dicho, insisto, por el bien de mis hijos; Ang\u00e9lica tiene redes sociales y anoche le tuve que decir lo que hab\u00eda pasado, es un momento muy delicado para ella, para nosotros como familia\u201d, explic\u00f3.<\/p>\n\n\n\n<figure class=\"wp-block-image size-large\"><img loading=\"lazy\" decoding=\"async\" width=\"1024\" height=\"683\" src=\"https:\/\/elregionaldigital.info\/wp-content\/uploads\/2025\/11\/image-12-1024x683.png\" alt=\"\" class=\"wp-image-5613\" srcset=\"https:\/\/elregionaldigital.info\/wp-content\/uploads\/2025\/11\/image-12-1024x683.png 1024w, https:\/\/elregionaldigital.info\/wp-content\/uploads\/2025\/11\/image-12-300x200.png 300w, https:\/\/elregionaldigital.info\/wp-content\/uploads\/2025\/11\/image-12-768x512.png 768w, https:\/\/elregionaldigital.info\/wp-content\/uploads\/2025\/11\/image-12-1536x1024.png 1536w, https:\/\/elregionaldigital.info\/wp-content\/uploads\/2025\/11\/image-12.png 1920w\" sizes=\"auto, (max-width: 1024px) 100vw, 1024px\" \/><\/figure>\n","protected":false},"excerpt":{"rendered":"<p>noviembre 10, 2025 La actriz y conductora\u00a0Ang\u00e9lica Vale\u00a0rompi\u00f3 el silencio sobre el\u00a0proceso de divorcio\u00a0que enfrenta, tras 14 a\u00f1os de matrimonio con\u00a0Otto Padr\u00f3n. En su programa de radio \u201cLa Vale Show\u201c, apunt\u00f3 visiblemente conmovida que ella no estaba enterada del proceso de divorcio que hab\u00eda iniciado Padr\u00f3n. \u201cNunca pens\u00e9 que iba a vivir yo un momento [&hellip;]<\/p>\n","protected":false},"author":1,"featured_media":5613,"comment_status":"open","ping_status":"open","sticky":false,"template":"","format":"standard","meta":{"footnotes":""},"categories":[3],"tags":[],"class_list":["post-5612","post","type-post","status-publish","format-standard","has-post-thumbnail","hentry","category-entretenimiento"],"blog_post_layout_featured_media_urls":{"thumbnail":["https:\/\/elregionaldigital.info\/wp-content\/uploads\/2025\/11\/image-12-150x150.png",150,150,true],"full":["https:\/\/elregionaldigital.info\/wp-content\/uploads\/2025\/11\/image-12.png",1920,1280,false]},"categories_names":{"3":{"name":"Entretenimiento","link":"https:\/\/elregionaldigital.info\/?cat=3"}},"tags_names":[],"comments_number":"0","wpmagazine_modules_lite_featured_media_urls":{"thumbnail":["https:\/\/elregionaldigital.info\/wp-content\/uploads\/2025\/11\/image-12-150x150.png",150,150,true],"cvmm-medium":["https:\/\/elregionaldigital.info\/wp-content\/uploads\/2025\/11\/image-12-300x300.png",300,300,true],"cvmm-medium-plus":["https:\/\/elregionaldigital.info\/wp-content\/uploads\/2025\/11\/image-12-305x207.png",305,207,true],"cvmm-portrait":["https:\/\/elregionaldigital.info\/wp-content\/uploads\/2025\/11\/image-12-400x600.png",400,600,true],"cvmm-medium-square":["https:\/\/elregionaldigital.info\/wp-content\/uploads\/2025\/11\/image-12-600x600.png",600,600,true],"cvmm-large":["https:\/\/elregionaldigital.info\/wp-content\/uploads\/2025\/11\/image-12-1024x1024.png",1024,1024,true],"cvmm-small":["https:\/\/elregionaldigital.info\/wp-content\/uploads\/2025\/11\/image-12-130x95.png",130,95,true],"full":["https:\/\/elregionaldigital.info\/wp-content\/uploads\/2025\/11\/image-12.png",1920,1280,false]},"_links":{"self":[{"href":"https:\/\/elregionaldigital.info\/index.php?rest_route=\/wp\/v2\/posts\/5612","targetHints":{"allow":["GET"]}}],"collection":[{"href":"https:\/\/elregionaldigital.info\/index.php?rest_route=\/wp\/v2\/posts"}],"about":[{"href":"https:\/\/elregionaldigital.info\/index.php?rest_route=\/wp\/v2\/types\/post"}],"author":[{"embeddable":true,"href":"https:\/\/elregionaldigital.info\/index.php?rest_route=\/wp\/v2\/users\/1"}],"replies":[{"embeddable":true,"href":"https:\/\/elregionaldigital.info\/index.php?rest_route=%2Fwp%2Fv2%2Fcomments&post=5612"}],"version-history":[{"count":1,"href":"https:\/\/elregionaldigital.info\/index.php?rest_route=\/wp\/v2\/posts\/5612\/revisions"}],"predecessor-version":[{"id":5614,"href":"https:\/\/elregionaldigital.info\/index.php?rest_route=\/wp\/v2\/posts\/5612\/revisions\/5614"}],"wp:featuredmedia":[{"embeddable":true,"href":"https:\/\/elregionaldigital.info\/index.php?rest_route=\/wp\/v2\/media\/5613"}],"wp:attachment":[{"href":"https:\/\/elregionaldigital.info\/index.php?rest_route=%2Fwp%2Fv2%2Fmedia&parent=5612"}],"wp:term":[{"taxonomy":"category","embeddable":true,"href":"https:\/\/elregionaldigital.info\/index.php?rest_route=%2Fwp%2Fv2%2Fcategories&post=5612"},{"taxonomy":"post_tag","embeddable":true,"href":"https:\/\/elregionaldigital.info\/index.php?rest_route=%2Fwp%2Fv2%2Ftags&post=5612"}],"curies":[{"name":"wp","href":"https:\/\/api.w.org\/{rel}","templated":true}]}}