{"id":5609,"date":"2025-11-14T18:25:25","date_gmt":"2025-11-14T18:25:25","guid":{"rendered":"https:\/\/elregionaldigital.info\/?p=5609"},"modified":"2025-11-20T18:43:46","modified_gmt":"2025-11-20T18:43:46","slug":"arranca-el-festival-de-musica-de-morelia-con-concierto-de-la-orquesta-de-camara-alemana-de-berlin","status":"publish","type":"post","link":"https:\/\/elregionaldigital.info\/?p=5609","title":{"rendered":"Arranca el Festival de M\u00fasica de Morelia con concierto de la Orquesta de C\u00e1mara Alemana de Berl\u00edn"},"content":{"rendered":"\n<p>noviembre 14, 2025<\/p>\n\n\n\n<p>Este 14 de noviembre inicia el&nbsp;<strong>Festival de M\u00fasica de Morelia<\/strong>, Miguel Bernal Jim\u00e9nez, que contar\u00e1 con la participaci\u00f3n de un grupo importante de artistas&nbsp; internacionales invitados.<\/p>\n\n\n\n<p>La&nbsp;<strong>inauguraci\u00f3n<\/strong>&nbsp;de le Edici\u00f3n 37 del Festival correr\u00e1 a cargo de la&nbsp;<strong>Orquesta de C\u00e1mara Alemana de Berl\u00edn<\/strong>.<\/p>\n\n\n\n<p>Bajo la direcci\u00f3n de Ulrich Backofen y la participaci\u00f3n estelar de la violinista Leticia Moreno, los asistentes disfrutar\u00e1n de:<\/p>\n\n\n\n<ul class=\"wp-block-list\">\n<li>Adagio y fuga en do menor, KV 546 de Mozart<\/li>\n\n\n\n<li>Las cuatro estaciones de Vivaldi<\/li>\n\n\n\n<li>Adagio para cuerdas de Barber<\/li>\n\n\n\n<li>Suite en los tiempos \u2018Holberg\u2019 op.40 de Grieg<\/li>\n<\/ul>\n\n\n\n<p>Los boletos para el concierto de la Orquesta de C\u00e1mara Alemana de Berl\u00edn \u2013 Leticia Moreno, pueden adquirirse en\u00a0esta p\u00e1gina.<\/p>\n\n\n\n<h3 class=\"wp-block-heading\">&nbsp;Festival de M\u00fasica de Morelia ofrecer\u00e1 conciertos en Michoac\u00e1n y CDMX<\/h3>\n\n\n\n<p>El\u00a0<strong>Festival de M\u00fasica de Morelia 2025<\/strong>\u00a0se llevar\u00e1 a cabo del\u00a014 al 23 de noviembre\u00a0con numerosos conciertos, clases magistrales y actividades, no solo en Michoac\u00e1n sino tambi\u00e9n en la CDMX.<\/p>\n\n\n\n<p>Entre los eventos gratuitos destacan los&nbsp;<strong>Tapetes Florales de Patamban<\/strong>&nbsp;que podr\u00e1n visitarse el s\u00e1bado 15 de noviembre sobre la Calzada Fray Antonio de San Miguel.<\/p>\n\n\n\n<p>Asimismo, el martes 18 de noviembre se llevar\u00e1 a cabo el<strong>&nbsp;IX Coloquio Miguel Bernal Jim\u00e9nez<\/strong>&nbsp;en el Centro Cultural UNAM.<\/p>\n\n\n\n<p>Y el domingo 23 de noviembre, en la Casa de la Cultura, habr\u00e1 una&nbsp;<strong>Muestra Gastron\u00f3mica<\/strong>&nbsp;de Brasil, Cuba, Colombia y Argentina, entre otros pa\u00edses.<\/p>\n\n\n\n<p>En tanto, se esperan los conciertos de:<\/p>\n\n\n\n<ul class=\"wp-block-list\">\n<li>WindSync<\/li>\n\n\n\n<li>Bach in The Jungle<\/li>\n\n\n\n<li>Tr\u00edo Colorado<\/li>\n\n\n\n<li>Yago Mahugo &amp; Horacio Franco<\/li>\n\n\n\n<li>Cuarteto Q-Arte<\/li>\n\n\n\n<li>Ensamble Sinfonietta<\/li>\n\n\n\n<li>Orquesta y Coros Miguel Bernal Jim\u00e9nez<\/li>\n\n\n\n<li>Ensamble Danaus<\/li>\n\n\n\n<li>Quinteto del Conservatorio de las Rosas<\/li>\n\n\n\n<li>SequenzaSur<\/li>\n\n\n\n<li>Ricardo Al\u00ed \u00c1lvarez<\/li>\n\n\n\n<li>Santiago Ca\u00f1\u00f3n<\/li>\n\n\n\n<li>Artem Kuznetsov<\/li>\n\n\n\n<li>Paquito D\u2019Rivera Quintet<\/li>\n\n\n\n<li>Mar\u00eda Katzarava &amp; \u00c1ngel Rodr\u00edguez<\/li>\n\n\n\n<li>Orquesta Filarm\u00f3nica Joven de Colombia<\/li>\n\n\n\n<li>Duo Atl\u00e1ntico<\/li>\n<\/ul>\n\n\n\n<figure class=\"wp-block-image size-large\"><img loading=\"lazy\" decoding=\"async\" width=\"1024\" height=\"631\" src=\"https:\/\/elregionaldigital.info\/wp-content\/uploads\/2025\/11\/image-11-1024x631.png\" alt=\"\" class=\"wp-image-5610\" srcset=\"https:\/\/elregionaldigital.info\/wp-content\/uploads\/2025\/11\/image-11-1024x631.png 1024w, https:\/\/elregionaldigital.info\/wp-content\/uploads\/2025\/11\/image-11-300x185.png 300w, https:\/\/elregionaldigital.info\/wp-content\/uploads\/2025\/11\/image-11-768x474.png 768w, https:\/\/elregionaldigital.info\/wp-content\/uploads\/2025\/11\/image-11.png 1200w\" sizes=\"auto, (max-width: 1024px) 100vw, 1024px\" \/><\/figure>\n","protected":false},"excerpt":{"rendered":"<p>noviembre 14, 2025 Este 14 de noviembre inicia el&nbsp;Festival de M\u00fasica de Morelia, Miguel Bernal Jim\u00e9nez, que contar\u00e1 con la participaci\u00f3n de un grupo importante de artistas&nbsp; internacionales invitados. La&nbsp;inauguraci\u00f3n&nbsp;de le Edici\u00f3n 37 del Festival correr\u00e1 a cargo de la&nbsp;Orquesta de C\u00e1mara Alemana de Berl\u00edn. Bajo la direcci\u00f3n de Ulrich Backofen y la participaci\u00f3n estelar [&hellip;]<\/p>\n","protected":false},"author":1,"featured_media":5610,"comment_status":"open","ping_status":"open","sticky":false,"template":"","format":"standard","meta":{"footnotes":""},"categories":[3],"tags":[],"class_list":["post-5609","post","type-post","status-publish","format-standard","has-post-thumbnail","hentry","category-entretenimiento"],"blog_post_layout_featured_media_urls":{"thumbnail":["https:\/\/elregionaldigital.info\/wp-content\/uploads\/2025\/11\/image-11-150x150.png",150,150,true],"full":["https:\/\/elregionaldigital.info\/wp-content\/uploads\/2025\/11\/image-11.png",1200,740,false]},"categories_names":{"3":{"name":"Entretenimiento","link":"https:\/\/elregionaldigital.info\/?cat=3"}},"tags_names":[],"comments_number":"0","wpmagazine_modules_lite_featured_media_urls":{"thumbnail":["https:\/\/elregionaldigital.info\/wp-content\/uploads\/2025\/11\/image-11-150x150.png",150,150,true],"cvmm-medium":["https:\/\/elregionaldigital.info\/wp-content\/uploads\/2025\/11\/image-11-300x300.png",300,300,true],"cvmm-medium-plus":["https:\/\/elregionaldigital.info\/wp-content\/uploads\/2025\/11\/image-11-305x207.png",305,207,true],"cvmm-portrait":["https:\/\/elregionaldigital.info\/wp-content\/uploads\/2025\/11\/image-11-400x600.png",400,600,true],"cvmm-medium-square":["https:\/\/elregionaldigital.info\/wp-content\/uploads\/2025\/11\/image-11-600x600.png",600,600,true],"cvmm-large":["https:\/\/elregionaldigital.info\/wp-content\/uploads\/2025\/11\/image-11-1024x740.png",1024,740,true],"cvmm-small":["https:\/\/elregionaldigital.info\/wp-content\/uploads\/2025\/11\/image-11-130x95.png",130,95,true],"full":["https:\/\/elregionaldigital.info\/wp-content\/uploads\/2025\/11\/image-11.png",1200,740,false]},"_links":{"self":[{"href":"https:\/\/elregionaldigital.info\/index.php?rest_route=\/wp\/v2\/posts\/5609","targetHints":{"allow":["GET"]}}],"collection":[{"href":"https:\/\/elregionaldigital.info\/index.php?rest_route=\/wp\/v2\/posts"}],"about":[{"href":"https:\/\/elregionaldigital.info\/index.php?rest_route=\/wp\/v2\/types\/post"}],"author":[{"embeddable":true,"href":"https:\/\/elregionaldigital.info\/index.php?rest_route=\/wp\/v2\/users\/1"}],"replies":[{"embeddable":true,"href":"https:\/\/elregionaldigital.info\/index.php?rest_route=%2Fwp%2Fv2%2Fcomments&post=5609"}],"version-history":[{"count":1,"href":"https:\/\/elregionaldigital.info\/index.php?rest_route=\/wp\/v2\/posts\/5609\/revisions"}],"predecessor-version":[{"id":5611,"href":"https:\/\/elregionaldigital.info\/index.php?rest_route=\/wp\/v2\/posts\/5609\/revisions\/5611"}],"wp:featuredmedia":[{"embeddable":true,"href":"https:\/\/elregionaldigital.info\/index.php?rest_route=\/wp\/v2\/media\/5610"}],"wp:attachment":[{"href":"https:\/\/elregionaldigital.info\/index.php?rest_route=%2Fwp%2Fv2%2Fmedia&parent=5609"}],"wp:term":[{"taxonomy":"category","embeddable":true,"href":"https:\/\/elregionaldigital.info\/index.php?rest_route=%2Fwp%2Fv2%2Fcategories&post=5609"},{"taxonomy":"post_tag","embeddable":true,"href":"https:\/\/elregionaldigital.info\/index.php?rest_route=%2Fwp%2Fv2%2Ftags&post=5609"}],"curies":[{"name":"wp","href":"https:\/\/api.w.org\/{rel}","templated":true}]}}