{"id":559,"date":"2022-10-16T12:44:00","date_gmt":"2022-10-16T12:44:00","guid":{"rendered":"http:\/\/elregionaldigital.info\/?p=559"},"modified":"2022-10-17T12:54:13","modified_gmt":"2022-10-17T12:54:13","slug":"grupo-firme-canto-las-mananitas-en-la-celebracion-de-los-xv-anos-de-la-hija-de-canelo-alvarez","status":"publish","type":"post","link":"https:\/\/elregionaldigital.info\/?p=559","title":{"rendered":"Grupo Firme cant\u00f3 \u2018Las ma\u00f1anitas\u2019 en la celebraci\u00f3n de los XV a\u00f1os de la hija de \u2018Canelo\u2019 \u00c1lvarez"},"content":{"rendered":"\n<figure class=\"wp-block-image size-full\"><img loading=\"lazy\" decoding=\"async\" width=\"800\" height=\"450\" src=\"http:\/\/elregionaldigital.info\/wp-content\/uploads\/2022\/10\/35L6HRCOO5FUVMGJ2UJNPUX5GI.jpg\" alt=\"\" class=\"wp-image-560\" srcset=\"https:\/\/elregionaldigital.info\/wp-content\/uploads\/2022\/10\/35L6HRCOO5FUVMGJ2UJNPUX5GI.jpg 800w, https:\/\/elregionaldigital.info\/wp-content\/uploads\/2022\/10\/35L6HRCOO5FUVMGJ2UJNPUX5GI-300x169.jpg 300w, https:\/\/elregionaldigital.info\/wp-content\/uploads\/2022\/10\/35L6HRCOO5FUVMGJ2UJNPUX5GI-768x432.jpg 768w\" sizes=\"auto, (max-width: 800px) 100vw, 800px\" \/><\/figure>\n\n\n\n<p>El Grupo Firme el pasado s\u00e1bado ofreci\u00f3 un show de lujo en los XV a\u00f1os de Emily, hija del boxeador &#8216;Canelo&#8217; \u00c1lvarez. A su vez, Bandamax TV revel\u00f3 la posible cifra que habr\u00edan cobrado por su espect\u00e1culo<\/p>\n\n\n\n<p><strong>El pasado s\u00e1bado 15 de octubre celebraron los XV a\u00f1os de Emily, hija de&nbsp;<a href=\"https:\/\/eldiariony.com\/tema\/saul-canelo-alvarez\/\">Sa\u00fal \u2018Canelo\u2019 \u00c1lvarez<\/a>&nbsp;<\/strong>siendo una de las fiestas m\u00e1s esperadas del a\u00f1o, debido a que deseaban que terminara siendo festejada por todo lo alto, y hasta el momento ha sucedido as\u00ed con las pocas publicaciones que han realizado en las redes sociales algunos de los invitados.<\/p>\n\n\n\n<p>Este festejo viene desde hace alg\u00fan tiempo donde los familiares se encargan de presentarle a los seres queridos m\u00e1s cercanos ese paso de ni\u00f1a a se\u00f1orita. Desde temprano fueron revelando&nbsp;<strong>fotos de lo que fue la llegada de los invitados a la iglesia<\/strong>, y es que asistieron a una misa que ten\u00edan pautada para poder dar gracias por todo lo obtenido en la vida.<\/p>\n\n\n\n<p><strong>Emily lleg\u00f3 al templo con un vestido rojo y una larga cola que acapar\u00f3 las miradas<\/strong>\u00a0no solamente de las personas que asistieron con una tarjeta de invitaci\u00f3n, tambi\u00e9n en las cercan\u00edas del lugar hab\u00edan individuos que estaban esperando ver a los familiares, as\u00ed como al boxeador que se ha logrado ganar el cari\u00f1o de muchos en su pa\u00eds. A su vez,\u00a0<strong>la joven realiz\u00f3 al menos tres cambios de ropa.<\/strong><\/p>\n\n\n\n<p><strong>esde hace algunas semanas se comenz\u00f3 a rumorar que el&nbsp;<a href=\"https:\/\/eldiariony.com\/tema\/grupo-firme\/\">Grupo Firme<\/a><\/strong>&nbsp;ser\u00eda una de las bandas que se presentar\u00eda en esta especial celebraci\u00f3n en honor a Emily. Sin embargo, fue hasta el pasado s\u00e1bado cuando se confirm\u00f3 que hab\u00edan asistido para cantarle a la primog\u00e9nita del boxeador profesional.<\/p>\n\n\n\n<p>Las redes sociales ya se han comenzado a llenar de videos por la presentaci\u00f3n que realiz\u00f3 el grupo que interpreta el g\u00e9nero regional mexicano. Sin duda uno de los momentos que se convirti\u00f3 m\u00e1s emotivos de la noche fue cuando&nbsp;<strong>le cantaron \u2018Las Ma\u00f1anitas\u2019.<\/strong><\/p>\n\n\n\n<p><strong>Bandamax TV revel\u00f3 que la agrupaci\u00f3n habr\u00eda cobrado aproximadamente 2,5 millones de pesos por su espect\u00e1culo<\/strong>, esto sin incluir todo lo que tuvieron que invertir en la producci\u00f3n, y es que se trata de la tarima, audio, iluminaci\u00f3n, seguridad, limpieza, as\u00ed como el traslado de ellos.<\/p>\n\n\n\n<p>En uno de los audiovisuales se puede apreciar a&nbsp;<strong>Sa\u00fal abrazando a Emily mientras estaban en el escenario disfrutando de la m\u00fasica en vivo de este show privado&nbsp;<\/strong>que dieron en M\u00e9xico<\/p>\n","protected":false},"excerpt":{"rendered":"<p>El Grupo Firme el pasado s\u00e1bado ofreci\u00f3 un show de lujo en los XV a\u00f1os de Emily, hija del boxeador &#8216;Canelo&#8217; \u00c1lvarez. A su vez, Bandamax TV revel\u00f3 la posible cifra que habr\u00edan cobrado por su espect\u00e1culo El pasado s\u00e1bado 15 de octubre celebraron los XV a\u00f1os de Emily, hija de&nbsp;Sa\u00fal \u2018Canelo\u2019 \u00c1lvarez&nbsp;siendo una de [&hellip;]<\/p>\n","protected":false},"author":1,"featured_media":561,"comment_status":"open","ping_status":"open","sticky":false,"template":"","format":"standard","meta":{"footnotes":""},"categories":[3],"tags":[],"class_list":["post-559","post","type-post","status-publish","format-standard","has-post-thumbnail","hentry","category-entretenimiento"],"blog_post_layout_featured_media_urls":{"thumbnail":["https:\/\/elregionaldigital.info\/wp-content\/uploads\/2022\/10\/35L6HRCOO5FUVMGJ2UJNPUX5GI-1-150x150.jpg",150,150,true],"full":["https:\/\/elregionaldigital.info\/wp-content\/uploads\/2022\/10\/35L6HRCOO5FUVMGJ2UJNPUX5GI-1.jpg",800,450,false]},"categories_names":{"3":{"name":"Entretenimiento","link":"https:\/\/elregionaldigital.info\/?cat=3"}},"tags_names":[],"comments_number":"0","wpmagazine_modules_lite_featured_media_urls":{"thumbnail":["https:\/\/elregionaldigital.info\/wp-content\/uploads\/2022\/10\/35L6HRCOO5FUVMGJ2UJNPUX5GI-1-150x150.jpg",150,150,true],"cvmm-medium":["https:\/\/elregionaldigital.info\/wp-content\/uploads\/2022\/10\/35L6HRCOO5FUVMGJ2UJNPUX5GI-1-300x300.jpg",300,300,true],"cvmm-medium-plus":["https:\/\/elregionaldigital.info\/wp-content\/uploads\/2022\/10\/35L6HRCOO5FUVMGJ2UJNPUX5GI-1-305x207.jpg",305,207,true],"cvmm-portrait":["https:\/\/elregionaldigital.info\/wp-content\/uploads\/2022\/10\/35L6HRCOO5FUVMGJ2UJNPUX5GI-1-400x450.jpg",400,450,true],"cvmm-medium-square":["https:\/\/elregionaldigital.info\/wp-content\/uploads\/2022\/10\/35L6HRCOO5FUVMGJ2UJNPUX5GI-1-600x450.jpg",600,450,true],"cvmm-large":["https:\/\/elregionaldigital.info\/wp-content\/uploads\/2022\/10\/35L6HRCOO5FUVMGJ2UJNPUX5GI-1.jpg",800,450,false],"cvmm-small":["https:\/\/elregionaldigital.info\/wp-content\/uploads\/2022\/10\/35L6HRCOO5FUVMGJ2UJNPUX5GI-1-130x95.jpg",130,95,true],"full":["https:\/\/elregionaldigital.info\/wp-content\/uploads\/2022\/10\/35L6HRCOO5FUVMGJ2UJNPUX5GI-1.jpg",800,450,false]},"_links":{"self":[{"href":"https:\/\/elregionaldigital.info\/index.php?rest_route=\/wp\/v2\/posts\/559","targetHints":{"allow":["GET"]}}],"collection":[{"href":"https:\/\/elregionaldigital.info\/index.php?rest_route=\/wp\/v2\/posts"}],"about":[{"href":"https:\/\/elregionaldigital.info\/index.php?rest_route=\/wp\/v2\/types\/post"}],"author":[{"embeddable":true,"href":"https:\/\/elregionaldigital.info\/index.php?rest_route=\/wp\/v2\/users\/1"}],"replies":[{"embeddable":true,"href":"https:\/\/elregionaldigital.info\/index.php?rest_route=%2Fwp%2Fv2%2Fcomments&post=559"}],"version-history":[{"count":1,"href":"https:\/\/elregionaldigital.info\/index.php?rest_route=\/wp\/v2\/posts\/559\/revisions"}],"predecessor-version":[{"id":562,"href":"https:\/\/elregionaldigital.info\/index.php?rest_route=\/wp\/v2\/posts\/559\/revisions\/562"}],"wp:featuredmedia":[{"embeddable":true,"href":"https:\/\/elregionaldigital.info\/index.php?rest_route=\/wp\/v2\/media\/561"}],"wp:attachment":[{"href":"https:\/\/elregionaldigital.info\/index.php?rest_route=%2Fwp%2Fv2%2Fmedia&parent=559"}],"wp:term":[{"taxonomy":"category","embeddable":true,"href":"https:\/\/elregionaldigital.info\/index.php?rest_route=%2Fwp%2Fv2%2Fcategories&post=559"},{"taxonomy":"post_tag","embeddable":true,"href":"https:\/\/elregionaldigital.info\/index.php?rest_route=%2Fwp%2Fv2%2Ftags&post=559"}],"curies":[{"name":"wp","href":"https:\/\/api.w.org\/{rel}","templated":true}]}}