{"id":5586,"date":"2025-11-20T18:09:34","date_gmt":"2025-11-20T18:09:34","guid":{"rendered":"https:\/\/elregionaldigital.info\/?p=5586"},"modified":"2025-11-20T18:09:35","modified_gmt":"2025-11-20T18:09:35","slug":"asi-quedaron-definidos-los-repechajes-para-el-mundial-2026","status":"publish","type":"post","link":"https:\/\/elregionaldigital.info\/?p=5586","title":{"rendered":"As\u00ed quedaron definidos los repechajes para el Mundial 2026"},"content":{"rendered":"\n<p>noviembre 20, 2025<\/p>\n\n\n\n<p>Los<strong>&nbsp;repechajes intercontinental y europeo<\/strong>&nbsp;quedaron definidos este jueves 20 de noviembre de 2025, los cuales definir\u00e1n los<strong>&nbsp;\u00faltimos seis cupos<\/strong>&nbsp;para el&nbsp;<strong>Mundial 2026<\/strong>&nbsp;que se llevar\u00e1 a cabo en Estados unidos, M\u00e9xico y Canad\u00e1 el pr\u00f3ximo verano.<\/p>\n\n\n\n<p>Dichas instancias de repechaje se llevar\u00e1n a cabo durante la fecha FIFA que se extiende del&nbsp;<strong>23 al 31 de marzo<\/strong>&nbsp;pr\u00f3ximo.<\/p>\n\n\n\n<p>Los emparejamientos de los repechajes para el Mundial 2026 se dieron a conocer tras realizarse este jueves el sorteo en la sede de la\u00a0FIFA, ubicada en Z\u00farich, Suiza.<\/p>\n\n\n\n<p>En el caso del clasificatorio intercontinental, se tendr\u00e1n como sedes a Guadalajara y Monterrey.<\/p>\n\n\n\n<h3 class=\"wp-block-heading\">Repechaje europeo<\/h3>\n\n\n\n<p>La UEFA tendr\u00e1 cuatro cupos disponibles para el Mundial 2026 Dicha instancia fue acomodada en cuatro rutas: A, B, C y D, las cuales contar\u00e1n cada una con dos semifinales y una gran final.<\/p>\n\n\n\n<p>Las rutas quedaron de la siguiente manera:<\/p>\n\n\n\n<ul class=\"wp-block-list\">\n<li>Ruta A :\n<ul class=\"wp-block-list\">\n<li><strong>Italia\u00a0vs Irlanda del Norte.<\/strong><\/li>\n\n\n\n<li><strong>Gales vs Bosnia<\/strong>.\n<ul class=\"wp-block-list\">\n<li>Los ganadores en se enfrentan en la final A por un cupo a la Copa del Mundo.<\/li>\n<\/ul>\n<\/li>\n<\/ul>\n<\/li>\n\n\n\n<li>Ruta B:\n<ul class=\"wp-block-list\">\n<li><strong>Ucrania vs Suecia<\/strong>.<\/li>\n\n\n\n<li><strong>Polonia vs Albania<\/strong>.\n<ul class=\"wp-block-list\">\n<li>Los ganadores en se enfrentan en la final B por un cupo a la Copa del Mundo.<\/li>\n<\/ul>\n<\/li>\n<\/ul>\n<\/li>\n\n\n\n<li>Ruta C:\n<ul class=\"wp-block-list\">\n<li><strong>Turqu\u00eda vs Rumania<\/strong>.<\/li>\n\n\n\n<li><strong>Eslovaquia vs Kosovo<\/strong>.\n<ul class=\"wp-block-list\">\n<li>Los ganadores en se enfrentan en la final C por un cupo a la Copa del Mundo.<\/li>\n<\/ul>\n<\/li>\n<\/ul>\n<\/li>\n\n\n\n<li>Ruta D:\n<ul class=\"wp-block-list\">\n<li><strong>Dinamarca vs Macedonia del Norte<\/strong>.<\/li>\n\n\n\n<li><strong>Rep\u00fablica Checa vs\u00a0Irlanda<\/strong>.\n<ul class=\"wp-block-list\">\n<li>Los ganadores en se enfrentan en la final D por un cupo a la Copa del Mundo.<\/li>\n<\/ul>\n<\/li>\n<\/ul>\n<\/li>\n<\/ul>\n\n\n\n<p>El repechaje intercontinental dar\u00e1 otros dos cupos para el Mundial 2026. En dicha instancia participar\u00e1n las selecciones de&nbsp;<strong>Surinam, Jamaica, Bolivia, Nueva Caledonia, Rep\u00fablica Democr\u00e1tica del Congo e Irak<\/strong>.<\/p>\n\n\n\n<p><strong>Rep\u00fablica Democr\u00e1tica del Congo e Irak&nbsp;<\/strong>se instalaron de forma autom\u00e1tica en la final de sus respectivas llaves al estar mejor posicionados en el Ranking FIFA.<\/p>\n\n\n\n<p>Los cuatro partidos de esta instancia se jugar\u00e1n en los estadios&nbsp;<strong>Guadalajara y Monterrey.<\/strong><\/p>\n\n\n\n<p>As\u00ed quedaron las llaves:<\/p>\n\n\n\n<ul class=\"wp-block-list\">\n<li>Llave 1:\n<ul class=\"wp-block-list\">\n<li>Semifinal 1: Nueva Caledonia vs Jamaica. El ganador de este juego se ver\u00e1 las caras ante Rep\u00fablica Democr\u00e1tica del Congo por el pase a la Copa del Mundo.<\/li>\n<\/ul>\n<\/li>\n\n\n\n<li>Llave 2:\n<ul class=\"wp-block-list\">\n<li>Semifinal 2: Bolivia vs Surinam. Quien gane este juego se enfrentar\u00e1 a Irak por el boleto a la Copa del mundo.<\/li>\n<\/ul>\n<\/li>\n<\/ul>\n\n\n\n<p>Actualmente hay 42 selecciones clasificadas al Mundial 2026, cuyo partido inaugural se realizar\u00e1 la tarde del 11 de junio en la cancha del Estadio Ciudad de M\u00e9xico.<\/p>\n\n\n\n<figure class=\"wp-block-image size-large\"><img loading=\"lazy\" decoding=\"async\" width=\"1024\" height=\"683\" src=\"https:\/\/elregionaldigital.info\/wp-content\/uploads\/2025\/11\/image-4-1024x683.png\" alt=\"\" class=\"wp-image-5587\" srcset=\"https:\/\/elregionaldigital.info\/wp-content\/uploads\/2025\/11\/image-4-1024x683.png 1024w, https:\/\/elregionaldigital.info\/wp-content\/uploads\/2025\/11\/image-4-300x200.png 300w, https:\/\/elregionaldigital.info\/wp-content\/uploads\/2025\/11\/image-4-768x512.png 768w, https:\/\/elregionaldigital.info\/wp-content\/uploads\/2025\/11\/image-4-1536x1024.png 1536w, https:\/\/elregionaldigital.info\/wp-content\/uploads\/2025\/11\/image-4.png 1920w\" sizes=\"auto, (max-width: 1024px) 100vw, 1024px\" \/><\/figure>\n","protected":false},"excerpt":{"rendered":"<p>noviembre 20, 2025 Los&nbsp;repechajes intercontinental y europeo&nbsp;quedaron definidos este jueves 20 de noviembre de 2025, los cuales definir\u00e1n los&nbsp;\u00faltimos seis cupos&nbsp;para el&nbsp;Mundial 2026&nbsp;que se llevar\u00e1 a cabo en Estados unidos, M\u00e9xico y Canad\u00e1 el pr\u00f3ximo verano. Dichas instancias de repechaje se llevar\u00e1n a cabo durante la fecha FIFA que se extiende del&nbsp;23 al 31 de [&hellip;]<\/p>\n","protected":false},"author":1,"featured_media":5587,"comment_status":"open","ping_status":"open","sticky":false,"template":"","format":"standard","meta":{"footnotes":""},"categories":[6],"tags":[],"class_list":["post-5586","post","type-post","status-publish","format-standard","has-post-thumbnail","hentry","category-deportes"],"blog_post_layout_featured_media_urls":{"thumbnail":["https:\/\/elregionaldigital.info\/wp-content\/uploads\/2025\/11\/image-4-150x150.png",150,150,true],"full":["https:\/\/elregionaldigital.info\/wp-content\/uploads\/2025\/11\/image-4.png",1920,1280,false]},"categories_names":{"6":{"name":"Deportes","link":"https:\/\/elregionaldigital.info\/?cat=6"}},"tags_names":[],"comments_number":"0","wpmagazine_modules_lite_featured_media_urls":{"thumbnail":["https:\/\/elregionaldigital.info\/wp-content\/uploads\/2025\/11\/image-4-150x150.png",150,150,true],"cvmm-medium":["https:\/\/elregionaldigital.info\/wp-content\/uploads\/2025\/11\/image-4-300x300.png",300,300,true],"cvmm-medium-plus":["https:\/\/elregionaldigital.info\/wp-content\/uploads\/2025\/11\/image-4-305x207.png",305,207,true],"cvmm-portrait":["https:\/\/elregionaldigital.info\/wp-content\/uploads\/2025\/11\/image-4-400x600.png",400,600,true],"cvmm-medium-square":["https:\/\/elregionaldigital.info\/wp-content\/uploads\/2025\/11\/image-4-600x600.png",600,600,true],"cvmm-large":["https:\/\/elregionaldigital.info\/wp-content\/uploads\/2025\/11\/image-4-1024x1024.png",1024,1024,true],"cvmm-small":["https:\/\/elregionaldigital.info\/wp-content\/uploads\/2025\/11\/image-4-130x95.png",130,95,true],"full":["https:\/\/elregionaldigital.info\/wp-content\/uploads\/2025\/11\/image-4.png",1920,1280,false]},"_links":{"self":[{"href":"https:\/\/elregionaldigital.info\/index.php?rest_route=\/wp\/v2\/posts\/5586","targetHints":{"allow":["GET"]}}],"collection":[{"href":"https:\/\/elregionaldigital.info\/index.php?rest_route=\/wp\/v2\/posts"}],"about":[{"href":"https:\/\/elregionaldigital.info\/index.php?rest_route=\/wp\/v2\/types\/post"}],"author":[{"embeddable":true,"href":"https:\/\/elregionaldigital.info\/index.php?rest_route=\/wp\/v2\/users\/1"}],"replies":[{"embeddable":true,"href":"https:\/\/elregionaldigital.info\/index.php?rest_route=%2Fwp%2Fv2%2Fcomments&post=5586"}],"version-history":[{"count":1,"href":"https:\/\/elregionaldigital.info\/index.php?rest_route=\/wp\/v2\/posts\/5586\/revisions"}],"predecessor-version":[{"id":5588,"href":"https:\/\/elregionaldigital.info\/index.php?rest_route=\/wp\/v2\/posts\/5586\/revisions\/5588"}],"wp:featuredmedia":[{"embeddable":true,"href":"https:\/\/elregionaldigital.info\/index.php?rest_route=\/wp\/v2\/media\/5587"}],"wp:attachment":[{"href":"https:\/\/elregionaldigital.info\/index.php?rest_route=%2Fwp%2Fv2%2Fmedia&parent=5586"}],"wp:term":[{"taxonomy":"category","embeddable":true,"href":"https:\/\/elregionaldigital.info\/index.php?rest_route=%2Fwp%2Fv2%2Fcategories&post=5586"},{"taxonomy":"post_tag","embeddable":true,"href":"https:\/\/elregionaldigital.info\/index.php?rest_route=%2Fwp%2Fv2%2Ftags&post=5586"}],"curies":[{"name":"wp","href":"https:\/\/api.w.org\/{rel}","templated":true}]}}