{"id":5583,"date":"2025-10-25T18:05:07","date_gmt":"2025-10-25T18:05:07","guid":{"rendered":"https:\/\/elregionaldigital.info\/?p=5583"},"modified":"2025-11-20T18:06:43","modified_gmt":"2025-11-20T18:06:43","slug":"dif-tamaulipas-se-corona-campeon-de-la-copa-gobernador-2025-varonil","status":"publish","type":"post","link":"https:\/\/elregionaldigital.info\/?p=5583","title":{"rendered":"DIF Tamaulipas se corona campe\u00f3n de la Copa Gobernador 2025 Varonil"},"content":{"rendered":"\n<p>Octubre 25 de 2025<\/p>\n\n\n\n<p>Ciudad Victoria, Tamaulipas.- El representativo del DIF Tamaulipas se proclam\u00f3 campe\u00f3n de la Copa Gobernador 2025 en la categor\u00eda varonil, tras vencer por marcador de 2-1 al conjunto de la Secretar\u00eda General de Gobierno, en la final disputada en las instalaciones del IPSSET.<\/p>\n\n\n\n<p>El encuentro fue intenso y con buenas oportunidades para ambos equipos pero los llamados Colibr\u00edes fueron contundentes en la hora importante.<\/p>\n\n\n\n<p>La escuadra del DIF tom\u00f3 ventaja en el primer tiempo, luego de que Magid Borrego conectara una volea desde la media luna al minuto 20 aproximadamente, colocando el 1-0 parcial.<\/p>\n\n\n\n<p>DIF fue el cuadro que m\u00e1s insisti\u00f3 en el primer tiempo pero ya no se movi\u00f3 el marcador.<\/p>\n\n\n\n<p>En el inicio del segundo tiempo, la Secretar\u00eda General de Gobierno logr\u00f3 igualar el marcador mediante un remate de cabeza de Armando Moctezuma, tras un centro enviado desde el sector derecho y pon\u00eda m\u00e1s emocionante el cotejo.<\/p>\n\n\n\n<p>Cuando el partido se acercaba a su conclusi\u00f3n, el DIF Tamaulipas encontr\u00f3 el gol del triunfo en una jugada de contragolpe organizado desde media cancha, termin\u00f3 en un centro al \u00e1rea, y Magid Borrego remat\u00f3 y en primera instancia, el tiro fue atajado por el guardameta V\u00edctor Molina, pero en el rebote Magid aprovech\u00f3 para definir y sentenciar el 2-1 definitivo.<\/p>\n\n\n\n<p>Con este resultado, el DIF Tamaulipas consigue por primera vez en su historia el t\u00edtulo de la Copa Gobernador, consolidando una destacada participaci\u00f3n a lo largo del torneo.<\/p>\n\n\n\n<p>La coordinaci\u00f3n del torneo inform\u00f3 que todas las jugadoras y jugadores que obtuvieron los primeros lugares en la rama femenil y varonil, recibir\u00e1n un incentivo econ\u00f3mico tal y como se hab\u00eda estipulado desde un inicio, apoyo que brind\u00f3 el gobernador Am\u00e9rico Villarreal para el impulso de la actividad f\u00edsica en los trabajadores del Gobierno de Tamaulipas.<\/p>\n\n\n\n<p><\/p>\n\n\n\n<figure class=\"wp-block-image\"><a href=\"https:\/\/www.tamaulipas.gob.mx\/wp-content\/uploads\/2025\/10\/IDE-150-2025.-DIF-Tamaulipas-se-corona-campeon-de-la-Copa-Gobernador-2025-Varonil-1.jpeg\"><img decoding=\"async\" src=\"https:\/\/www.tamaulipas.gob.mx\/wp-content\/uploads\/2025\/10\/IDE-150-2025.-DIF-Tamaulipas-se-corona-campeon-de-la-Copa-Gobernador-2025-Varonil-1-850x500.jpeg\" alt=\"\"\/><\/a><\/figure>\n","protected":false},"excerpt":{"rendered":"<p>Octubre 25 de 2025 Ciudad Victoria, Tamaulipas.- El representativo del DIF Tamaulipas se proclam\u00f3 campe\u00f3n de la Copa Gobernador 2025 en la categor\u00eda varonil, tras vencer por marcador de 2-1 al conjunto de la Secretar\u00eda General de Gobierno, en la final disputada en las instalaciones del IPSSET. El encuentro fue intenso y con buenas oportunidades [&hellip;]<\/p>\n","protected":false},"author":1,"featured_media":5584,"comment_status":"open","ping_status":"open","sticky":false,"template":"","format":"standard","meta":{"footnotes":""},"categories":[2],"tags":[],"class_list":["post-5583","post","type-post","status-publish","format-standard","has-post-thumbnail","hentry","category-tamaulipas"],"blog_post_layout_featured_media_urls":{"thumbnail":["https:\/\/elregionaldigital.info\/wp-content\/uploads\/2025\/11\/IDE-150-2025.-DIF-Tamaulipas-se-corona-campeon-de-la-Copa-Gobernador-2025-Varonil-3-850x500-1-150x150.jpeg",150,150,true],"full":["https:\/\/elregionaldigital.info\/wp-content\/uploads\/2025\/11\/IDE-150-2025.-DIF-Tamaulipas-se-corona-campeon-de-la-Copa-Gobernador-2025-Varonil-3-850x500-1.jpeg",850,500,false]},"categories_names":{"2":{"name":"Tamaulipas","link":"https:\/\/elregionaldigital.info\/?cat=2"}},"tags_names":[],"comments_number":"0","wpmagazine_modules_lite_featured_media_urls":{"thumbnail":["https:\/\/elregionaldigital.info\/wp-content\/uploads\/2025\/11\/IDE-150-2025.-DIF-Tamaulipas-se-corona-campeon-de-la-Copa-Gobernador-2025-Varonil-3-850x500-1-150x150.jpeg",150,150,true],"cvmm-medium":["https:\/\/elregionaldigital.info\/wp-content\/uploads\/2025\/11\/IDE-150-2025.-DIF-Tamaulipas-se-corona-campeon-de-la-Copa-Gobernador-2025-Varonil-3-850x500-1-300x300.jpeg",300,300,true],"cvmm-medium-plus":["https:\/\/elregionaldigital.info\/wp-content\/uploads\/2025\/11\/IDE-150-2025.-DIF-Tamaulipas-se-corona-campeon-de-la-Copa-Gobernador-2025-Varonil-3-850x500-1-305x207.jpeg",305,207,true],"cvmm-portrait":["https:\/\/elregionaldigital.info\/wp-content\/uploads\/2025\/11\/IDE-150-2025.-DIF-Tamaulipas-se-corona-campeon-de-la-Copa-Gobernador-2025-Varonil-3-850x500-1-400x500.jpeg",400,500,true],"cvmm-medium-square":["https:\/\/elregionaldigital.info\/wp-content\/uploads\/2025\/11\/IDE-150-2025.-DIF-Tamaulipas-se-corona-campeon-de-la-Copa-Gobernador-2025-Varonil-3-850x500-1-600x500.jpeg",600,500,true],"cvmm-large":["https:\/\/elregionaldigital.info\/wp-content\/uploads\/2025\/11\/IDE-150-2025.-DIF-Tamaulipas-se-corona-campeon-de-la-Copa-Gobernador-2025-Varonil-3-850x500-1.jpeg",850,500,false],"cvmm-small":["https:\/\/elregionaldigital.info\/wp-content\/uploads\/2025\/11\/IDE-150-2025.-DIF-Tamaulipas-se-corona-campeon-de-la-Copa-Gobernador-2025-Varonil-3-850x500-1-130x95.jpeg",130,95,true],"full":["https:\/\/elregionaldigital.info\/wp-content\/uploads\/2025\/11\/IDE-150-2025.-DIF-Tamaulipas-se-corona-campeon-de-la-Copa-Gobernador-2025-Varonil-3-850x500-1.jpeg",850,500,false]},"_links":{"self":[{"href":"https:\/\/elregionaldigital.info\/index.php?rest_route=\/wp\/v2\/posts\/5583","targetHints":{"allow":["GET"]}}],"collection":[{"href":"https:\/\/elregionaldigital.info\/index.php?rest_route=\/wp\/v2\/posts"}],"about":[{"href":"https:\/\/elregionaldigital.info\/index.php?rest_route=\/wp\/v2\/types\/post"}],"author":[{"embeddable":true,"href":"https:\/\/elregionaldigital.info\/index.php?rest_route=\/wp\/v2\/users\/1"}],"replies":[{"embeddable":true,"href":"https:\/\/elregionaldigital.info\/index.php?rest_route=%2Fwp%2Fv2%2Fcomments&post=5583"}],"version-history":[{"count":1,"href":"https:\/\/elregionaldigital.info\/index.php?rest_route=\/wp\/v2\/posts\/5583\/revisions"}],"predecessor-version":[{"id":5585,"href":"https:\/\/elregionaldigital.info\/index.php?rest_route=\/wp\/v2\/posts\/5583\/revisions\/5585"}],"wp:featuredmedia":[{"embeddable":true,"href":"https:\/\/elregionaldigital.info\/index.php?rest_route=\/wp\/v2\/media\/5584"}],"wp:attachment":[{"href":"https:\/\/elregionaldigital.info\/index.php?rest_route=%2Fwp%2Fv2%2Fmedia&parent=5583"}],"wp:term":[{"taxonomy":"category","embeddable":true,"href":"https:\/\/elregionaldigital.info\/index.php?rest_route=%2Fwp%2Fv2%2Fcategories&post=5583"},{"taxonomy":"post_tag","embeddable":true,"href":"https:\/\/elregionaldigital.info\/index.php?rest_route=%2Fwp%2Fv2%2Ftags&post=5583"}],"curies":[{"name":"wp","href":"https:\/\/api.w.org\/{rel}","templated":true}]}}