{"id":5581,"date":"2025-10-31T18:03:39","date_gmt":"2025-10-31T18:03:39","guid":{"rendered":"https:\/\/elregionaldigital.info\/?p=5581"},"modified":"2025-11-20T18:05:03","modified_gmt":"2025-11-20T18:05:03","slug":"celebra-sspt-el-dia-de-muertos-con-concurso-de-catrinas-y-catrines","status":"publish","type":"post","link":"https:\/\/elregionaldigital.info\/?p=5581","title":{"rendered":"Celebra SSPT el D\u00eda de Muertos con concurso de catrinas y catrines"},"content":{"rendered":"\n<p>Octubre 31 de 2025<\/p>\n\n\n\n<p>Ciudad Victoria, Tamaulipas.- Con un colorido desfile lleno de flores, trajes tradicionales y m\u00fasica, personal operativo y administrativo de la Secretar\u00eda de Seguridad P\u00fablica de Tamaulipas (SSPT) celebr\u00f3 el D\u00eda de Muertos con el concurso interno de catrinas y catrines 2025.<\/p>\n\n\n\n<p>El evento, realizado en las instalaciones del Complejo de Seguridad, reuni\u00f3 a 13 participantes individuales y en pareja pertenecientes a distintas \u00e1reas de la SSPT, quienes mostraron su creatividad con atuendos inspirados en la tradici\u00f3n mexicana.<\/p>\n\n\n\n<p>Entre los elementos m\u00e1s llamativos destacaron caballos, perros y artesan\u00edas elaboradas por personas privadas de la libertad (PPLs).<\/p>\n\n\n\n<p>El jurado calificador estuvo integrado por Jairo Vel\u00e1zquez, Cloloaldo S\u00e1nchez, Perla Anz\u00faa, Cinthya Ya\u00f1ez, y Janette del Carmen Jasso del ITCA y la Secretar\u00eda de Educaci\u00f3n, quienes evaluaron la originalidad, el maquillaje y la confecci\u00f3n de los vestuarios.<\/p>\n\n\n\n<p>Durante la ceremonia, el titular de la SSPT Carlos Arturo Pancardo Escudero, destac\u00f3 el sentido de homenaje y unidad que representa esta celebraci\u00f3n.<\/p>\n\n\n\n<p>\u201cHoy no s\u00f3lo celebramos una de las tradiciones m\u00e1s trascendentales de M\u00e9xico, sino que honramos la memoria de quienes entregaron su vida en el cumplimiento del deber aqu\u00ed en Tamaulipas. Cada catrina y catr\u00edn es un s\u00edmbolo de vida y respeto por aquellos que, aunque ya no est\u00e1n f\u00edsicamente con nosotros, han dejado una huella imborrable en nuestra instituci\u00f3n\u201d, a\u00f1adi\u00f3.<\/p>\n\n\n\n<p>El desfile concluy\u00f3 con la premiaci\u00f3n a los ganadores, quienes recibieron reconocimientos econ\u00f3micos de cinco mil, tres mil y dos mil pesos.<\/p>\n\n\n\n<figure class=\"wp-block-image\"><a href=\"https:\/\/www.tamaulipas.gob.mx\/wp-content\/uploads\/2025\/10\/SSP-347-2025.-Celebra-SSPT-el-Dia-de-Muertos-con-concurso-de-catrinas-y-catrines-8.jpg\"><img decoding=\"async\" src=\"https:\/\/www.tamaulipas.gob.mx\/wp-content\/uploads\/2025\/10\/SSP-347-2025.-Celebra-SSPT-el-Dia-de-Muertos-con-concurso-de-catrinas-y-catrines-8-850x500.jpg\" alt=\"\"\/><\/a><\/figure>\n","protected":false},"excerpt":{"rendered":"<p>Octubre 31 de 2025 Ciudad Victoria, Tamaulipas.- Con un colorido desfile lleno de flores, trajes tradicionales y m\u00fasica, personal operativo y administrativo de la Secretar\u00eda de Seguridad P\u00fablica de Tamaulipas (SSPT) celebr\u00f3 el D\u00eda de Muertos con el concurso interno de catrinas y catrines 2025. El evento, realizado en las instalaciones del Complejo de Seguridad, [&hellip;]<\/p>\n","protected":false},"author":1,"featured_media":5579,"comment_status":"open","ping_status":"open","sticky":false,"template":"","format":"standard","meta":{"footnotes":""},"categories":[2],"tags":[],"class_list":["post-5581","post","type-post","status-publish","format-standard","has-post-thumbnail","hentry","category-tamaulipas"],"blog_post_layout_featured_media_urls":{"thumbnail":["https:\/\/elregionaldigital.info\/wp-content\/uploads\/2025\/11\/SSP-351-2025.-Impulsa-SSPT-jornada-de-vacunacion-preventiva-para-su-personal-1-850x500-1-150x150.jpeg",150,150,true],"full":["https:\/\/elregionaldigital.info\/wp-content\/uploads\/2025\/11\/SSP-351-2025.-Impulsa-SSPT-jornada-de-vacunacion-preventiva-para-su-personal-1-850x500-1.jpeg",850,500,false]},"categories_names":{"2":{"name":"Tamaulipas","link":"https:\/\/elregionaldigital.info\/?cat=2"}},"tags_names":[],"comments_number":"0","wpmagazine_modules_lite_featured_media_urls":{"thumbnail":["https:\/\/elregionaldigital.info\/wp-content\/uploads\/2025\/11\/SSP-351-2025.-Impulsa-SSPT-jornada-de-vacunacion-preventiva-para-su-personal-1-850x500-1-150x150.jpeg",150,150,true],"cvmm-medium":["https:\/\/elregionaldigital.info\/wp-content\/uploads\/2025\/11\/SSP-351-2025.-Impulsa-SSPT-jornada-de-vacunacion-preventiva-para-su-personal-1-850x500-1-300x300.jpeg",300,300,true],"cvmm-medium-plus":["https:\/\/elregionaldigital.info\/wp-content\/uploads\/2025\/11\/SSP-351-2025.-Impulsa-SSPT-jornada-de-vacunacion-preventiva-para-su-personal-1-850x500-1-305x207.jpeg",305,207,true],"cvmm-portrait":["https:\/\/elregionaldigital.info\/wp-content\/uploads\/2025\/11\/SSP-351-2025.-Impulsa-SSPT-jornada-de-vacunacion-preventiva-para-su-personal-1-850x500-1-400x500.jpeg",400,500,true],"cvmm-medium-square":["https:\/\/elregionaldigital.info\/wp-content\/uploads\/2025\/11\/SSP-351-2025.-Impulsa-SSPT-jornada-de-vacunacion-preventiva-para-su-personal-1-850x500-1-600x500.jpeg",600,500,true],"cvmm-large":["https:\/\/elregionaldigital.info\/wp-content\/uploads\/2025\/11\/SSP-351-2025.-Impulsa-SSPT-jornada-de-vacunacion-preventiva-para-su-personal-1-850x500-1.jpeg",850,500,false],"cvmm-small":["https:\/\/elregionaldigital.info\/wp-content\/uploads\/2025\/11\/SSP-351-2025.-Impulsa-SSPT-jornada-de-vacunacion-preventiva-para-su-personal-1-850x500-1-130x95.jpeg",130,95,true],"full":["https:\/\/elregionaldigital.info\/wp-content\/uploads\/2025\/11\/SSP-351-2025.-Impulsa-SSPT-jornada-de-vacunacion-preventiva-para-su-personal-1-850x500-1.jpeg",850,500,false]},"_links":{"self":[{"href":"https:\/\/elregionaldigital.info\/index.php?rest_route=\/wp\/v2\/posts\/5581","targetHints":{"allow":["GET"]}}],"collection":[{"href":"https:\/\/elregionaldigital.info\/index.php?rest_route=\/wp\/v2\/posts"}],"about":[{"href":"https:\/\/elregionaldigital.info\/index.php?rest_route=\/wp\/v2\/types\/post"}],"author":[{"embeddable":true,"href":"https:\/\/elregionaldigital.info\/index.php?rest_route=\/wp\/v2\/users\/1"}],"replies":[{"embeddable":true,"href":"https:\/\/elregionaldigital.info\/index.php?rest_route=%2Fwp%2Fv2%2Fcomments&post=5581"}],"version-history":[{"count":1,"href":"https:\/\/elregionaldigital.info\/index.php?rest_route=\/wp\/v2\/posts\/5581\/revisions"}],"predecessor-version":[{"id":5582,"href":"https:\/\/elregionaldigital.info\/index.php?rest_route=\/wp\/v2\/posts\/5581\/revisions\/5582"}],"wp:featuredmedia":[{"embeddable":true,"href":"https:\/\/elregionaldigital.info\/index.php?rest_route=\/wp\/v2\/media\/5579"}],"wp:attachment":[{"href":"https:\/\/elregionaldigital.info\/index.php?rest_route=%2Fwp%2Fv2%2Fmedia&parent=5581"}],"wp:term":[{"taxonomy":"category","embeddable":true,"href":"https:\/\/elregionaldigital.info\/index.php?rest_route=%2Fwp%2Fv2%2Fcategories&post=5581"},{"taxonomy":"post_tag","embeddable":true,"href":"https:\/\/elregionaldigital.info\/index.php?rest_route=%2Fwp%2Fv2%2Ftags&post=5581"}],"curies":[{"name":"wp","href":"https:\/\/api.w.org\/{rel}","templated":true}]}}