{"id":5571,"date":"2025-11-12T17:59:02","date_gmt":"2025-11-12T17:59:02","guid":{"rendered":"https:\/\/elregionaldigital.info\/?p=5571"},"modified":"2025-11-20T18:00:55","modified_gmt":"2025-11-20T18:00:55","slug":"presente-tamaulipas-en-la-lxxv-reunion-nacional-de-la-comision-permanente-de-contralores-estados-federacion","status":"publish","type":"post","link":"https:\/\/elregionaldigital.info\/?p=5571","title":{"rendered":"Presente Tamaulipas en la LXXV\u00a0 Reuni\u00f3n Nacional de la Comisi\u00f3n Permanente de Contralores Estados\u2013Federaci\u00f3n"},"content":{"rendered":"\n<p>Noviembre 12 de 2025<\/p>\n\n\n\n<p>M\u00e9rida, Yucat\u00e1n.- Con el objetivo de fortalecer el di\u00e1logo institucional y reafirmar el compromiso con la \u00e9tica p\u00fablica, se llev\u00f3 a cabo la LXXV Reuni\u00f3n Nacional de la Comisi\u00f3n Permanente de Contralores Estados\u2013Federaci\u00f3n (CPCE-F). El evento fue dirigido por Oscar Ad\u00e1n Valencia Dom\u00ednguez, titular de la Secretar\u00eda Anticorrupci\u00f3n y Buen Gobierno de Yucat\u00e1n, y Mar\u00eda Guadalupe Ram\u00edrez Zepeda, Coordinadora Nacional de la Comisi\u00f3n Permanente de Contralores Estados \u2013 Federaci\u00f3n y Secretar\u00eda de Transparencia de Sinaloa.<\/p>\n\n\n\n<p>En representaci\u00f3n de la titular de la Secretar\u00eda Anticorrupci\u00f3n y Buen Gobierno en Tamaulipas, Norma Ang\u00e9lica Pedraza Melo, asistieron Judith Rodr\u00edguez S\u00e1nchez, secretaria t\u00e9cnica, y Gabriela G\u00f3mez Hern\u00e1ndez, directora general de Control, Auditor\u00eda y Responsabilidades. Durante su participaci\u00f3n, destacaron la importancia de este espacio como un ejercicio para compartir experiencias, capacitarse en nuevas herramientas de fiscalizaci\u00f3n y coordinar acciones que fortalezcan el control interno.<\/p>\n\n\n\n<p>El programa incluy\u00f3 conferencias, como la impartida por Josh Winfrey, Director Ejecutivo de NASACT (EE.UU.), y Scott Frank, quienes abordaron el uso de inteligencia artificial en auditor\u00edas estatales; mismas que aportaron una visi\u00f3n sobre el futuro de la fiscalizaci\u00f3n p\u00fablica.<\/p>\n\n\n\n<p>Durante la jornada, los titulares regionales presentaron sus informes anuales conforme al Programa de Trabajo 2025, y se eligi\u00f3 a la nueva Coordinaci\u00f3n Nacional para el periodo 2026, Alejandra Pani Barrag\u00e1n, titular de la Secretar\u00eda de la Contralor\u00eda de Morelos.<\/p>\n\n\n\n<figure class=\"wp-block-image\"><a href=\"https:\/\/www.tamaulipas.gob.mx\/wp-content\/uploads\/2025\/11\/SABG-062-2025.-Presente-Tamaulipas-en-la-LXXV-Reunion-Nacional-de-la-Comision-Permanente-de-Contralores-Estados%E2%80%93Federacion-1.jpeg\"><img decoding=\"async\" src=\"https:\/\/www.tamaulipas.gob.mx\/wp-content\/uploads\/2025\/11\/SABG-062-2025.-Presente-Tamaulipas-en-la-LXXV-Reunion-Nacional-de-la-Comision-Permanente-de-Contralores-Estados%E2%80%93Federacion-1-850x500.jpeg\" alt=\"\"\/><\/a><\/figure>\n\n\n\n<p><\/p>\n","protected":false},"excerpt":{"rendered":"<p>Noviembre 12 de 2025 M\u00e9rida, Yucat\u00e1n.- Con el objetivo de fortalecer el di\u00e1logo institucional y reafirmar el compromiso con la \u00e9tica p\u00fablica, se llev\u00f3 a cabo la LXXV Reuni\u00f3n Nacional de la Comisi\u00f3n Permanente de Contralores Estados\u2013Federaci\u00f3n (CPCE-F). El evento fue dirigido por Oscar Ad\u00e1n Valencia Dom\u00ednguez, titular de la Secretar\u00eda Anticorrupci\u00f3n y Buen Gobierno [&hellip;]<\/p>\n","protected":false},"author":1,"featured_media":5572,"comment_status":"open","ping_status":"open","sticky":false,"template":"","format":"standard","meta":{"footnotes":""},"categories":[2],"tags":[],"class_list":["post-5571","post","type-post","status-publish","format-standard","has-post-thumbnail","hentry","category-tamaulipas"],"blog_post_layout_featured_media_urls":{"thumbnail":["https:\/\/elregionaldigital.info\/wp-content\/uploads\/2025\/11\/SABG-062-2025.-Presente-Tamaulipas-en-la-LXXV-Reunion-Nacional-de-la-Comision-Permanente-de-Contralores-Estados\u2013Federacion-4-850x500-1-150x150.jpeg",150,150,true],"full":["https:\/\/elregionaldigital.info\/wp-content\/uploads\/2025\/11\/SABG-062-2025.-Presente-Tamaulipas-en-la-LXXV-Reunion-Nacional-de-la-Comision-Permanente-de-Contralores-Estados\u2013Federacion-4-850x500-1.jpeg",850,500,false]},"categories_names":{"2":{"name":"Tamaulipas","link":"https:\/\/elregionaldigital.info\/?cat=2"}},"tags_names":[],"comments_number":"0","wpmagazine_modules_lite_featured_media_urls":{"thumbnail":["https:\/\/elregionaldigital.info\/wp-content\/uploads\/2025\/11\/SABG-062-2025.-Presente-Tamaulipas-en-la-LXXV-Reunion-Nacional-de-la-Comision-Permanente-de-Contralores-Estados\u2013Federacion-4-850x500-1-150x150.jpeg",150,150,true],"cvmm-medium":["https:\/\/elregionaldigital.info\/wp-content\/uploads\/2025\/11\/SABG-062-2025.-Presente-Tamaulipas-en-la-LXXV-Reunion-Nacional-de-la-Comision-Permanente-de-Contralores-Estados\u2013Federacion-4-850x500-1-300x300.jpeg",300,300,true],"cvmm-medium-plus":["https:\/\/elregionaldigital.info\/wp-content\/uploads\/2025\/11\/SABG-062-2025.-Presente-Tamaulipas-en-la-LXXV-Reunion-Nacional-de-la-Comision-Permanente-de-Contralores-Estados\u2013Federacion-4-850x500-1-305x207.jpeg",305,207,true],"cvmm-portrait":["https:\/\/elregionaldigital.info\/wp-content\/uploads\/2025\/11\/SABG-062-2025.-Presente-Tamaulipas-en-la-LXXV-Reunion-Nacional-de-la-Comision-Permanente-de-Contralores-Estados\u2013Federacion-4-850x500-1-400x500.jpeg",400,500,true],"cvmm-medium-square":["https:\/\/elregionaldigital.info\/wp-content\/uploads\/2025\/11\/SABG-062-2025.-Presente-Tamaulipas-en-la-LXXV-Reunion-Nacional-de-la-Comision-Permanente-de-Contralores-Estados\u2013Federacion-4-850x500-1-600x500.jpeg",600,500,true],"cvmm-large":["https:\/\/elregionaldigital.info\/wp-content\/uploads\/2025\/11\/SABG-062-2025.-Presente-Tamaulipas-en-la-LXXV-Reunion-Nacional-de-la-Comision-Permanente-de-Contralores-Estados\u2013Federacion-4-850x500-1.jpeg",850,500,false],"cvmm-small":["https:\/\/elregionaldigital.info\/wp-content\/uploads\/2025\/11\/SABG-062-2025.-Presente-Tamaulipas-en-la-LXXV-Reunion-Nacional-de-la-Comision-Permanente-de-Contralores-Estados\u2013Federacion-4-850x500-1-130x95.jpeg",130,95,true],"full":["https:\/\/elregionaldigital.info\/wp-content\/uploads\/2025\/11\/SABG-062-2025.-Presente-Tamaulipas-en-la-LXXV-Reunion-Nacional-de-la-Comision-Permanente-de-Contralores-Estados\u2013Federacion-4-850x500-1.jpeg",850,500,false]},"_links":{"self":[{"href":"https:\/\/elregionaldigital.info\/index.php?rest_route=\/wp\/v2\/posts\/5571","targetHints":{"allow":["GET"]}}],"collection":[{"href":"https:\/\/elregionaldigital.info\/index.php?rest_route=\/wp\/v2\/posts"}],"about":[{"href":"https:\/\/elregionaldigital.info\/index.php?rest_route=\/wp\/v2\/types\/post"}],"author":[{"embeddable":true,"href":"https:\/\/elregionaldigital.info\/index.php?rest_route=\/wp\/v2\/users\/1"}],"replies":[{"embeddable":true,"href":"https:\/\/elregionaldigital.info\/index.php?rest_route=%2Fwp%2Fv2%2Fcomments&post=5571"}],"version-history":[{"count":2,"href":"https:\/\/elregionaldigital.info\/index.php?rest_route=\/wp\/v2\/posts\/5571\/revisions"}],"predecessor-version":[{"id":5574,"href":"https:\/\/elregionaldigital.info\/index.php?rest_route=\/wp\/v2\/posts\/5571\/revisions\/5574"}],"wp:featuredmedia":[{"embeddable":true,"href":"https:\/\/elregionaldigital.info\/index.php?rest_route=\/wp\/v2\/media\/5572"}],"wp:attachment":[{"href":"https:\/\/elregionaldigital.info\/index.php?rest_route=%2Fwp%2Fv2%2Fmedia&parent=5571"}],"wp:term":[{"taxonomy":"category","embeddable":true,"href":"https:\/\/elregionaldigital.info\/index.php?rest_route=%2Fwp%2Fv2%2Fcategories&post=5571"},{"taxonomy":"post_tag","embeddable":true,"href":"https:\/\/elregionaldigital.info\/index.php?rest_route=%2Fwp%2Fv2%2Ftags&post=5571"}],"curies":[{"name":"wp","href":"https:\/\/api.w.org\/{rel}","templated":true}]}}