{"id":5561,"date":"2025-11-14T16:28:41","date_gmt":"2025-11-14T16:28:41","guid":{"rendered":"https:\/\/elregionaldigital.info\/?p=5561"},"modified":"2025-11-20T16:31:41","modified_gmt":"2025-11-20T16:31:41","slug":"suprema-corte-realiza-cambios-en-monto-de-la-pension-por-viudez","status":"publish","type":"post","link":"https:\/\/elregionaldigital.info\/?p=5561","title":{"rendered":"Suprema Corte realiza cambios en monto de la pensi\u00f3n por viudez"},"content":{"rendered":"\n<p>noviembre 14, 2025<\/p>\n\n\n\n<p>La Suprema Corte de Justicia de la Naci\u00f3n (<strong>SCJN<\/strong>) determin\u00f3 cambios en la&nbsp;<strong>pensi\u00f3n por viudez<\/strong>&nbsp;que otorga del Instituto Mexicano del Seguro Social (<strong>IMSS<\/strong>).<\/p>\n\n\n\n<p>La Segunda Sala resolvi\u00f3 por unanimidad de cinco votos el amparo en revisi\u00f3n\u00a0180\/2023.<\/p>\n\n\n\n<p>Se valid\u00f3 que conforme a la Ley del Seguro Social de 1995 la\u00a0<strong>pensi\u00f3n por viudez incrementar\u00e1<\/strong>\u00a0anualmente con base en el\u00a0<strong>\u00cdndice Nacional de Precios al Consumidor<\/strong>\u00a0(INPC) y no conforme al salario m\u00ednimo.<\/p>\n\n\n\n<p>Se explic\u00f3 que el salario m\u00ednimo no puede utilizarse como referente para actualizar la pensi\u00f3n de viudez otorgada por el IMSS porque se trata de una&nbsp;<strong>prestaci\u00f3n de seguridad social<\/strong>&nbsp;y no de una retribuci\u00f3n por el trabajo realizado.<\/p>\n\n\n\n<p>As\u00ed, tomar como base el&nbsp;<strong>INPC<\/strong>&nbsp;permite mitigar los efectos de la inflaci\u00f3n para que el viudo o viuda conserve su nivel de bienestar con el paso del tiempo.<\/p>\n\n\n\n<blockquote class=\"wp-block-quote is-layout-flow wp-block-quote-is-layout-flow\">\n<p>De este modo, se evita que las pensiones por viudez otorgadas por el Instituto pierdan su poder adquisitivo al pasar de los a\u00f1os\u201d, indic\u00f3 la SCJN.<\/p>\n<\/blockquote>\n\n\n\n<p>El&nbsp;<strong>\u00cdndice Nacional de Precios al Consumidor<\/strong>&nbsp;(INPC) es un&nbsp;<strong>indicador econ\u00f3mico<\/strong>&nbsp;que mide, a trav\u00e9s del tiempo, la variaci\u00f3n de&nbsp;<strong>precios<\/strong>&nbsp;de una&nbsp;<strong>canasta fija<\/strong>&nbsp;de bienes y servicios, representativa del consumo de los hogares.<\/p>\n\n\n\n<p>Se utiliza para estimar la&nbsp;<strong>inflaci\u00f3n<\/strong>, que es el crecimiento continuo y generalizado de los precios de los bienes y servicios que se expenden en una econom\u00eda.<\/p>\n\n\n\n<h2 class=\"wp-block-heading\">&nbsp;\u00bfC\u00f3mo solicitar la pensi\u00f3n por viudez del IMSS?<\/h2>\n\n\n\n<p>La&nbsp;<strong>pensi\u00f3n por viudez<\/strong>&nbsp;se otorga al esposo o esposa de la persona asegurada o pensionada fallecida.<\/p>\n\n\n\n<p>Tambi\u00e9n se puede conceder al o la&nbsp;<strong>concubina<\/strong>, siempre y cuando se demuestre que vivieron en uni\u00f3n libre durante los cinco a\u00f1os que precedieron a la muerte del asegurado o pensionado, o bien, que tuvieron hijos mientras ambos estuvieron libres de alg\u00fan v\u00ednculo matrimonial.<\/p>\n\n\n\n<p>El o la beneficiaria recibir\u00e1 el&nbsp;<strong>90 por ciento<\/strong>&nbsp;de la pensi\u00f3n del asegurado fallecido de manera&nbsp;<strong>vitalicia<\/strong>, a menos que se vuelva a casar o establecer una relaci\u00f3n de concubinato.<\/p>\n\n\n\n<p>Para tramitar la pensi\u00f3n por viudez son necesarios los siguientes documentos.<\/p>\n\n\n\n<p>De la persona asegurada fallecida:<br>\u2022 De la persona asegurada fallecida: Estado de cuenta, impresi\u00f3n obtenida de la p\u00e1gina de internet de la Afore que maneja la cuenta individual, o contrato firmado con la Afore, solo si la persona asegurada cotiz\u00f3 a partir del 1 de julio de 1997, con una antig\u00fcedad no mayor a 6 meses previos a la fecha de solicitud (original y copia para cotejo).<br>\u2022 Acta de nacimiento, acta de adopci\u00f3n o reconocimiento (original, copia certificada o impresi\u00f3n del formato \u00fanico obtenido en l\u00ednea desde la p\u00e1gina de internet oficial, la cual ser\u00e1 validada).<br>\u2022 Acta de defunci\u00f3n (original, copia certificada o impresi\u00f3n del formato \u00fanico obtenido en l\u00ednea desde la p\u00e1gina de internet oficial, la cual ser\u00e1 validada).<\/p>\n\n\n\n<p>Esposa(o):<br>\u2022 Identificaci\u00f3n oficial con fotograf\u00eda y firma, vigente de acuerdo con la legislaci\u00f3n que aplique a cada una (original para cotejo y copia), de los enlistados en el Acuerdo de tr\u00e1mites vigente.<br>\u2022 Comprobante de domicilio, no mayor a 90 d\u00edas previos a la presentaci\u00f3n de la solicitud (original para cotejo y copia), de los enlistados en el Acuerdo de tr\u00e1mites vigente.<br>\u2022 Documento expedido por la instituci\u00f3n de cr\u00e9dito en el cual se identifique el n\u00famero de cuenta y&nbsp; lave bancaria estandarizada (CLABE) a nombre de la persona titular del derecho, con nivel 4 sin l\u00edmite para dep\u00f3sito (original para cotejo y copia).<br>\u2022 Acta de nacimiento, acta de adopci\u00f3n o reconocimiento (original, copia certificada o impresi\u00f3n del formato \u00fanico obtenido en l\u00ednea desde la p\u00e1gina de internet oficial, la cual ser\u00e1 validada).<br>\u2022 Acta de matrimonio (original, copia certificada o impresi\u00f3n del formato \u00fanico obtenido en l\u00ednea desde la p\u00e1gina de internet oficial, la cual ser\u00e1 validada; la fecha de expedici\u00f3n de este documento no deber\u00e1 ser mayor a 90 d\u00edas naturales, anteriores a la fecha de la solicitud del tr\u00e1mite y, de igual forma, la fecha de expedici\u00f3n deber\u00e1 ser posterior a la fecha de defunci\u00f3n de la persona asegurada o pensionada).<\/p>\n\n\n\n<p>Concubina (rio):<br>\u2022 Identificaci\u00f3n oficial con fotograf\u00eda y firma, vigente de acuerdo con la legislaci\u00f3n que aplique a cada una (original para cotejo y copia), de los enlistados en el Acuerdo de tr\u00e1mites vigente.<br>\u2022 Comprobante de domicilio, no mayor a 90 d\u00edas previos a la presentaci\u00f3n de la solicitud (original para cotejo y copia), de los enlistados en el Acuerdo de tr\u00e1mites vigente.<br>\u2022 Documento expedido por la instituci\u00f3n de cr\u00e9dito en el cual se identifique el n\u00famero de cuenta y clave bancaria estandarizada (CLABE) a nombre de la persona titular del derecho, con nivel 4 sin l\u00edmite para dep\u00f3sito (original para cotejo y copia).<br>\u2022 Acta de nacimiento, acta de adopci\u00f3n o reconocimiento (original, copia certificada o impresi\u00f3n del formato \u00fanico obtenido en l\u00ednea desde la p\u00e1gina de internet oficial, la cual ser\u00e1 validada).<br>\u2022 Resoluci\u00f3n ejecutoriada emitida por autoridad judicial, que pruebe la relaci\u00f3n de concubinato entre la persona beneficiaria y la asegurada (copia certificada); la cual deber\u00e1 acreditar un periodo m\u00ednimo de 5 a\u00f1os de concubinato a la fecha de la solicitud; o bien, copia certificada de acta de nacimiento o de adopci\u00f3n respecto de los hijos o hijas en com\u00fan que nacieron o hayan sido adoptados dentro de los 5 a\u00f1os anteriores a la fecha de la solicitud, siempre que hayan permanecido libres de matrimonio durante el concubinato.<\/p>\n\n\n\n<p>Una vez que se cuente con todos los requisitos, se debe acudir a suscribir la solicitud de pensi\u00f3n en las ventanillas del Control de Prestaciones de la Unidad de Medicina Familiar que corresponda al domicilio, en un horario de 8:00 a 15:00 horas, de lunes a viernes.<\/p>\n\n\n\n<figure class=\"wp-block-image size-large\"><img loading=\"lazy\" decoding=\"async\" width=\"1024\" height=\"683\" src=\"https:\/\/elregionaldigital.info\/wp-content\/uploads\/2025\/11\/image-3-1024x683.png\" alt=\"\" class=\"wp-image-5562\" srcset=\"https:\/\/elregionaldigital.info\/wp-content\/uploads\/2025\/11\/image-3-1024x683.png 1024w, https:\/\/elregionaldigital.info\/wp-content\/uploads\/2025\/11\/image-3-300x200.png 300w, https:\/\/elregionaldigital.info\/wp-content\/uploads\/2025\/11\/image-3-768x512.png 768w, https:\/\/elregionaldigital.info\/wp-content\/uploads\/2025\/11\/image-3-1536x1024.png 1536w, https:\/\/elregionaldigital.info\/wp-content\/uploads\/2025\/11\/image-3.png 2048w\" sizes=\"auto, (max-width: 1024px) 100vw, 1024px\" \/><\/figure>\n","protected":false},"excerpt":{"rendered":"<p>noviembre 14, 2025 La Suprema Corte de Justicia de la Naci\u00f3n (SCJN) determin\u00f3 cambios en la&nbsp;pensi\u00f3n por viudez&nbsp;que otorga del Instituto Mexicano del Seguro Social (IMSS). La Segunda Sala resolvi\u00f3 por unanimidad de cinco votos el amparo en revisi\u00f3n\u00a0180\/2023. Se valid\u00f3 que conforme a la Ley del Seguro Social de 1995 la\u00a0pensi\u00f3n por viudez incrementar\u00e1\u00a0anualmente [&hellip;]<\/p>\n","protected":false},"author":1,"featured_media":5562,"comment_status":"open","ping_status":"open","sticky":false,"template":"","format":"standard","meta":{"footnotes":""},"categories":[5],"tags":[],"class_list":["post-5561","post","type-post","status-publish","format-standard","has-post-thumbnail","hentry","category-nacional"],"blog_post_layout_featured_media_urls":{"thumbnail":["https:\/\/elregionaldigital.info\/wp-content\/uploads\/2025\/11\/image-3-150x150.png",150,150,true],"full":["https:\/\/elregionaldigital.info\/wp-content\/uploads\/2025\/11\/image-3.png",2048,1365,false]},"categories_names":{"5":{"name":"Nacional","link":"https:\/\/elregionaldigital.info\/?cat=5"}},"tags_names":[],"comments_number":"0","wpmagazine_modules_lite_featured_media_urls":{"thumbnail":["https:\/\/elregionaldigital.info\/wp-content\/uploads\/2025\/11\/image-3-150x150.png",150,150,true],"cvmm-medium":["https:\/\/elregionaldigital.info\/wp-content\/uploads\/2025\/11\/image-3-300x300.png",300,300,true],"cvmm-medium-plus":["https:\/\/elregionaldigital.info\/wp-content\/uploads\/2025\/11\/image-3-305x207.png",305,207,true],"cvmm-portrait":["https:\/\/elregionaldigital.info\/wp-content\/uploads\/2025\/11\/image-3-400x600.png",400,600,true],"cvmm-medium-square":["https:\/\/elregionaldigital.info\/wp-content\/uploads\/2025\/11\/image-3-600x600.png",600,600,true],"cvmm-large":["https:\/\/elregionaldigital.info\/wp-content\/uploads\/2025\/11\/image-3-1024x1024.png",1024,1024,true],"cvmm-small":["https:\/\/elregionaldigital.info\/wp-content\/uploads\/2025\/11\/image-3-130x95.png",130,95,true],"full":["https:\/\/elregionaldigital.info\/wp-content\/uploads\/2025\/11\/image-3.png",2048,1365,false]},"_links":{"self":[{"href":"https:\/\/elregionaldigital.info\/index.php?rest_route=\/wp\/v2\/posts\/5561","targetHints":{"allow":["GET"]}}],"collection":[{"href":"https:\/\/elregionaldigital.info\/index.php?rest_route=\/wp\/v2\/posts"}],"about":[{"href":"https:\/\/elregionaldigital.info\/index.php?rest_route=\/wp\/v2\/types\/post"}],"author":[{"embeddable":true,"href":"https:\/\/elregionaldigital.info\/index.php?rest_route=\/wp\/v2\/users\/1"}],"replies":[{"embeddable":true,"href":"https:\/\/elregionaldigital.info\/index.php?rest_route=%2Fwp%2Fv2%2Fcomments&post=5561"}],"version-history":[{"count":1,"href":"https:\/\/elregionaldigital.info\/index.php?rest_route=\/wp\/v2\/posts\/5561\/revisions"}],"predecessor-version":[{"id":5563,"href":"https:\/\/elregionaldigital.info\/index.php?rest_route=\/wp\/v2\/posts\/5561\/revisions\/5563"}],"wp:featuredmedia":[{"embeddable":true,"href":"https:\/\/elregionaldigital.info\/index.php?rest_route=\/wp\/v2\/media\/5562"}],"wp:attachment":[{"href":"https:\/\/elregionaldigital.info\/index.php?rest_route=%2Fwp%2Fv2%2Fmedia&parent=5561"}],"wp:term":[{"taxonomy":"category","embeddable":true,"href":"https:\/\/elregionaldigital.info\/index.php?rest_route=%2Fwp%2Fv2%2Fcategories&post=5561"},{"taxonomy":"post_tag","embeddable":true,"href":"https:\/\/elregionaldigital.info\/index.php?rest_route=%2Fwp%2Fv2%2Ftags&post=5561"}],"curies":[{"name":"wp","href":"https:\/\/api.w.org\/{rel}","templated":true}]}}