{"id":5555,"date":"2025-11-20T16:25:33","date_gmt":"2025-11-20T16:25:33","guid":{"rendered":"https:\/\/elregionaldigital.info\/?p=5555"},"modified":"2025-11-20T16:25:33","modified_gmt":"2025-11-20T16:25:33","slug":"detienen-a-otro-implicado-en-asesinato-del-alcalde-carlos-manzo","status":"publish","type":"post","link":"https:\/\/elregionaldigital.info\/?p=5555","title":{"rendered":"Detienen a otro implicado en asesinato del alcalde Carlos Manzo"},"content":{"rendered":"\n<p>noviembre 20, 2025<\/p>\n\n\n\n<p>Autoridades federales&nbsp;<strong>detuvieron<\/strong>&nbsp;a&nbsp;<strong>otro implicado<\/strong>&nbsp;en el&nbsp;<strong>asesinato<\/strong>&nbsp;del alcalde de Uruapan,&nbsp;<strong>Carlos Manzo<\/strong>.<\/p>\n\n\n\n<p>El secretario de Seguridad y Protecci\u00f3n Ciudadana,&nbsp;<strong>Omar Garc\u00eda Harfuch<\/strong>, detall\u00f3 que se trata de un c\u00f3mplice de los implicados.<\/p>\n\n\n\n<blockquote class=\"wp-block-quote is-layout-flow wp-block-quote-is-layout-flow\">\n<p>Se logra la detenci\u00f3n de un sujeto m\u00e1s que ayud\u00f3 a escapar a otro de los sicarios en un taxi\u201d, detall\u00f3 en\u00a0entrevista\u00a0para\u00a0<em>Radio F\u00f3rmula<\/em>.<\/p>\n<\/blockquote>\n\n\n\n<p>El titular de la SSPC indic\u00f3 que hasta ahora suman dos detenidos por el homicidio de Carlos Manzo, si bien refiri\u00f3 que no se ha dado a conocer el n\u00famero real de participantes para evitar entorpecer las investigaciones.<\/p>\n\n\n\n<blockquote class=\"wp-block-quote is-layout-flow wp-block-quote-is-layout-flow\">\n<p>Ahorita, porque es una investigaci\u00f3n en proceso, no estamos diciendo&nbsp; exactamente cu\u00e1ntas m\u00e1s personas participaron, pero ha habido otras detenciones, y as\u00ed tenemos otros sujetos que vamos a seguir deteniendo\u201d, precis\u00f3.<\/p>\n<\/blockquote>\n\n\n\n<h2 class=\"wp-block-heading\">&nbsp;Asesinato de Carlos Manzo se intent\u00f3 antes del Festival de Velas<\/h2>\n\n\n\n<p>El secretario de Seguridad federal,<strong>&nbsp;Omar Garc\u00eda Harfuch<\/strong>, revel\u00f3 tambi\u00e9n que los responsables&nbsp;<strong>intentaron asesinar<\/strong>&nbsp;al alcalde&nbsp;<strong>Carlos Manzo<\/strong>&nbsp;d\u00edas antes del homicidio.<\/p>\n\n\n\n<p>Investigaciones hallaron que el&nbsp;<strong>30 de octubre&nbsp;<\/strong>los sicarios ubicaron a&nbsp;<strong>Carlos Manzo<\/strong>&nbsp;en una&nbsp;<strong>gasolinera<\/strong>, donde&nbsp;<strong>intentaron matarlo<\/strong>.<\/p>\n\n\n\n<blockquote class=\"wp-block-quote is-layout-flow wp-block-quote-is-layout-flow\">\n<p>No logran cometer el homicidio y ellos reciben un castigo por parte de la propia c\u00e9lula delictiva\u201d, se\u00f1al\u00f3 Harfuch.<\/p>\n<\/blockquote>\n\n\n\n<p>Cabe destacar que el s\u00e1bado 1 de noviembre, \u2018<strong>el Licenciado<\/strong>\u2018 presion\u00f3 a tres sicarios para disparar contra Manzo sin importar que estuviera acompa\u00f1ado.<\/p>\n\n\n\n<p>V\u00edctor Manuel, de 17 a\u00f1os, dispar\u00f3 contra el alcalde de Uruapan durante el Festival de las Velas. De inmediato fue sometido y abatido.<\/p>\n\n\n\n<p><strong>Fernando Josu\u00e9<\/strong>&nbsp;N. y&nbsp;<strong>Ramiro<\/strong>&nbsp;N. lograron escapar, si bien sus cuerpos fueron localizados el 10 de noviembre sobre la&nbsp;<strong>carretera Uruapan-Paracho<\/strong>.<\/p>\n\n\n\n<p>El celular de Ramiro permiti\u00f3 establecer que \u2018<strong>el Licenciado<\/strong>\u2018 fungi\u00f3 como&nbsp;<strong>rol de mando<\/strong>&nbsp;para la ejecuci\u00f3n, en tanto que el propio asesinato corri\u00f3 a cargo de una&nbsp;<strong>c\u00e9lula delictiva<\/strong>&nbsp;af\u00edn al&nbsp;<strong>C\u00e1rtel Jalisco Nueva Generaci\u00f3n<\/strong>&nbsp;(CJNG).<\/p>\n\n\n\n<p>Jorge Armando N., \u2018<strong>el Licenciado<\/strong>\u2018, fue\u00a0detenido\u00a0en la colonia Centro de Morelia, Michoac\u00e1n.<\/p>\n\n\n\n<p>Posteriormente, la Fiscal\u00eda General del Estado (FGE) realiz\u00f3 un operativo en su domicilio donde hall\u00f3 diversos indicios.<\/p>\n\n\n\n<figure class=\"wp-block-image size-large\"><img loading=\"lazy\" decoding=\"async\" width=\"1024\" height=\"683\" src=\"https:\/\/elregionaldigital.info\/wp-content\/uploads\/2025\/11\/image-1-1024x683.png\" alt=\"\" class=\"wp-image-5556\" srcset=\"https:\/\/elregionaldigital.info\/wp-content\/uploads\/2025\/11\/image-1-1024x683.png 1024w, https:\/\/elregionaldigital.info\/wp-content\/uploads\/2025\/11\/image-1-300x200.png 300w, https:\/\/elregionaldigital.info\/wp-content\/uploads\/2025\/11\/image-1-768x512.png 768w, https:\/\/elregionaldigital.info\/wp-content\/uploads\/2025\/11\/image-1-1536x1024.png 1536w, https:\/\/elregionaldigital.info\/wp-content\/uploads\/2025\/11\/image-1.png 1920w\" sizes=\"auto, (max-width: 1024px) 100vw, 1024px\" \/><\/figure>\n","protected":false},"excerpt":{"rendered":"<p>noviembre 20, 2025 Autoridades federales&nbsp;detuvieron&nbsp;a&nbsp;otro implicado&nbsp;en el&nbsp;asesinato&nbsp;del alcalde de Uruapan,&nbsp;Carlos Manzo. El secretario de Seguridad y Protecci\u00f3n Ciudadana,&nbsp;Omar Garc\u00eda Harfuch, detall\u00f3 que se trata de un c\u00f3mplice de los implicados. Se logra la detenci\u00f3n de un sujeto m\u00e1s que ayud\u00f3 a escapar a otro de los sicarios en un taxi\u201d, detall\u00f3 en\u00a0entrevista\u00a0para\u00a0Radio F\u00f3rmula. El titular [&hellip;]<\/p>\n","protected":false},"author":1,"featured_media":5556,"comment_status":"open","ping_status":"open","sticky":false,"template":"","format":"standard","meta":{"footnotes":""},"categories":[5],"tags":[],"class_list":["post-5555","post","type-post","status-publish","format-standard","has-post-thumbnail","hentry","category-nacional"],"blog_post_layout_featured_media_urls":{"thumbnail":["https:\/\/elregionaldigital.info\/wp-content\/uploads\/2025\/11\/image-1-150x150.png",150,150,true],"full":["https:\/\/elregionaldigital.info\/wp-content\/uploads\/2025\/11\/image-1.png",1920,1280,false]},"categories_names":{"5":{"name":"Nacional","link":"https:\/\/elregionaldigital.info\/?cat=5"}},"tags_names":[],"comments_number":"0","wpmagazine_modules_lite_featured_media_urls":{"thumbnail":["https:\/\/elregionaldigital.info\/wp-content\/uploads\/2025\/11\/image-1-150x150.png",150,150,true],"cvmm-medium":["https:\/\/elregionaldigital.info\/wp-content\/uploads\/2025\/11\/image-1-300x300.png",300,300,true],"cvmm-medium-plus":["https:\/\/elregionaldigital.info\/wp-content\/uploads\/2025\/11\/image-1-305x207.png",305,207,true],"cvmm-portrait":["https:\/\/elregionaldigital.info\/wp-content\/uploads\/2025\/11\/image-1-400x600.png",400,600,true],"cvmm-medium-square":["https:\/\/elregionaldigital.info\/wp-content\/uploads\/2025\/11\/image-1-600x600.png",600,600,true],"cvmm-large":["https:\/\/elregionaldigital.info\/wp-content\/uploads\/2025\/11\/image-1-1024x1024.png",1024,1024,true],"cvmm-small":["https:\/\/elregionaldigital.info\/wp-content\/uploads\/2025\/11\/image-1-130x95.png",130,95,true],"full":["https:\/\/elregionaldigital.info\/wp-content\/uploads\/2025\/11\/image-1.png",1920,1280,false]},"_links":{"self":[{"href":"https:\/\/elregionaldigital.info\/index.php?rest_route=\/wp\/v2\/posts\/5555","targetHints":{"allow":["GET"]}}],"collection":[{"href":"https:\/\/elregionaldigital.info\/index.php?rest_route=\/wp\/v2\/posts"}],"about":[{"href":"https:\/\/elregionaldigital.info\/index.php?rest_route=\/wp\/v2\/types\/post"}],"author":[{"embeddable":true,"href":"https:\/\/elregionaldigital.info\/index.php?rest_route=\/wp\/v2\/users\/1"}],"replies":[{"embeddable":true,"href":"https:\/\/elregionaldigital.info\/index.php?rest_route=%2Fwp%2Fv2%2Fcomments&post=5555"}],"version-history":[{"count":1,"href":"https:\/\/elregionaldigital.info\/index.php?rest_route=\/wp\/v2\/posts\/5555\/revisions"}],"predecessor-version":[{"id":5557,"href":"https:\/\/elregionaldigital.info\/index.php?rest_route=\/wp\/v2\/posts\/5555\/revisions\/5557"}],"wp:featuredmedia":[{"embeddable":true,"href":"https:\/\/elregionaldigital.info\/index.php?rest_route=\/wp\/v2\/media\/5556"}],"wp:attachment":[{"href":"https:\/\/elregionaldigital.info\/index.php?rest_route=%2Fwp%2Fv2%2Fmedia&parent=5555"}],"wp:term":[{"taxonomy":"category","embeddable":true,"href":"https:\/\/elregionaldigital.info\/index.php?rest_route=%2Fwp%2Fv2%2Fcategories&post=5555"},{"taxonomy":"post_tag","embeddable":true,"href":"https:\/\/elregionaldigital.info\/index.php?rest_route=%2Fwp%2Fv2%2Ftags&post=5555"}],"curies":[{"name":"wp","href":"https:\/\/api.w.org\/{rel}","templated":true}]}}