{"id":5523,"date":"2025-11-11T19:58:05","date_gmt":"2025-11-11T19:58:05","guid":{"rendered":"https:\/\/elregionaldigital.info\/?p=5523"},"modified":"2025-11-11T19:58:05","modified_gmt":"2025-11-11T19:58:05","slug":"matan-a-dos-policias-en-jalisco-buscan-por-tierra-y-aire-a-los-responsables","status":"publish","type":"post","link":"https:\/\/elregionaldigital.info\/?p=5523","title":{"rendered":"Matan a dos polic\u00edas en Jalisco; buscan por tierra y aire a los responsables"},"content":{"rendered":"\n<p>noviembre 11, 2025<\/p>\n\n\n\n<p>Dos&nbsp;<strong>mujeres polic\u00eda<\/strong>&nbsp;fueron&nbsp;<strong>asesinadas<\/strong>&nbsp;en&nbsp;<strong>El<\/strong>&nbsp;<strong>Salto<\/strong>, Jalisco, ante lo cual se implement\u00f3 un intenso operativo para localizar a los responsables.<\/p>\n\n\n\n<p>Vecinos de la&nbsp;<strong>colonia Lomas de San Juan<\/strong>&nbsp;reportaron m\u00faltiples&nbsp;<strong>disparos<\/strong>&nbsp;la ma\u00f1ana de este 11 de noviembre.<\/p>\n\n\n\n<p>Autoridades hallaron en la parte trasera de una patrulla de la Polic\u00eda Vial a dos&nbsp;<strong>agentes<\/strong>&nbsp;<strong>muertas<\/strong>:&nbsp;<strong>Libna Mata<\/strong>&nbsp;de 40 a\u00f1os y&nbsp;<strong>Gisela Ceballos<\/strong>&nbsp;de 28 a\u00f1os.<\/p>\n\n\n\n<p>Presentaban impactos por arma de fuego as\u00ed como&nbsp;<strong>huellas de violencia<\/strong>.<\/p>\n\n\n\n<h2 class=\"wp-block-heading\">&nbsp;\u00bfPor qu\u00e9 asesinaron a dos mujeres polic\u00eda en El Salto, Jalisco?<\/h2>\n\n\n\n<p>El fiscal de Jalisco, Salvador Gonz\u00e1lez, detall\u00f3 que el&nbsp;<strong>asesinato<\/strong>&nbsp;de las&nbsp;<strong>polic\u00edas<\/strong>&nbsp;en El Salto ocurri\u00f3 por la&nbsp;<strong>detenci\u00f3n<\/strong>&nbsp;de un&nbsp;<strong>veh\u00edculo<\/strong>, por tener&nbsp;<strong>vidrios polarizados<\/strong>.<\/p>\n\n\n\n<blockquote class=\"wp-block-quote is-layout-flow wp-block-quote-is-layout-flow\">\n<p>Al parecer las compa\u00f1eras detuvieron un veh\u00edculo, posteriormente otro veh\u00edculo las intercepta. Parece ser que las habr\u00edan subido a la camioneta y las llevan al punto donde las encontraron. Parece ser que ah\u00ed las privaron de la vida\u201d, expuso.<\/p>\n<\/blockquote>\n\n\n\n<figure class=\"wp-block-image size-large\"><img loading=\"lazy\" decoding=\"async\" width=\"1024\" height=\"631\" src=\"https:\/\/elregionaldigital.info\/wp-content\/uploads\/2025\/11\/image-1024x631.png\" alt=\"\" class=\"wp-image-5524\" srcset=\"https:\/\/elregionaldigital.info\/wp-content\/uploads\/2025\/11\/image-1024x631.png 1024w, https:\/\/elregionaldigital.info\/wp-content\/uploads\/2025\/11\/image-300x185.png 300w, https:\/\/elregionaldigital.info\/wp-content\/uploads\/2025\/11\/image-768x474.png 768w, https:\/\/elregionaldigital.info\/wp-content\/uploads\/2025\/11\/image.png 1200w\" sizes=\"auto, (max-width: 1024px) 100vw, 1024px\" \/><\/figure>\n","protected":false},"excerpt":{"rendered":"<p>noviembre 11, 2025 Dos&nbsp;mujeres polic\u00eda&nbsp;fueron&nbsp;asesinadas&nbsp;en&nbsp;El&nbsp;Salto, Jalisco, ante lo cual se implement\u00f3 un intenso operativo para localizar a los responsables. Vecinos de la&nbsp;colonia Lomas de San Juan&nbsp;reportaron m\u00faltiples&nbsp;disparos&nbsp;la ma\u00f1ana de este 11 de noviembre. Autoridades hallaron en la parte trasera de una patrulla de la Polic\u00eda Vial a dos&nbsp;agentes&nbsp;muertas:&nbsp;Libna Mata&nbsp;de 40 a\u00f1os y&nbsp;Gisela Ceballos&nbsp;de 28 a\u00f1os. [&hellip;]<\/p>\n","protected":false},"author":1,"featured_media":5524,"comment_status":"open","ping_status":"open","sticky":false,"template":"","format":"standard","meta":{"footnotes":""},"categories":[5],"tags":[],"class_list":["post-5523","post","type-post","status-publish","format-standard","has-post-thumbnail","hentry","category-nacional"],"blog_post_layout_featured_media_urls":{"thumbnail":["https:\/\/elregionaldigital.info\/wp-content\/uploads\/2025\/11\/image-150x150.png",150,150,true],"full":["https:\/\/elregionaldigital.info\/wp-content\/uploads\/2025\/11\/image.png",1200,740,false]},"categories_names":{"5":{"name":"Nacional","link":"https:\/\/elregionaldigital.info\/?cat=5"}},"tags_names":[],"comments_number":"0","wpmagazine_modules_lite_featured_media_urls":{"thumbnail":["https:\/\/elregionaldigital.info\/wp-content\/uploads\/2025\/11\/image-150x150.png",150,150,true],"cvmm-medium":["https:\/\/elregionaldigital.info\/wp-content\/uploads\/2025\/11\/image-300x300.png",300,300,true],"cvmm-medium-plus":["https:\/\/elregionaldigital.info\/wp-content\/uploads\/2025\/11\/image-305x207.png",305,207,true],"cvmm-portrait":["https:\/\/elregionaldigital.info\/wp-content\/uploads\/2025\/11\/image-400x600.png",400,600,true],"cvmm-medium-square":["https:\/\/elregionaldigital.info\/wp-content\/uploads\/2025\/11\/image-600x600.png",600,600,true],"cvmm-large":["https:\/\/elregionaldigital.info\/wp-content\/uploads\/2025\/11\/image-1024x740.png",1024,740,true],"cvmm-small":["https:\/\/elregionaldigital.info\/wp-content\/uploads\/2025\/11\/image-130x95.png",130,95,true],"full":["https:\/\/elregionaldigital.info\/wp-content\/uploads\/2025\/11\/image.png",1200,740,false]},"_links":{"self":[{"href":"https:\/\/elregionaldigital.info\/index.php?rest_route=\/wp\/v2\/posts\/5523","targetHints":{"allow":["GET"]}}],"collection":[{"href":"https:\/\/elregionaldigital.info\/index.php?rest_route=\/wp\/v2\/posts"}],"about":[{"href":"https:\/\/elregionaldigital.info\/index.php?rest_route=\/wp\/v2\/types\/post"}],"author":[{"embeddable":true,"href":"https:\/\/elregionaldigital.info\/index.php?rest_route=\/wp\/v2\/users\/1"}],"replies":[{"embeddable":true,"href":"https:\/\/elregionaldigital.info\/index.php?rest_route=%2Fwp%2Fv2%2Fcomments&post=5523"}],"version-history":[{"count":1,"href":"https:\/\/elregionaldigital.info\/index.php?rest_route=\/wp\/v2\/posts\/5523\/revisions"}],"predecessor-version":[{"id":5525,"href":"https:\/\/elregionaldigital.info\/index.php?rest_route=\/wp\/v2\/posts\/5523\/revisions\/5525"}],"wp:featuredmedia":[{"embeddable":true,"href":"https:\/\/elregionaldigital.info\/index.php?rest_route=\/wp\/v2\/media\/5524"}],"wp:attachment":[{"href":"https:\/\/elregionaldigital.info\/index.php?rest_route=%2Fwp%2Fv2%2Fmedia&parent=5523"}],"wp:term":[{"taxonomy":"category","embeddable":true,"href":"https:\/\/elregionaldigital.info\/index.php?rest_route=%2Fwp%2Fv2%2Fcategories&post=5523"},{"taxonomy":"post_tag","embeddable":true,"href":"https:\/\/elregionaldigital.info\/index.php?rest_route=%2Fwp%2Fv2%2Ftags&post=5523"}],"curies":[{"name":"wp","href":"https:\/\/api.w.org\/{rel}","templated":true}]}}