{"id":5498,"date":"2025-11-01T19:24:11","date_gmt":"2025-11-01T19:24:11","guid":{"rendered":"https:\/\/elregionaldigital.info\/?p=5498"},"modified":"2025-11-03T19:25:12","modified_gmt":"2025-11-03T19:25:12","slug":"celebra-la-uat-tradiciones-mexicanas-con-actividades-en-todas-sus-sedes","status":"publish","type":"post","link":"https:\/\/elregionaldigital.info\/?p=5498","title":{"rendered":"Celebra la UAT tradiciones mexicanas con actividades en todas sus sedes"},"content":{"rendered":"\n<p>1 de noviembre del 2025<\/p>\n\n\n\n<p>\u200b<\/p>\n\n\n\n<p>Ciudad Victoria, Tam., 1 de noviembre de 2025.<\/p>\n\n\n\n<p>La Universidad Aut\u00f3noma de Tamaulipas (UAT) reafirm\u00f3 su compromiso con la preservaci\u00f3n de las costumbres y tradiciones mexicanas al realizar diversas actividades alusivas al D\u00eda de Muertos en todas sus sedes universitarias en el estado, fortaleciendo as\u00ed el sentido de identidad, pertenencia y orgullo nacional entre su comunidad.<\/p>\n\n\n\n<p>Cada espacio se llen\u00f3 de color, flores de cempas\u00fachil, papel picado y creatividad, donde estudiantes, docentes y personal administrativo participaron activamente en la elaboraci\u00f3n de altares, caracterizaciones y muestras art\u00edsticas que evocaron la riqueza de esta celebraci\u00f3n ancestral.<\/p>\n\n\n\n<p>Como parte de estas actividades, la Direcci\u00f3n de Cultura y Arte llev\u00f3 a cabo, en el Gimnasio Multidisciplinario de Victoria, la tradicional jornada universitaria de D\u00eda de Muertos, que incluy\u00f3 el Concurso de Altares UAT 2025 y el Concurso de Calaveritas Literarias y Catrinas y Catrines, donde se puso de manifiesto el talento, la creatividad y el amor por nuestras ra\u00edces.<\/p>\n\n\n\n<p>Desde las primeras horas del d\u00eda, las dependencias acad\u00e9micas del Campus Victoria comenzaron el montaje de sus altares, los cuales destacaron por su ingenio, originalidad y simbolismo. En esta edici\u00f3n, la Facultad de Ingenier\u00eda y Ciencias obtuvo el primer lugar en el Concurso de Altares; en el Concurso de Calaveritas Literarias, el primer lugar fue otorgado a Jes\u00fas Abel Gallardo Garc\u00eda, estudiante de la Facultad de Derecho y Ciencias Sociales Victoria; en la categor\u00eda de Catrinas y Catrines, la Facultad de Comercio y Administraci\u00f3n Victoria destac\u00f3 con la participaci\u00f3n de Vanesa Ojeda.<\/p>\n\n\n\n<p>De igual manera, en los distintos campus de la UAT se llevaron a cabo exposiciones, ofrendas y presentaciones culturales, donde se reflej\u00f3 el compromiso de la UAT por fomentar el arte, la cultura y las tradiciones mexicanas.<\/p>\n\n\n\n<p>A trav\u00e9s de estas acciones, la Universidad Aut\u00f3noma de Tamaulipas promueve la difusi\u00f3n del arte popular y las expresiones culturales que distinguen al pueblo mexicano, impulsando adem\u00e1s la formaci\u00f3n integral de su comunidad estudiantil.<\/p>\n\n\n\n<figure class=\"wp-block-image\"><img decoding=\"async\" src=\"https:\/\/www.uat.edu.mx\/noticias\/PublishingImages\/2024\/05\/3_KUO478.jpg\" alt=\"\"\/><\/figure>\n","protected":false},"excerpt":{"rendered":"<p>1 de noviembre del 2025 \u200b Ciudad Victoria, Tam., 1 de noviembre de 2025. La Universidad Aut\u00f3noma de Tamaulipas (UAT) reafirm\u00f3 su compromiso con la preservaci\u00f3n de las costumbres y tradiciones mexicanas al realizar diversas actividades alusivas al D\u00eda de Muertos en todas sus sedes universitarias en el estado, fortaleciendo as\u00ed el sentido de identidad, [&hellip;]<\/p>\n","protected":false},"author":1,"featured_media":5499,"comment_status":"open","ping_status":"open","sticky":false,"template":"","format":"standard","meta":{"footnotes":""},"categories":[4],"tags":[],"class_list":["post-5498","post","type-post","status-publish","format-standard","has-post-thumbnail","hentry","category-universidades"],"blog_post_layout_featured_media_urls":{"thumbnail":["https:\/\/elregionaldigital.info\/wp-content\/uploads\/2025\/11\/1_KUO478-150x150.jpg",150,150,true],"full":["https:\/\/elregionaldigital.info\/wp-content\/uploads\/2025\/11\/1_KUO478.jpg",900,506,false]},"categories_names":{"4":{"name":"Universidades","link":"https:\/\/elregionaldigital.info\/?cat=4"}},"tags_names":[],"comments_number":"0","wpmagazine_modules_lite_featured_media_urls":{"thumbnail":["https:\/\/elregionaldigital.info\/wp-content\/uploads\/2025\/11\/1_KUO478-150x150.jpg",150,150,true],"cvmm-medium":["https:\/\/elregionaldigital.info\/wp-content\/uploads\/2025\/11\/1_KUO478-300x300.jpg",300,300,true],"cvmm-medium-plus":["https:\/\/elregionaldigital.info\/wp-content\/uploads\/2025\/11\/1_KUO478-305x207.jpg",305,207,true],"cvmm-portrait":["https:\/\/elregionaldigital.info\/wp-content\/uploads\/2025\/11\/1_KUO478-400x506.jpg",400,506,true],"cvmm-medium-square":["https:\/\/elregionaldigital.info\/wp-content\/uploads\/2025\/11\/1_KUO478-600x506.jpg",600,506,true],"cvmm-large":["https:\/\/elregionaldigital.info\/wp-content\/uploads\/2025\/11\/1_KUO478.jpg",900,506,false],"cvmm-small":["https:\/\/elregionaldigital.info\/wp-content\/uploads\/2025\/11\/1_KUO478-130x95.jpg",130,95,true],"full":["https:\/\/elregionaldigital.info\/wp-content\/uploads\/2025\/11\/1_KUO478.jpg",900,506,false]},"_links":{"self":[{"href":"https:\/\/elregionaldigital.info\/index.php?rest_route=\/wp\/v2\/posts\/5498","targetHints":{"allow":["GET"]}}],"collection":[{"href":"https:\/\/elregionaldigital.info\/index.php?rest_route=\/wp\/v2\/posts"}],"about":[{"href":"https:\/\/elregionaldigital.info\/index.php?rest_route=\/wp\/v2\/types\/post"}],"author":[{"embeddable":true,"href":"https:\/\/elregionaldigital.info\/index.php?rest_route=\/wp\/v2\/users\/1"}],"replies":[{"embeddable":true,"href":"https:\/\/elregionaldigital.info\/index.php?rest_route=%2Fwp%2Fv2%2Fcomments&post=5498"}],"version-history":[{"count":1,"href":"https:\/\/elregionaldigital.info\/index.php?rest_route=\/wp\/v2\/posts\/5498\/revisions"}],"predecessor-version":[{"id":5500,"href":"https:\/\/elregionaldigital.info\/index.php?rest_route=\/wp\/v2\/posts\/5498\/revisions\/5500"}],"wp:featuredmedia":[{"embeddable":true,"href":"https:\/\/elregionaldigital.info\/index.php?rest_route=\/wp\/v2\/media\/5499"}],"wp:attachment":[{"href":"https:\/\/elregionaldigital.info\/index.php?rest_route=%2Fwp%2Fv2%2Fmedia&parent=5498"}],"wp:term":[{"taxonomy":"category","embeddable":true,"href":"https:\/\/elregionaldigital.info\/index.php?rest_route=%2Fwp%2Fv2%2Fcategories&post=5498"},{"taxonomy":"post_tag","embeddable":true,"href":"https:\/\/elregionaldigital.info\/index.php?rest_route=%2Fwp%2Fv2%2Ftags&post=5498"}],"curies":[{"name":"wp","href":"https:\/\/api.w.org\/{rel}","templated":true}]}}