{"id":5492,"date":"2025-10-30T15:41:30","date_gmt":"2025-10-30T15:41:30","guid":{"rendered":"https:\/\/elregionaldigital.info\/?p=5492"},"modified":"2025-10-31T15:41:56","modified_gmt":"2025-10-31T15:41:56","slug":"realizara-la-uat-dialogos-sobre-la-reforma-electoral","status":"publish","type":"post","link":"https:\/\/elregionaldigital.info\/?p=5492","title":{"rendered":"Realizar\u00e1 la UAT di\u00e1logos sobre la reforma electoral"},"content":{"rendered":"\n<p>30 de octubre del 2025<\/p>\n\n\n\n<p><strong>&#8220;<\/strong>&nbsp;Con el prop\u00f3sito de fomentar la participaci\u00f3n ciudadana y fortalecer la vida democr\u00e1tica del pa\u00eds, el Gobierno del Estado de Tamaulipas y la Universidad Aut\u00f3noma de Tamaulipas (UAT) desarrollar\u00e1n, en diversas sedes en el estado, los Di\u00e1logos de Consulta para la Reforma Electoral 2025.&nbsp;<strong>&#8220;<\/strong><\/p>\n\n\n\n<p>\u200b<\/p>\n\n\n\n<p>Ciudad Victoria, Tam.; 30 de octubre de 2025.<\/p>\n\n\n\n<p>La UAT ser\u00e1 la instituci\u00f3n responsable de coordinar el desarrollo de los foros de consulta y audiencias p\u00fablicas, espacios de an\u00e1lisis y deliberaci\u00f3n que se suman a la iniciativa de consulta nacional impulsada por la Comisi\u00f3n Presidencial para la Reforma Electoral como parte de la agenda del Gobierno de M\u00e9xico.<\/p>\n\n\n\n<p>Bajo el lema \u201cInf\u00f3rmate. Participa. Dialoga. Transforma&#8221;, los foros se realizar\u00e1n los d\u00edas 6 y 7 de noviembre, en seis municipios: Nuevo Laredo, Reynosa, Matamoros, Ciudad Victoria, Tampico y Mante, adem\u00e1s de una audiencia p\u00fablica estatal en Ciudad Victoria.<\/p>\n\n\n\n<p>La jornada contar\u00e1 tambi\u00e9n con 29 sedes de transmisi\u00f3n remota, que permitir\u00e1n la participaci\u00f3n presencial y digital de la ciudadan\u00eda tamaulipeca.<\/p>\n\n\n\n<p>En este ejercicio podr\u00e1n participar miembros de la comunidad universitaria, representantes de c\u00e1maras y organismos empresariales, organizaciones civiles, partidos pol\u00edticos y ciudadan\u00eda en general, quienes podr\u00e1n aportar sus opiniones y propuestas mediante el formulario digital, la participaci\u00f3n en mesas tem\u00e1ticas y una audiencia p\u00fablica final.<\/p>\n\n\n\n<p>Los temas de consulta p\u00fablica abordar\u00e1n aspectos fundamentales del sistema democr\u00e1tico, entre ellos: libertades pol\u00edticas, representaci\u00f3n ciudadana, sistema de partidos, financiamiento y fiscalizaci\u00f3n electoral, efectividad del sufragio, propaganda pol\u00edtica, autoridades y justicia electoral, as\u00ed como mecanismos de democracia participativa y revocaci\u00f3n de mandato.<\/p>\n\n\n\n<p>Cada foro seguir\u00e1 una din\u00e1mica metodol\u00f3gica abierta que incluir\u00e1 introducci\u00f3n tem\u00e1tica, preguntas detonantes, exposici\u00f3n de ideas, definici\u00f3n de propuestas y redacci\u00f3n de relator\u00edas, las cuales ser\u00e1n analizadas posteriormente por la UAT, en coordinaci\u00f3n con especialistas y autoridades electorales.<\/p>\n\n\n\n<p>Asimismo, a trav\u00e9s del c\u00f3digo QR habilitado para este ejercicio de consulta, las y los interesados podr\u00e1n enviar sus propuestas y describir el impacto que consideran puede tener en el fortalecimiento democr\u00e1tico y la mejora del sistema electoral, contribuyendo as\u00ed a un proceso participativo de alcance nacional.<\/p>\n\n\n\n<p>Bajo la narrativa: \u201cLa democracia se fortalece cuando todas las voces cuentan&#8221;, esta ruta de participaci\u00f3n busca difundir, de forma clara e incluyente, los objetivos de la Reforma Electoral 2025, promoviendo el di\u00e1logo social y la construcci\u00f3n colectiva de propuestas desde el \u00e1mbito universitario y ciudadano.<\/p>\n\n\n\n<p>Dicha reforma, en fase de consulta nacional, plantea un nuevo modelo electoral basado en la eficiencia administrativa, la reducci\u00f3n de costos y la homologaci\u00f3n de procesos, preservando la autonom\u00eda institucional y la pluralidad pol\u00edtica.<\/p>\n\n\n\n<p>Con este esfuerzo conjunto, la UAT reafirma su papel como agente acad\u00e9mico, social y ciudadano al servicio del Estado; y el Gobierno de Tamaulipas refrenda su compromiso con una democracia abierta, incluyente y participativa, donde todas las voces cuenten para construir el futuro del pa\u00eds.<\/p>\n\n\n\n<p>\u200b&nbsp;<\/p>\n\n\n\n<figure class=\"wp-block-image\"><img decoding=\"async\" src=\"https:\/\/www.uat.edu.mx\/noticias\/PublishingImages\/2024\/05\/WhatsApp%20Image%202025-10-30%20at%205.03.09%20PM_GMB864.jpg\" alt=\"\"\/><\/figure>\n","protected":false},"excerpt":{"rendered":"<p>30 de octubre del 2025 &#8220;&nbsp;Con el prop\u00f3sito de fomentar la participaci\u00f3n ciudadana y fortalecer la vida democr\u00e1tica del pa\u00eds, el Gobierno del Estado de Tamaulipas y la Universidad Aut\u00f3noma de Tamaulipas (UAT) desarrollar\u00e1n, en diversas sedes en el estado, los Di\u00e1logos de Consulta para la Reforma Electoral 2025.&nbsp;&#8220; \u200b Ciudad Victoria, Tam.; 30 de [&hellip;]<\/p>\n","protected":false},"author":1,"featured_media":5493,"comment_status":"open","ping_status":"open","sticky":false,"template":"","format":"standard","meta":{"footnotes":""},"categories":[4],"tags":[],"class_list":["post-5492","post","type-post","status-publish","format-standard","has-post-thumbnail","hentry","category-universidades"],"blog_post_layout_featured_media_urls":{"thumbnail":["https:\/\/elregionaldigital.info\/wp-content\/uploads\/2025\/10\/WhatsApp-Image-2025-10-30-at-5.03.09-PM_GMB864-150x150.jpg",150,150,true],"full":["https:\/\/elregionaldigital.info\/wp-content\/uploads\/2025\/10\/WhatsApp-Image-2025-10-30-at-5.03.09-PM_GMB864.jpg",900,599,false]},"categories_names":{"4":{"name":"Universidades","link":"https:\/\/elregionaldigital.info\/?cat=4"}},"tags_names":[],"comments_number":"0","wpmagazine_modules_lite_featured_media_urls":{"thumbnail":["https:\/\/elregionaldigital.info\/wp-content\/uploads\/2025\/10\/WhatsApp-Image-2025-10-30-at-5.03.09-PM_GMB864-150x150.jpg",150,150,true],"cvmm-medium":["https:\/\/elregionaldigital.info\/wp-content\/uploads\/2025\/10\/WhatsApp-Image-2025-10-30-at-5.03.09-PM_GMB864-300x300.jpg",300,300,true],"cvmm-medium-plus":["https:\/\/elregionaldigital.info\/wp-content\/uploads\/2025\/10\/WhatsApp-Image-2025-10-30-at-5.03.09-PM_GMB864-305x207.jpg",305,207,true],"cvmm-portrait":["https:\/\/elregionaldigital.info\/wp-content\/uploads\/2025\/10\/WhatsApp-Image-2025-10-30-at-5.03.09-PM_GMB864-400x599.jpg",400,599,true],"cvmm-medium-square":["https:\/\/elregionaldigital.info\/wp-content\/uploads\/2025\/10\/WhatsApp-Image-2025-10-30-at-5.03.09-PM_GMB864-600x599.jpg",600,599,true],"cvmm-large":["https:\/\/elregionaldigital.info\/wp-content\/uploads\/2025\/10\/WhatsApp-Image-2025-10-30-at-5.03.09-PM_GMB864.jpg",900,599,false],"cvmm-small":["https:\/\/elregionaldigital.info\/wp-content\/uploads\/2025\/10\/WhatsApp-Image-2025-10-30-at-5.03.09-PM_GMB864-130x95.jpg",130,95,true],"full":["https:\/\/elregionaldigital.info\/wp-content\/uploads\/2025\/10\/WhatsApp-Image-2025-10-30-at-5.03.09-PM_GMB864.jpg",900,599,false]},"_links":{"self":[{"href":"https:\/\/elregionaldigital.info\/index.php?rest_route=\/wp\/v2\/posts\/5492","targetHints":{"allow":["GET"]}}],"collection":[{"href":"https:\/\/elregionaldigital.info\/index.php?rest_route=\/wp\/v2\/posts"}],"about":[{"href":"https:\/\/elregionaldigital.info\/index.php?rest_route=\/wp\/v2\/types\/post"}],"author":[{"embeddable":true,"href":"https:\/\/elregionaldigital.info\/index.php?rest_route=\/wp\/v2\/users\/1"}],"replies":[{"embeddable":true,"href":"https:\/\/elregionaldigital.info\/index.php?rest_route=%2Fwp%2Fv2%2Fcomments&post=5492"}],"version-history":[{"count":1,"href":"https:\/\/elregionaldigital.info\/index.php?rest_route=\/wp\/v2\/posts\/5492\/revisions"}],"predecessor-version":[{"id":5494,"href":"https:\/\/elregionaldigital.info\/index.php?rest_route=\/wp\/v2\/posts\/5492\/revisions\/5494"}],"wp:featuredmedia":[{"embeddable":true,"href":"https:\/\/elregionaldigital.info\/index.php?rest_route=\/wp\/v2\/media\/5493"}],"wp:attachment":[{"href":"https:\/\/elregionaldigital.info\/index.php?rest_route=%2Fwp%2Fv2%2Fmedia&parent=5492"}],"wp:term":[{"taxonomy":"category","embeddable":true,"href":"https:\/\/elregionaldigital.info\/index.php?rest_route=%2Fwp%2Fv2%2Fcategories&post=5492"},{"taxonomy":"post_tag","embeddable":true,"href":"https:\/\/elregionaldigital.info\/index.php?rest_route=%2Fwp%2Fv2%2Ftags&post=5492"}],"curies":[{"name":"wp","href":"https:\/\/api.w.org\/{rel}","templated":true}]}}