{"id":5460,"date":"2025-09-19T19:14:44","date_gmt":"2025-09-19T19:14:44","guid":{"rendered":"https:\/\/elregionaldigital.info\/?p=5460"},"modified":"2025-10-21T19:18:36","modified_gmt":"2025-10-21T19:18:36","slug":"alejandro-sanz-jorge-drexler-y-carlos-vives-estos-son-los-estrenos-musicales-de-la-semana","status":"publish","type":"post","link":"https:\/\/elregionaldigital.info\/?p=5460","title":{"rendered":"Alejandro Sanz, Jorge Drexler y Carlos Vives: estos son los estrenos musicales de la semana"},"content":{"rendered":"\n<p>septiembre 19, 2025<\/p>\n\n\n\n<p>Los\u00a0<strong>estrenos musicales<\/strong>\u00a0re\u00fanen esta semana colaboraciones inesperadas: los espa\u00f1oles\u00a0<strong>Alejandro Sanz<\/strong>\u00a0y\u00a0<strong>Rels B<\/strong>\u00a0se unieron por primera vez en una \u201cmelod\u00eda in\u00e9dita\u201d, el uruguayo\u00a0<strong>Jorge Drexler<\/strong>\u00a0lanz\u00f3 un tema junto a su hijo\u00a0<strong>Pablopablo<\/strong>, y el colombiano\u00a0<strong>Carlos Vives<\/strong>\u00a0y estadounidense\u00a0<strong>Sergio George<\/strong>\u00a0revivieron un cl\u00e1sico de la salsa.<\/p>\n\n\n\n<p>Ha sido una semana de nuevas\u00a0<strong>colaboraciones<\/strong>, como el rebelde tema de la chilena\u00a0<strong>Mon Laferte<\/strong>\u00a0y la argentina\u00a0<strong>Nathy Peluso<\/strong>, adem\u00e1s del regreso de la estadounidense\u00a0<strong>Leslie Grace<\/strong>\u00a0al mundo de la m\u00fasica y dos sencillos del grupo mexicano\u00a0<strong>Dareyes de la Sierra<\/strong>.<\/p>\n\n\n\n<h3 class=\"wp-block-heading\">&nbsp;Alejandro Sanz y Rels B cantan al amor sincero<\/h3>\n\n\n\n<p>La superestrella espa\u00f1ola&nbsp;<strong>Alejandro Sanz<\/strong>&nbsp;lanz\u00f3 \u2018<strong>No me tires flores<\/strong>\u2018, que describi\u00f3 como una \u201cmelod\u00eda in\u00e9dita\u201d, que aborda el amor sincero y desinteresado. Es adem\u00e1s su primer tema de la mano del cantante de m\u00fasica urbana&nbsp;<strong>Rels<\/strong>&nbsp;<strong>B<\/strong>.<\/p>\n\n\n\n<p>El artista uruguayo\u00a0<strong>Jorge Drexler<\/strong>\u00a0present\u00f3 el tema \u2018<strong>El fin y el medio<\/strong>\u2018, que empez\u00f3 a escribir hace unos a\u00f1os y ha finalizado ahora con la ayuda de su hijo\u00a0<strong>Pablopablo<\/strong>, en el que aborda la incertidumbre, la rabia, la angustia y el miedo presentes en la sociedad actual, y que refleja la tradici\u00f3n del quince veces ganador del Latin Grammy de combinar letras reflexivas con arreglos musicales propios del folclore uruguayo.<\/p>\n\n\n\n<h3 class=\"wp-block-heading\">&nbsp;Carlos Vives revive un cl\u00e1sico de Tito Nieves<\/h3>\n\n\n\n<p>El cantante colombiano&nbsp;<strong>Carlos Vives<\/strong>&nbsp;y el productor y pianista estadounidense&nbsp;<strong>Sergio George<\/strong>&nbsp;se unieron en una nueva versi\u00f3n de \u2018<strong>Fabricando fantas\u00edas<\/strong>\u2018, del salsero puertorrique\u00f1o Tito Nieves, que mantiene la esencia del tema original sobre el dolor de perder a un ser querido y que supone un adelanto del \u00e1lbum del productor: \u2018The hits reimagined\u2019.<\/p>\n\n\n\n<h3 class=\"wp-block-heading\">&nbsp;Mon Laferte y Nathy Peluso se unen a ritmo de bolero<\/h3>\n\n\n\n<p>La cantante chilena&nbsp;<strong>Mon Laferte<\/strong>&nbsp;y la artista argentina&nbsp;<strong>Nathy<\/strong>&nbsp;<strong>Peluso<\/strong>, conocidas por sus estilos irreverentes, lanzaron el nost\u00e1lgico bolero \u2018<strong>La tirana<\/strong>\u2018, en una combinaci\u00f3n de violines y metales que contrasta con sus voces.<\/p>\n\n\n\n<p>El tema cuenta la historia de mujeres \u201ctiranas, consideradas intimidantes por algunos hombres\u201d, y que formar\u00e1 parte de \u2018Femme fatale\u2019, el pr\u00f3ximo \u00e1lbum de Laferte.<\/p>\n\n\n\n<h3 class=\"wp-block-heading\">&nbsp;Leslie Grace abraza a los latinos en su regreso<\/h3>\n\n\n\n<p>La cantante estadounidense de origen dominicano&nbsp;<strong>Leslie<\/strong>&nbsp;<strong>Grace<\/strong>, tres veces nominada al Latin Grammy, regres\u00f3, tras tres a\u00f1os alejada de la m\u00fasica, con el sencillo \u2018<strong>AyAyAy<\/strong>\u2018, que combina sonidos electr\u00f3nicos con R&amp;B, pop y ritmos tropicales, y que describi\u00f3 como un \u201cregalo para mi comunidad latina que siempre me ha abrazado\u201d.<\/p>\n\n\n\n<figure class=\"wp-block-image size-large\"><img loading=\"lazy\" decoding=\"async\" width=\"1024\" height=\"631\" src=\"https:\/\/elregionaldigital.info\/wp-content\/uploads\/2025\/10\/image-27-1024x631.png\" alt=\"\" class=\"wp-image-5461\" srcset=\"https:\/\/elregionaldigital.info\/wp-content\/uploads\/2025\/10\/image-27-1024x631.png 1024w, https:\/\/elregionaldigital.info\/wp-content\/uploads\/2025\/10\/image-27-300x185.png 300w, https:\/\/elregionaldigital.info\/wp-content\/uploads\/2025\/10\/image-27-768x474.png 768w, https:\/\/elregionaldigital.info\/wp-content\/uploads\/2025\/10\/image-27.png 1200w\" sizes=\"auto, (max-width: 1024px) 100vw, 1024px\" \/><\/figure>\n","protected":false},"excerpt":{"rendered":"<p>septiembre 19, 2025 Los\u00a0estrenos musicales\u00a0re\u00fanen esta semana colaboraciones inesperadas: los espa\u00f1oles\u00a0Alejandro Sanz\u00a0y\u00a0Rels B\u00a0se unieron por primera vez en una \u201cmelod\u00eda in\u00e9dita\u201d, el uruguayo\u00a0Jorge Drexler\u00a0lanz\u00f3 un tema junto a su hijo\u00a0Pablopablo, y el colombiano\u00a0Carlos Vives\u00a0y estadounidense\u00a0Sergio George\u00a0revivieron un cl\u00e1sico de la salsa. Ha sido una semana de nuevas\u00a0colaboraciones, como el rebelde tema de la chilena\u00a0Mon Laferte\u00a0y [&hellip;]<\/p>\n","protected":false},"author":1,"featured_media":5462,"comment_status":"open","ping_status":"open","sticky":false,"template":"","format":"standard","meta":{"footnotes":""},"categories":[3],"tags":[],"class_list":["post-5460","post","type-post","status-publish","format-standard","has-post-thumbnail","hentry","category-entretenimiento"],"blog_post_layout_featured_media_urls":{"thumbnail":["https:\/\/elregionaldigital.info\/wp-content\/uploads\/2025\/10\/alejandro-sanz-y-rels-b-1-150x150.jpg",150,150,true],"full":["https:\/\/elregionaldigital.info\/wp-content\/uploads\/2025\/10\/alejandro-sanz-y-rels-b-1.jpg",1200,740,false]},"categories_names":{"3":{"name":"Entretenimiento","link":"https:\/\/elregionaldigital.info\/?cat=3"}},"tags_names":[],"comments_number":"0","wpmagazine_modules_lite_featured_media_urls":{"thumbnail":["https:\/\/elregionaldigital.info\/wp-content\/uploads\/2025\/10\/alejandro-sanz-y-rels-b-1-150x150.jpg",150,150,true],"cvmm-medium":["https:\/\/elregionaldigital.info\/wp-content\/uploads\/2025\/10\/alejandro-sanz-y-rels-b-1-300x300.jpg",300,300,true],"cvmm-medium-plus":["https:\/\/elregionaldigital.info\/wp-content\/uploads\/2025\/10\/alejandro-sanz-y-rels-b-1-305x207.jpg",305,207,true],"cvmm-portrait":["https:\/\/elregionaldigital.info\/wp-content\/uploads\/2025\/10\/alejandro-sanz-y-rels-b-1-400x600.jpg",400,600,true],"cvmm-medium-square":["https:\/\/elregionaldigital.info\/wp-content\/uploads\/2025\/10\/alejandro-sanz-y-rels-b-1-600x600.jpg",600,600,true],"cvmm-large":["https:\/\/elregionaldigital.info\/wp-content\/uploads\/2025\/10\/alejandro-sanz-y-rels-b-1-1024x740.jpg",1024,740,true],"cvmm-small":["https:\/\/elregionaldigital.info\/wp-content\/uploads\/2025\/10\/alejandro-sanz-y-rels-b-1-130x95.jpg",130,95,true],"full":["https:\/\/elregionaldigital.info\/wp-content\/uploads\/2025\/10\/alejandro-sanz-y-rels-b-1.jpg",1200,740,false]},"_links":{"self":[{"href":"https:\/\/elregionaldigital.info\/index.php?rest_route=\/wp\/v2\/posts\/5460","targetHints":{"allow":["GET"]}}],"collection":[{"href":"https:\/\/elregionaldigital.info\/index.php?rest_route=\/wp\/v2\/posts"}],"about":[{"href":"https:\/\/elregionaldigital.info\/index.php?rest_route=\/wp\/v2\/types\/post"}],"author":[{"embeddable":true,"href":"https:\/\/elregionaldigital.info\/index.php?rest_route=\/wp\/v2\/users\/1"}],"replies":[{"embeddable":true,"href":"https:\/\/elregionaldigital.info\/index.php?rest_route=%2Fwp%2Fv2%2Fcomments&post=5460"}],"version-history":[{"count":1,"href":"https:\/\/elregionaldigital.info\/index.php?rest_route=\/wp\/v2\/posts\/5460\/revisions"}],"predecessor-version":[{"id":5463,"href":"https:\/\/elregionaldigital.info\/index.php?rest_route=\/wp\/v2\/posts\/5460\/revisions\/5463"}],"wp:featuredmedia":[{"embeddable":true,"href":"https:\/\/elregionaldigital.info\/index.php?rest_route=\/wp\/v2\/media\/5462"}],"wp:attachment":[{"href":"https:\/\/elregionaldigital.info\/index.php?rest_route=%2Fwp%2Fv2%2Fmedia&parent=5460"}],"wp:term":[{"taxonomy":"category","embeddable":true,"href":"https:\/\/elregionaldigital.info\/index.php?rest_route=%2Fwp%2Fv2%2Fcategories&post=5460"},{"taxonomy":"post_tag","embeddable":true,"href":"https:\/\/elregionaldigital.info\/index.php?rest_route=%2Fwp%2Fv2%2Ftags&post=5460"}],"curies":[{"name":"wp","href":"https:\/\/api.w.org\/{rel}","templated":true}]}}