{"id":5457,"date":"2025-09-28T19:11:39","date_gmt":"2025-09-28T19:11:39","guid":{"rendered":"https:\/\/elregionaldigital.info\/?p=5457"},"modified":"2025-10-21T19:14:40","modified_gmt":"2025-10-21T19:14:40","slug":"bad-bunny-encabezara-el-show-de-medio-tiempo-del-super-bowl","status":"publish","type":"post","link":"https:\/\/elregionaldigital.info\/?p=5457","title":{"rendered":"Bad Bunny encabezar\u00e1 el show de medio tiempo del Super Bowl"},"content":{"rendered":"\n<p>septiembre 28, 2025<\/p>\n\n\n\n<p>El puertorrique\u00f1o\u00a0<strong>Bad Bunny<\/strong>\u00a0ser\u00e1 el protagonista del\u00a0<strong>show de medio tiempo del Super Bowl de 2026<\/strong>\u00a0en Santa Clara (California) el pr\u00f3ximo 8 de febrero, inform\u00f3 este domingo la\u00a0<strong>NFL<\/strong>.<\/p>\n\n\n\n<p>Bad Bunny protagonizar\u00e1 el espect\u00e1culo del descanso en\u00a0<strong>Santa Clara<\/strong>, despu\u00e9s de que\u00a0<strong>Kendrick Lamar<\/strong>\u00a0lo hiciera en 2025 en\u00a0<strong>Nueva Orleans<\/strong>\u00a0en el Super Bowl entre\u00a0<strong>Kansas City Chiefs<\/strong>\u00a0y\u00a0<strong>Philadelphia Eagles<\/strong>.<\/p>\n\n\n\n<p>El Super Bowl de 2026 se disputar\u00e1 en el Levi\u2019s Stadium de Santa Clara el pr\u00f3ximo 8 de febrero.<\/p>\n\n\n\n<p>\u201cLo que siento va m\u00e1s all\u00e1 de m\u00ed. Es para los que vinieron antes que yo y recorrieron infinitas yardas para yo pudiera llegar y anotar un \u2018<strong>touchdown<\/strong>\u2018\u2026 esto es para mi gente, mi cultura y nuestra historia. Ve y dile a tu abuela, que seremos el&nbsp;<strong>HALFTIME SHOW DEL SUPER BOWL<\/strong>\u201c, asegur\u00f3&nbsp;<strong>Bad Bunny<\/strong>&nbsp;en declaraciones facilitadas por la&nbsp;<strong>NFL<\/strong>.<\/p>\n\n\n\n<blockquote class=\"wp-block-quote is-layout-flow wp-block-quote-is-layout-flow\">\n<p>Bad Bunny representa la energ\u00eda y la cultura vibrante que definen la m\u00fasica de hoy en d\u00eda. Como uno de los artistas m\u00e1s influyentes del mundo, su habilidad \u00fanica de unir g\u00e9neros, lenguajes y p\u00fablicos le convierte en una elecci\u00f3n emocionante para subir al escenario del espect\u00e1culo del descanso del S\u00faper Bowl\u201d, afirm\u00f3 Jon Barker, directivo de la NFL.<\/p>\n<\/blockquote>\n\n\n\n<p><strong>Bad Bunny<\/strong>, ganador de tres premios Grammy, actuar\u00e1 en un espect\u00e1culo del descanso del Super Bowl que est\u00e1 patrocinado por Apple desde 2023.<\/p>\n\n\n\n<figure class=\"wp-block-image size-large\"><img loading=\"lazy\" decoding=\"async\" width=\"1024\" height=\"683\" src=\"https:\/\/elregionaldigital.info\/wp-content\/uploads\/2025\/10\/image-26-1024x683.png\" alt=\"\" class=\"wp-image-5458\" srcset=\"https:\/\/elregionaldigital.info\/wp-content\/uploads\/2025\/10\/image-26-1024x683.png 1024w, https:\/\/elregionaldigital.info\/wp-content\/uploads\/2025\/10\/image-26-300x200.png 300w, https:\/\/elregionaldigital.info\/wp-content\/uploads\/2025\/10\/image-26-768x512.png 768w, https:\/\/elregionaldigital.info\/wp-content\/uploads\/2025\/10\/image-26-1536x1024.png 1536w, https:\/\/elregionaldigital.info\/wp-content\/uploads\/2025\/10\/image-26.png 1920w\" sizes=\"auto, (max-width: 1024px) 100vw, 1024px\" \/><\/figure>\n","protected":false},"excerpt":{"rendered":"<p>septiembre 28, 2025 El puertorrique\u00f1o\u00a0Bad Bunny\u00a0ser\u00e1 el protagonista del\u00a0show de medio tiempo del Super Bowl de 2026\u00a0en Santa Clara (California) el pr\u00f3ximo 8 de febrero, inform\u00f3 este domingo la\u00a0NFL. Bad Bunny protagonizar\u00e1 el espect\u00e1culo del descanso en\u00a0Santa Clara, despu\u00e9s de que\u00a0Kendrick Lamar\u00a0lo hiciera en 2025 en\u00a0Nueva Orleans\u00a0en el Super Bowl entre\u00a0Kansas City Chiefs\u00a0y\u00a0Philadelphia Eagles. El [&hellip;]<\/p>\n","protected":false},"author":1,"featured_media":5458,"comment_status":"open","ping_status":"open","sticky":false,"template":"","format":"standard","meta":{"footnotes":""},"categories":[3],"tags":[],"class_list":["post-5457","post","type-post","status-publish","format-standard","has-post-thumbnail","hentry","category-entretenimiento"],"blog_post_layout_featured_media_urls":{"thumbnail":["https:\/\/elregionaldigital.info\/wp-content\/uploads\/2025\/10\/image-26-150x150.png",150,150,true],"full":["https:\/\/elregionaldigital.info\/wp-content\/uploads\/2025\/10\/image-26.png",1920,1280,false]},"categories_names":{"3":{"name":"Entretenimiento","link":"https:\/\/elregionaldigital.info\/?cat=3"}},"tags_names":[],"comments_number":"0","wpmagazine_modules_lite_featured_media_urls":{"thumbnail":["https:\/\/elregionaldigital.info\/wp-content\/uploads\/2025\/10\/image-26-150x150.png",150,150,true],"cvmm-medium":["https:\/\/elregionaldigital.info\/wp-content\/uploads\/2025\/10\/image-26-300x300.png",300,300,true],"cvmm-medium-plus":["https:\/\/elregionaldigital.info\/wp-content\/uploads\/2025\/10\/image-26-305x207.png",305,207,true],"cvmm-portrait":["https:\/\/elregionaldigital.info\/wp-content\/uploads\/2025\/10\/image-26-400x600.png",400,600,true],"cvmm-medium-square":["https:\/\/elregionaldigital.info\/wp-content\/uploads\/2025\/10\/image-26-600x600.png",600,600,true],"cvmm-large":["https:\/\/elregionaldigital.info\/wp-content\/uploads\/2025\/10\/image-26-1024x1024.png",1024,1024,true],"cvmm-small":["https:\/\/elregionaldigital.info\/wp-content\/uploads\/2025\/10\/image-26-130x95.png",130,95,true],"full":["https:\/\/elregionaldigital.info\/wp-content\/uploads\/2025\/10\/image-26.png",1920,1280,false]},"_links":{"self":[{"href":"https:\/\/elregionaldigital.info\/index.php?rest_route=\/wp\/v2\/posts\/5457","targetHints":{"allow":["GET"]}}],"collection":[{"href":"https:\/\/elregionaldigital.info\/index.php?rest_route=\/wp\/v2\/posts"}],"about":[{"href":"https:\/\/elregionaldigital.info\/index.php?rest_route=\/wp\/v2\/types\/post"}],"author":[{"embeddable":true,"href":"https:\/\/elregionaldigital.info\/index.php?rest_route=\/wp\/v2\/users\/1"}],"replies":[{"embeddable":true,"href":"https:\/\/elregionaldigital.info\/index.php?rest_route=%2Fwp%2Fv2%2Fcomments&post=5457"}],"version-history":[{"count":1,"href":"https:\/\/elregionaldigital.info\/index.php?rest_route=\/wp\/v2\/posts\/5457\/revisions"}],"predecessor-version":[{"id":5459,"href":"https:\/\/elregionaldigital.info\/index.php?rest_route=\/wp\/v2\/posts\/5457\/revisions\/5459"}],"wp:featuredmedia":[{"embeddable":true,"href":"https:\/\/elregionaldigital.info\/index.php?rest_route=\/wp\/v2\/media\/5458"}],"wp:attachment":[{"href":"https:\/\/elregionaldigital.info\/index.php?rest_route=%2Fwp%2Fv2%2Fmedia&parent=5457"}],"wp:term":[{"taxonomy":"category","embeddable":true,"href":"https:\/\/elregionaldigital.info\/index.php?rest_route=%2Fwp%2Fv2%2Fcategories&post=5457"},{"taxonomy":"post_tag","embeddable":true,"href":"https:\/\/elregionaldigital.info\/index.php?rest_route=%2Fwp%2Fv2%2Ftags&post=5457"}],"curies":[{"name":"wp","href":"https:\/\/api.w.org\/{rel}","templated":true}]}}