{"id":5447,"date":"2025-10-16T19:02:48","date_gmt":"2025-10-16T19:02:48","guid":{"rendered":"https:\/\/elregionaldigital.info\/?p=5447"},"modified":"2025-10-21T19:06:40","modified_gmt":"2025-10-21T19:06:40","slug":"guillermo-del-toro-oscar-isaac-y-jacob-elordi-presentaran-frankenstein-en-cdmx","status":"publish","type":"post","link":"https:\/\/elregionaldigital.info\/?p=5447","title":{"rendered":"Guillermo del Toro, Oscar Isaac y Jacob Elordi presentar\u00e1n \u2018Frankenstein\u2019 en CDMX"},"content":{"rendered":"\n<p>octubre 16, 2025<\/p>\n\n\n\n<p>El director mexicano&nbsp;<strong>Guillermo del Toro<\/strong>&nbsp;presentar\u00e1 su m\u00e1s reciente pel\u00edcula&nbsp;<strong>\u2018Frankenstein\u2019<\/strong>&nbsp;en&nbsp;<strong>Ciudad de M\u00e9xico<\/strong>&nbsp;el 3 de noviembre junto al elenco protagonista conformado por&nbsp;<strong>Oscar Isaac y Jacob Elordi<\/strong>, luego de que este mi\u00e9rcoles el filme tuvo su estreno en el pa\u00eds en el marco del&nbsp;<strong>Festival Internacional de Cine de Morelia (FICM),<\/strong>&nbsp;celebrado en el estado de&nbsp;<strong>Michoac\u00e1n<\/strong>.<\/p>\n\n\n\n<p>En un video compartido en las redes sociales de\u00a0<strong>Netflix Latinoam\u00e9rica<\/strong>, el creador de\u00a0<strong>\u2018El laberinto del fauno\u2019<\/strong>\u00a0(2006) revel\u00f3 que \u201cen muy poco tiempo\u201d la cinta, basada en la novela hom\u00f3nima de\u00a0<strong>Mary Shelley<\/strong>\u00a0(1797-1851), podr\u00e1 verse en las salas mexicanas seleccionadas el pr\u00f3ximo 23 de octubre.<\/p>\n\n\n\n<blockquote class=\"wp-block-quote is-layout-flow wp-block-quote-is-layout-flow\">\n<p>\u201cHace un tiempo me preguntaron c\u00f3mo es que lograba ver en lo horroroso algo bello y en lo bello algo horroroso. La respuesta fue muy simple: Porque soy mexicano\u201d, subray\u00f3 el realizador, de 61 a\u00f1os, y uno de los m\u00e1s importantes del cine nacional por su indagaci\u00f3n en los contrastes del terror y la ternura, un rasgo cercano al libro escrito por Shelley y publicado en 1818.<\/p>\n<\/blockquote>\n\n\n\n<p>Sobre esta cinta producida por&nbsp;<strong>Netflix<\/strong>&nbsp;y distribuida en M\u00e9xico por&nbsp;<strong>Pimienta Films, Del Toro<\/strong>&nbsp;afirm\u00f3 que los mexicanos tienen ese \u201cdon\u201d requerido para apreciar esta historia que ha recorrido el&nbsp;<strong>Festival Internacional de Cine de Venecia<\/strong>&nbsp;y el espa\u00f1ol en&nbsp;<strong>San Sebasti\u00e1n<\/strong><\/p>\n\n\n\n<blockquote class=\"wp-block-quote is-layout-flow wp-block-quote-is-layout-flow\">\n<p>\u201cEsto no es una pel\u00edcula solo de terror, es una mirada a la din\u00e1mica familiar de padres e hijos y cargada de mucha luz hacia una criatura que \u00fanicamente provoca horror en aquellos que no la conocen (\u2026) Ojal\u00e1 disfruten esta pel\u00edcula y cada uno de sus personajes con el coraz\u00f3n abierto y mucha mexicanidad\u201d, destac\u00f3.<\/p>\n<\/blockquote>\n\n\n\n<p>La proyecci\u00f3n de\u00a0<strong>\u2018Frankenstein\u2019<\/strong>\u00a0se ha confirmado en 24 de los 32 estados del pa\u00eds, donde el p\u00fablico disfrutar\u00e1 de las actuaciones de\u00a0<strong>Isaac, Elordi, Mia Goth<\/strong>\u00a0y el condecorado con el\u00a0<strong>\u00d3scar, Christoph Waltz<\/strong>\u00a0por su actuaci\u00f3n en \u2018<strong>Bastardos sin gloria<\/strong>\u2019 (2009).<\/p>\n\n\n\n<p>Con esta nueva adaptaci\u00f3n, que tendr\u00e1 su transmisi\u00f3n en\u00a0<strong>Netflix el 7 de noviembre, Del Toro<\/strong>\u00a0se consolida de nuevo como el responsable de llevar a los monstruos m\u00e1s famosos de la historia a la pantalla grande, as\u00ed lo hizo con\u00a0<strong>\u2018Hellboy\u2019<\/strong>\u00a0en 2004 y la secuela en 2008.<\/p>\n","protected":false},"excerpt":{"rendered":"<p>octubre 16, 2025 El director mexicano&nbsp;Guillermo del Toro&nbsp;presentar\u00e1 su m\u00e1s reciente pel\u00edcula&nbsp;\u2018Frankenstein\u2019&nbsp;en&nbsp;Ciudad de M\u00e9xico&nbsp;el 3 de noviembre junto al elenco protagonista conformado por&nbsp;Oscar Isaac y Jacob Elordi, luego de que este mi\u00e9rcoles el filme tuvo su estreno en el pa\u00eds en el marco del&nbsp;Festival Internacional de Cine de Morelia (FICM),&nbsp;celebrado en el estado de&nbsp;Michoac\u00e1n. En [&hellip;]<\/p>\n","protected":false},"author":1,"featured_media":5449,"comment_status":"open","ping_status":"open","sticky":false,"template":"","format":"standard","meta":{"footnotes":""},"categories":[3],"tags":[],"class_list":["post-5447","post","type-post","status-publish","format-standard","has-post-thumbnail","hentry","category-entretenimiento"],"blog_post_layout_featured_media_urls":{"thumbnail":["https:\/\/elregionaldigital.info\/wp-content\/uploads\/2025\/10\/6930bf2f6ce39ba3198eca09a0a099af9201c8a7w-150x150.jpg",150,150,true],"full":["https:\/\/elregionaldigital.info\/wp-content\/uploads\/2025\/10\/6930bf2f6ce39ba3198eca09a0a099af9201c8a7w.jpg",1920,1339,false]},"categories_names":{"3":{"name":"Entretenimiento","link":"https:\/\/elregionaldigital.info\/?cat=3"}},"tags_names":[],"comments_number":"0","wpmagazine_modules_lite_featured_media_urls":{"thumbnail":["https:\/\/elregionaldigital.info\/wp-content\/uploads\/2025\/10\/6930bf2f6ce39ba3198eca09a0a099af9201c8a7w-150x150.jpg",150,150,true],"cvmm-medium":["https:\/\/elregionaldigital.info\/wp-content\/uploads\/2025\/10\/6930bf2f6ce39ba3198eca09a0a099af9201c8a7w-300x300.jpg",300,300,true],"cvmm-medium-plus":["https:\/\/elregionaldigital.info\/wp-content\/uploads\/2025\/10\/6930bf2f6ce39ba3198eca09a0a099af9201c8a7w-305x207.jpg",305,207,true],"cvmm-portrait":["https:\/\/elregionaldigital.info\/wp-content\/uploads\/2025\/10\/6930bf2f6ce39ba3198eca09a0a099af9201c8a7w-400x600.jpg",400,600,true],"cvmm-medium-square":["https:\/\/elregionaldigital.info\/wp-content\/uploads\/2025\/10\/6930bf2f6ce39ba3198eca09a0a099af9201c8a7w-600x600.jpg",600,600,true],"cvmm-large":["https:\/\/elregionaldigital.info\/wp-content\/uploads\/2025\/10\/6930bf2f6ce39ba3198eca09a0a099af9201c8a7w-1024x1024.jpg",1024,1024,true],"cvmm-small":["https:\/\/elregionaldigital.info\/wp-content\/uploads\/2025\/10\/6930bf2f6ce39ba3198eca09a0a099af9201c8a7w-130x95.jpg",130,95,true],"full":["https:\/\/elregionaldigital.info\/wp-content\/uploads\/2025\/10\/6930bf2f6ce39ba3198eca09a0a099af9201c8a7w.jpg",1920,1339,false]},"_links":{"self":[{"href":"https:\/\/elregionaldigital.info\/index.php?rest_route=\/wp\/v2\/posts\/5447","targetHints":{"allow":["GET"]}}],"collection":[{"href":"https:\/\/elregionaldigital.info\/index.php?rest_route=\/wp\/v2\/posts"}],"about":[{"href":"https:\/\/elregionaldigital.info\/index.php?rest_route=\/wp\/v2\/types\/post"}],"author":[{"embeddable":true,"href":"https:\/\/elregionaldigital.info\/index.php?rest_route=\/wp\/v2\/users\/1"}],"replies":[{"embeddable":true,"href":"https:\/\/elregionaldigital.info\/index.php?rest_route=%2Fwp%2Fv2%2Fcomments&post=5447"}],"version-history":[{"count":1,"href":"https:\/\/elregionaldigital.info\/index.php?rest_route=\/wp\/v2\/posts\/5447\/revisions"}],"predecessor-version":[{"id":5450,"href":"https:\/\/elregionaldigital.info\/index.php?rest_route=\/wp\/v2\/posts\/5447\/revisions\/5450"}],"wp:featuredmedia":[{"embeddable":true,"href":"https:\/\/elregionaldigital.info\/index.php?rest_route=\/wp\/v2\/media\/5449"}],"wp:attachment":[{"href":"https:\/\/elregionaldigital.info\/index.php?rest_route=%2Fwp%2Fv2%2Fmedia&parent=5447"}],"wp:term":[{"taxonomy":"category","embeddable":true,"href":"https:\/\/elregionaldigital.info\/index.php?rest_route=%2Fwp%2Fv2%2Fcategories&post=5447"},{"taxonomy":"post_tag","embeddable":true,"href":"https:\/\/elregionaldigital.info\/index.php?rest_route=%2Fwp%2Fv2%2Ftags&post=5447"}],"curies":[{"name":"wp","href":"https:\/\/api.w.org\/{rel}","templated":true}]}}