{"id":5444,"date":"2025-10-20T18:59:38","date_gmt":"2025-10-20T18:59:38","guid":{"rendered":"https:\/\/elregionaldigital.info\/?p=5444"},"modified":"2025-10-21T19:02:32","modified_gmt":"2025-10-21T19:02:32","slug":"yolanda-andrade-regresa-al-set-de-montse-joe","status":"publish","type":"post","link":"https:\/\/elregionaldigital.info\/?p=5444","title":{"rendered":"Yolanda Andrade regresa al set de \u2018Montse &amp; Joe\u2019"},"content":{"rendered":"\n<p>octubre 20, 2025<\/p>\n\n\n\n<p>Despu\u00e9s de meses de ausencia, la presentadora&nbsp;<strong>Yolanda Andrade<\/strong>&nbsp;regres\u00f3 al set del programa \u2018<strong>Montse &amp; Joe<\/strong>\u2018.<\/p>\n\n\n\n<p><strong>Andrade<\/strong>&nbsp;se alej\u00f3 de su programa en febrero de este a\u00f1o para priorizarse, un periodo que estuvo rodeado de especulaciones. Su regreso a la televisi\u00f3n era incierto, pero la jornada de hoy confirm\u00f3 su vuelta.<\/p>\n\n\n\n<h2 class=\"wp-block-heading\">Reencuentro con Montserrat Oliver<\/h2>\n\n\n\n<p>Yolanda Andrade fue captada este lunes a las afueras de la&nbsp;<strong>XEW<\/strong>&nbsp;en la&nbsp;<strong>Ciudad de M\u00e9xico<\/strong>, donde se reencontr\u00f3 con su compa\u00f1era y amiga&nbsp;<strong>Montserrat Oliver<\/strong>. El momento fue descrito como emotivo: al ver a Oliver,&nbsp;<strong>Andrade<\/strong>&nbsp;la abraz\u00f3 con una voz entrecortada expresando: \u201cTe extra\u00f1\u00e9. Te amo con todo mi coraz\u00f3n. Te extra\u00f1\u00e9 mucho\u201d. Oliver correspondi\u00f3 el afecto con un simple: \u201c<strong>Yo tambi\u00e9n<\/strong>\u201c.<\/p>\n\n\n\n<p>Muestras de apoyo y celebraci\u00f3n<br>El regreso de Andrade fue celebrado por colegas y presentes. La actriz Geraldine Baz\u00e1n se acerc\u00f3 para platicar con ella.<\/p>\n\n\n\n<p>A su alrededor, se escucharon gritos y aplausos que no solo celebraban su retorno al set, sino tambi\u00e9n su batalla contra las enfermedades que padece. Andrade dedic\u00f3 unas palabras a las personas que la acompa\u00f1aban en este momento.<\/p>\n\n\n\n<p>El regreso sugiere que los momentos ic\u00f3nicos junto a\u00a0<strong>Montserrat Oliver<\/strong>, como las selfies en el set de su programa \u2018<strong>Montse &amp; Joe<\/strong>\u2018, volver\u00e1n a ser una constante. Las im\u00e1genes captadas muestran que la conexi\u00f3n y la felicidad de las dos conductoras por estar nuevamente juntas es evidente.<\/p>\n\n\n\n<figure class=\"wp-block-image size-large\"><img loading=\"lazy\" decoding=\"async\" width=\"1024\" height=\"631\" src=\"https:\/\/elregionaldigital.info\/wp-content\/uploads\/2025\/10\/image-22-1024x631.png\" alt=\"\" class=\"wp-image-5445\" srcset=\"https:\/\/elregionaldigital.info\/wp-content\/uploads\/2025\/10\/image-22-1024x631.png 1024w, https:\/\/elregionaldigital.info\/wp-content\/uploads\/2025\/10\/image-22-300x185.png 300w, https:\/\/elregionaldigital.info\/wp-content\/uploads\/2025\/10\/image-22-768x474.png 768w, https:\/\/elregionaldigital.info\/wp-content\/uploads\/2025\/10\/image-22.png 1200w\" sizes=\"auto, (max-width: 1024px) 100vw, 1024px\" \/><\/figure>\n","protected":false},"excerpt":{"rendered":"<p>octubre 20, 2025 Despu\u00e9s de meses de ausencia, la presentadora&nbsp;Yolanda Andrade&nbsp;regres\u00f3 al set del programa \u2018Montse &amp; Joe\u2018. Andrade&nbsp;se alej\u00f3 de su programa en febrero de este a\u00f1o para priorizarse, un periodo que estuvo rodeado de especulaciones. Su regreso a la televisi\u00f3n era incierto, pero la jornada de hoy confirm\u00f3 su vuelta. Reencuentro con Montserrat [&hellip;]<\/p>\n","protected":false},"author":1,"featured_media":5445,"comment_status":"open","ping_status":"open","sticky":false,"template":"","format":"standard","meta":{"footnotes":""},"categories":[3],"tags":[],"class_list":["post-5444","post","type-post","status-publish","format-standard","has-post-thumbnail","hentry","category-entretenimiento"],"blog_post_layout_featured_media_urls":{"thumbnail":["https:\/\/elregionaldigital.info\/wp-content\/uploads\/2025\/10\/image-22-150x150.png",150,150,true],"full":["https:\/\/elregionaldigital.info\/wp-content\/uploads\/2025\/10\/image-22.png",1200,740,false]},"categories_names":{"3":{"name":"Entretenimiento","link":"https:\/\/elregionaldigital.info\/?cat=3"}},"tags_names":[],"comments_number":"0","wpmagazine_modules_lite_featured_media_urls":{"thumbnail":["https:\/\/elregionaldigital.info\/wp-content\/uploads\/2025\/10\/image-22-150x150.png",150,150,true],"cvmm-medium":["https:\/\/elregionaldigital.info\/wp-content\/uploads\/2025\/10\/image-22-300x300.png",300,300,true],"cvmm-medium-plus":["https:\/\/elregionaldigital.info\/wp-content\/uploads\/2025\/10\/image-22-305x207.png",305,207,true],"cvmm-portrait":["https:\/\/elregionaldigital.info\/wp-content\/uploads\/2025\/10\/image-22-400x600.png",400,600,true],"cvmm-medium-square":["https:\/\/elregionaldigital.info\/wp-content\/uploads\/2025\/10\/image-22-600x600.png",600,600,true],"cvmm-large":["https:\/\/elregionaldigital.info\/wp-content\/uploads\/2025\/10\/image-22-1024x740.png",1024,740,true],"cvmm-small":["https:\/\/elregionaldigital.info\/wp-content\/uploads\/2025\/10\/image-22-130x95.png",130,95,true],"full":["https:\/\/elregionaldigital.info\/wp-content\/uploads\/2025\/10\/image-22.png",1200,740,false]},"_links":{"self":[{"href":"https:\/\/elregionaldigital.info\/index.php?rest_route=\/wp\/v2\/posts\/5444","targetHints":{"allow":["GET"]}}],"collection":[{"href":"https:\/\/elregionaldigital.info\/index.php?rest_route=\/wp\/v2\/posts"}],"about":[{"href":"https:\/\/elregionaldigital.info\/index.php?rest_route=\/wp\/v2\/types\/post"}],"author":[{"embeddable":true,"href":"https:\/\/elregionaldigital.info\/index.php?rest_route=\/wp\/v2\/users\/1"}],"replies":[{"embeddable":true,"href":"https:\/\/elregionaldigital.info\/index.php?rest_route=%2Fwp%2Fv2%2Fcomments&post=5444"}],"version-history":[{"count":1,"href":"https:\/\/elregionaldigital.info\/index.php?rest_route=\/wp\/v2\/posts\/5444\/revisions"}],"predecessor-version":[{"id":5446,"href":"https:\/\/elregionaldigital.info\/index.php?rest_route=\/wp\/v2\/posts\/5444\/revisions\/5446"}],"wp:featuredmedia":[{"embeddable":true,"href":"https:\/\/elregionaldigital.info\/index.php?rest_route=\/wp\/v2\/media\/5445"}],"wp:attachment":[{"href":"https:\/\/elregionaldigital.info\/index.php?rest_route=%2Fwp%2Fv2%2Fmedia&parent=5444"}],"wp:term":[{"taxonomy":"category","embeddable":true,"href":"https:\/\/elregionaldigital.info\/index.php?rest_route=%2Fwp%2Fv2%2Fcategories&post=5444"},{"taxonomy":"post_tag","embeddable":true,"href":"https:\/\/elregionaldigital.info\/index.php?rest_route=%2Fwp%2Fv2%2Ftags&post=5444"}],"curies":[{"name":"wp","href":"https:\/\/api.w.org\/{rel}","templated":true}]}}