{"id":5432,"date":"2025-09-26T18:48:54","date_gmt":"2025-09-26T18:48:54","guid":{"rendered":"https:\/\/elregionaldigital.info\/?p=5432"},"modified":"2025-10-21T18:50:43","modified_gmt":"2025-10-21T18:50:43","slug":"shane-tamura-el-hombre-que-mato-a-4-personas-en-nueva-york-en-julio-tenia-un-trastorno-cerebral","status":"publish","type":"post","link":"https:\/\/elregionaldigital.info\/?p=5432","title":{"rendered":"Shane Tamura, el hombre que mat\u00f3 a 4 personas en Nueva York en julio, ten\u00eda un trastorno cerebral"},"content":{"rendered":"\n<p>septiembre 26, 2025<\/p>\n\n\n\n<p>El tirador que mat\u00f3 a cuatro personas en el centro de&nbsp;<strong>Manhattan (Nueva York)<\/strong>&nbsp;el pasado julio ten\u00eda un&nbsp;<strong>trastorno cerebral asociado a los deportes de contacto<\/strong>, seg\u00fan revel\u00f3 este viernes su autopsia.<\/p>\n\n\n\n<p>La&nbsp;<strong>Oficina del M\u00e9dico Forense Jefe de la ciudad de Nueva York (OCME,<\/strong>&nbsp;en ingl\u00e9s) inform\u00f3 hoy de que el autor del tiroteo,&nbsp;<strong>Shane Tamura<\/strong>&nbsp;-que tras el crimen se suicid\u00f3- padec\u00eda&nbsp;<strong>encefalopat\u00eda traum\u00e1tica cr\u00f3nica (ETC)<\/strong>, una patolog\u00eda que ha sido diagnosticada a deportistas de alto nivel.<\/p>\n\n\n\n<p>Esta enfermedad neurodegenerativa afecta a personas que han estado expuestas a continuos traumatismos en la cabeza y causa un da\u00f1o cerebral parecido al que provoca el&nbsp;<strong>Alzheimer,<\/strong>&nbsp;seg\u00fan los&nbsp;<strong>Institutos Nacionales de la Salud de EE.UU. (NIH, en ingl\u00e9s).<\/strong><\/p>\n\n\n\n<p><strong>Tamura,<\/strong>&nbsp;de 27 a\u00f1os, hab\u00eda dejado una nota en la que precisamente dec\u00eda sentir que ten\u00eda una&nbsp;<strong>ETC<\/strong>&nbsp;y culpaba a la&nbsp;<strong>Liga Nacional de F\u00fatbol Americano (NFL)<\/strong>&nbsp;por su lesi\u00f3n.<\/p>\n\n\n\n<p>De hecho, el d\u00eda del crimen ten\u00eda como objetivo las oficinas de la&nbsp;<strong>NFL.<\/strong><\/p>\n\n\n\n<p>El joven hab\u00eda sido jugador de este deporte en la secundaria, aunque nunca alcanz\u00f3 siquiera categor\u00edas universitarias ni mucho menos la&nbsp;<strong>NFL.<\/strong><\/p>\n\n\n\n<p>El tiroteo tuvo lugar el pasado 28 de julio en un rascacielos que tambi\u00e9n alberga la sede de empresas como el gigante de&nbsp;<strong>inversiones Blackstone<\/strong>&nbsp;y la firma de asesor\u00eda contable y&nbsp;<strong>financiera KPMG<\/strong>, entre otras.<\/p>\n\n\n\n<p><strong>Shane Tamura<\/strong>&nbsp;sali\u00f3 de su veh\u00edculo con un arma larga bajo el brazo, entr\u00f3 al lobby del edificio y&nbsp;<strong>dispar\u00f3 a un oficial de polic\u00eda<\/strong>, que falleci\u00f3. Ten\u00eda 36 a\u00f1os y contaba con tres a\u00f1os de experiencia en el cuerpo.<\/p>\n\n\n\n<p>Posteriormente,&nbsp;<strong>dispar\u00f3 a una mujer y a un guardia de seguridad<\/strong>, tras lo que subi\u00f3 en ascensor al piso 33 y comenz\u00f3 a balear a medida que avanzaba.<\/p>\n\n\n\n<p>En realidad, el joven se dirig\u00eda a la sede de la&nbsp;<strong>NFL,<\/strong>&nbsp;pero se equivoc\u00f3 de ascensor y finalmente el elevador lo llev\u00f3 hasta la planta de la empresa inmobiliaria&nbsp;<strong>Rudin Management<\/strong>, donde cometi\u00f3 m\u00e1s tiroteos y se cobr\u00f3 la vida de m\u00e1s empleados.<\/p>\n\n\n\n<p>Tras el tiroteo,&nbsp;<strong>el agresor se dispar\u00f3 en el pecho.<\/strong><\/p>\n\n\n\n<figure class=\"wp-block-image size-large\"><img loading=\"lazy\" decoding=\"async\" width=\"1024\" height=\"683\" src=\"https:\/\/elregionaldigital.info\/wp-content\/uploads\/2025\/10\/image-19-1024x683.png\" alt=\"\" class=\"wp-image-5433\" srcset=\"https:\/\/elregionaldigital.info\/wp-content\/uploads\/2025\/10\/image-19-1024x683.png 1024w, https:\/\/elregionaldigital.info\/wp-content\/uploads\/2025\/10\/image-19-300x200.png 300w, https:\/\/elregionaldigital.info\/wp-content\/uploads\/2025\/10\/image-19-768x512.png 768w, https:\/\/elregionaldigital.info\/wp-content\/uploads\/2025\/10\/image-19-1536x1024.png 1536w, https:\/\/elregionaldigital.info\/wp-content\/uploads\/2025\/10\/image-19.png 1920w\" sizes=\"auto, (max-width: 1024px) 100vw, 1024px\" \/><\/figure>\n","protected":false},"excerpt":{"rendered":"<p>septiembre 26, 2025 El tirador que mat\u00f3 a cuatro personas en el centro de&nbsp;Manhattan (Nueva York)&nbsp;el pasado julio ten\u00eda un&nbsp;trastorno cerebral asociado a los deportes de contacto, seg\u00fan revel\u00f3 este viernes su autopsia. La&nbsp;Oficina del M\u00e9dico Forense Jefe de la ciudad de Nueva York (OCME,&nbsp;en ingl\u00e9s) inform\u00f3 hoy de que el autor del tiroteo,&nbsp;Shane Tamura&nbsp;-que [&hellip;]<\/p>\n","protected":false},"author":1,"featured_media":5433,"comment_status":"open","ping_status":"open","sticky":false,"template":"","format":"standard","meta":{"footnotes":""},"categories":[11],"tags":[],"class_list":["post-5432","post","type-post","status-publish","format-standard","has-post-thumbnail","hentry","category-mundo"],"blog_post_layout_featured_media_urls":{"thumbnail":["https:\/\/elregionaldigital.info\/wp-content\/uploads\/2025\/10\/image-19-150x150.png",150,150,true],"full":["https:\/\/elregionaldigital.info\/wp-content\/uploads\/2025\/10\/image-19.png",1920,1280,false]},"categories_names":{"11":{"name":"Mundo","link":"https:\/\/elregionaldigital.info\/?cat=11"}},"tags_names":[],"comments_number":"0","wpmagazine_modules_lite_featured_media_urls":{"thumbnail":["https:\/\/elregionaldigital.info\/wp-content\/uploads\/2025\/10\/image-19-150x150.png",150,150,true],"cvmm-medium":["https:\/\/elregionaldigital.info\/wp-content\/uploads\/2025\/10\/image-19-300x300.png",300,300,true],"cvmm-medium-plus":["https:\/\/elregionaldigital.info\/wp-content\/uploads\/2025\/10\/image-19-305x207.png",305,207,true],"cvmm-portrait":["https:\/\/elregionaldigital.info\/wp-content\/uploads\/2025\/10\/image-19-400x600.png",400,600,true],"cvmm-medium-square":["https:\/\/elregionaldigital.info\/wp-content\/uploads\/2025\/10\/image-19-600x600.png",600,600,true],"cvmm-large":["https:\/\/elregionaldigital.info\/wp-content\/uploads\/2025\/10\/image-19-1024x1024.png",1024,1024,true],"cvmm-small":["https:\/\/elregionaldigital.info\/wp-content\/uploads\/2025\/10\/image-19-130x95.png",130,95,true],"full":["https:\/\/elregionaldigital.info\/wp-content\/uploads\/2025\/10\/image-19.png",1920,1280,false]},"_links":{"self":[{"href":"https:\/\/elregionaldigital.info\/index.php?rest_route=\/wp\/v2\/posts\/5432","targetHints":{"allow":["GET"]}}],"collection":[{"href":"https:\/\/elregionaldigital.info\/index.php?rest_route=\/wp\/v2\/posts"}],"about":[{"href":"https:\/\/elregionaldigital.info\/index.php?rest_route=\/wp\/v2\/types\/post"}],"author":[{"embeddable":true,"href":"https:\/\/elregionaldigital.info\/index.php?rest_route=\/wp\/v2\/users\/1"}],"replies":[{"embeddable":true,"href":"https:\/\/elregionaldigital.info\/index.php?rest_route=%2Fwp%2Fv2%2Fcomments&post=5432"}],"version-history":[{"count":1,"href":"https:\/\/elregionaldigital.info\/index.php?rest_route=\/wp\/v2\/posts\/5432\/revisions"}],"predecessor-version":[{"id":5434,"href":"https:\/\/elregionaldigital.info\/index.php?rest_route=\/wp\/v2\/posts\/5432\/revisions\/5434"}],"wp:featuredmedia":[{"embeddable":true,"href":"https:\/\/elregionaldigital.info\/index.php?rest_route=\/wp\/v2\/media\/5433"}],"wp:attachment":[{"href":"https:\/\/elregionaldigital.info\/index.php?rest_route=%2Fwp%2Fv2%2Fmedia&parent=5432"}],"wp:term":[{"taxonomy":"category","embeddable":true,"href":"https:\/\/elregionaldigital.info\/index.php?rest_route=%2Fwp%2Fv2%2Fcategories&post=5432"},{"taxonomy":"post_tag","embeddable":true,"href":"https:\/\/elregionaldigital.info\/index.php?rest_route=%2Fwp%2Fv2%2Ftags&post=5432"}],"curies":[{"name":"wp","href":"https:\/\/api.w.org\/{rel}","templated":true}]}}