{"id":5419,"date":"2025-10-13T18:39:48","date_gmt":"2025-10-13T18:39:48","guid":{"rendered":"https:\/\/elregionaldigital.info\/?p=5419"},"modified":"2025-10-21T18:41:21","modified_gmt":"2025-10-21T18:41:21","slug":"el-51-de-los-habitantes-de-haiti-sufre-hambre-un-nuevo-record-segun-programa-de-la-onu","status":"publish","type":"post","link":"https:\/\/elregionaldigital.info\/?p=5419","title":{"rendered":"El 51 % de los habitantes de Hait\u00ed sufre hambre, un nuevo r\u00e9cord, seg\u00fan programa de la ONU"},"content":{"rendered":"\n<p>octubre 13, 2025<\/p>\n\n\n\n<p>La\u00a0<strong>desnutrici\u00f3n infantil y el hambre<\/strong>\u00a0han aumentado de forma alarmante en\u00a0<strong>Hait\u00ed,<\/strong>\u00a0donde el 51 % de la poblaci\u00f3n total sufre niveles agudos de\u00a0<strong>hambre,<\/strong>\u00a0una nueva cifra hist\u00f3rica para el pa\u00eds, de acuerdo con datos publicados este lunes por el\u00a0<strong>Programa Mundial de Alimentos (PMA).<\/strong><\/p>\n\n\n\n<blockquote class=\"wp-block-quote is-layout-flow wp-block-quote-is-layout-flow\">\n<p>\u201cUna cifra r\u00e9cord de 5.7 millones de personas \u2013 el 51 % de la poblaci\u00f3n total \u2013 sufren actualmente niveles agudos de hambre, lo que supone un aumento del 3 % respecto al a\u00f1o pasado\u201d, indic\u00f3 el PMA en un comunicado citando datos del \u00faltimo an\u00e1lisis de la Clasificaci\u00f3n Integrada en Fases de la Seguridad Alimentaria (CIF).<\/p>\n<\/blockquote>\n\n\n\n<p>Las tasas de malnutrici\u00f3n tambi\u00e9n han aumentado entre ni\u00f1os menores de cinco a\u00f1os, seg\u00fan la<strong>&nbsp;CIF, y el PMA<\/strong>&nbsp;advierte que las mujeres, los ni\u00f1os y las familias desplazadas son los m\u00e1s afectados por la prolongada crisis de&nbsp;<strong>Hait\u00ed.<\/strong><\/p>\n\n\n\n<p>La violencia armada, el deterioro econ\u00f3mico, la inflaci\u00f3n persistente y la escasa producci\u00f3n agr\u00edcola contin\u00faan agravando la crisis en la naci\u00f3n caribe\u00f1a, donde unas 4 mil 239 personas fueron asesinadas en los primeros ocho meses de este a\u00f1o, de acuerdo con datos del&nbsp;<strong>Alto Comisionado de la ONU para los Derechos Humanos.<\/strong><\/p>\n\n\n\n<p>Si las tendencias actuales persisten, m\u00e1s de 5.9 millones de personas podr\u00edan enfrentarse a una inseguridad alimentaria aguda o peor para marzo de 2026, seg\u00fan el&nbsp;<strong>PMA,<\/strong>&nbsp;que precisa que en los departamentos del&nbsp;<strong>Noroeste y del Oeste, incluido Puerto Pr\u00edncipe<\/strong>, las tasas de malnutrici\u00f3n han alcanzado niveles cr\u00edticos (fase 4) o superiores.<\/p>\n\n\n\n<p>Tres de cada cuatro personas refugiadas en escuelas y edificios p\u00fablicos se enfrentan a niveles de hambre de&nbsp;<strong>crisis (CIF 3) o emergencia (CIF 4),<\/strong>&nbsp;mientras que las condiciones de hacinamiento e insalubridad, junto con el acceso limitado a alimentos nutritivos, exponen a los beb\u00e9s y a los ni\u00f1os peque\u00f1os a un mayor riesgo de desnutrici\u00f3n.<\/p>\n\n\n\n<p>En el comunicado, la directora del&nbsp;<strong>PMA<\/strong>&nbsp;en el pa\u00eds,&nbsp;<strong>Wanja Kaaria<\/strong>, afirma que la organizaci\u00f3n ha intensificado su respuesta para alcanzar a un \u201cr\u00e9cord de 2.2 millones de haitianos este a\u00f1o\u201d, pero las necesidades siguen superando a los recursos.<\/p>\n\n\n\n<blockquote class=\"wp-block-quote is-layout-flow wp-block-quote-is-layout-flow\">\n<p>\u201cSi esto contin\u00faa, las familias podr\u00edan caer a\u00fan m\u00e1s en el hambre, y simplemente no tenemos los recursos para satisfacer todas las necesidades crecientes\u201d, asevera Kaaria.<\/p>\n<\/blockquote>\n\n\n\n<p>La intensificaci\u00f3n de la ayuda alimentaria ha permitido que unas 8 mil 400 personas desplazadas pasen de&nbsp;<strong>niveles de hambre catastr\u00f3ficos (CIF 5)<\/strong>&nbsp;a niveles de hambre de&nbsp;<strong>emergencia (CIF 4).<\/strong><\/p>\n\n\n\n<p>En general, la asistencia alimentaria regular ha reducido el n\u00famero de haitianos que padecen inseguridad alimentaria de nivel de&nbsp;<strong>emergencia (CIF 4)<\/strong>&nbsp;en aproximadamente 200 mil desde abril de 2025.<\/p>\n\n\n\n<blockquote class=\"wp-block-quote is-layout-flow wp-block-quote-is-layout-flow\">\n<p>\u201cCon un apoyo sostenido y predecible, podemos seguir reduciendo la inseguridad alimentaria, al tiempo que invertimos en soluciones duraderas que aborden las causas profundas del hambre\u201d, a\u00f1ade Kaaria, tras destacar la importancia de mantener una \u201cestrecha colaboraci\u00f3n con los gobiernos y los asociados\u201d para poder \u201cinvertir la tendencia del hambre\u201d.<\/p>\n<\/blockquote>\n\n\n\n<p>El organismo de la&nbsp;<strong>ONU<\/strong>&nbsp;dijo que necesita 139 millones de d\u00f3lares para los pr\u00f3ximos 12 meses para llegar a las&nbsp;<strong>familias m\u00e1s vulnerables del pa\u00eds.<\/strong><\/p>\n\n\n\n<figure class=\"wp-block-image size-large\"><img loading=\"lazy\" decoding=\"async\" width=\"1024\" height=\"683\" src=\"https:\/\/elregionaldigital.info\/wp-content\/uploads\/2025\/10\/image-15-1024x683.png\" alt=\"\" class=\"wp-image-5420\" srcset=\"https:\/\/elregionaldigital.info\/wp-content\/uploads\/2025\/10\/image-15-1024x683.png 1024w, https:\/\/elregionaldigital.info\/wp-content\/uploads\/2025\/10\/image-15-300x200.png 300w, https:\/\/elregionaldigital.info\/wp-content\/uploads\/2025\/10\/image-15-768x512.png 768w, https:\/\/elregionaldigital.info\/wp-content\/uploads\/2025\/10\/image-15-1536x1024.png 1536w, https:\/\/elregionaldigital.info\/wp-content\/uploads\/2025\/10\/image-15.png 1920w\" sizes=\"auto, (max-width: 1024px) 100vw, 1024px\" \/><\/figure>\n","protected":false},"excerpt":{"rendered":"<p>octubre 13, 2025 La\u00a0desnutrici\u00f3n infantil y el hambre\u00a0han aumentado de forma alarmante en\u00a0Hait\u00ed,\u00a0donde el 51 % de la poblaci\u00f3n total sufre niveles agudos de\u00a0hambre,\u00a0una nueva cifra hist\u00f3rica para el pa\u00eds, de acuerdo con datos publicados este lunes por el\u00a0Programa Mundial de Alimentos (PMA). \u201cUna cifra r\u00e9cord de 5.7 millones de personas \u2013 el 51 % [&hellip;]<\/p>\n","protected":false},"author":1,"featured_media":5420,"comment_status":"open","ping_status":"open","sticky":false,"template":"","format":"standard","meta":{"footnotes":""},"categories":[11],"tags":[],"class_list":["post-5419","post","type-post","status-publish","format-standard","has-post-thumbnail","hentry","category-mundo"],"blog_post_layout_featured_media_urls":{"thumbnail":["https:\/\/elregionaldigital.info\/wp-content\/uploads\/2025\/10\/image-15-150x150.png",150,150,true],"full":["https:\/\/elregionaldigital.info\/wp-content\/uploads\/2025\/10\/image-15.png",1920,1280,false]},"categories_names":{"11":{"name":"Mundo","link":"https:\/\/elregionaldigital.info\/?cat=11"}},"tags_names":[],"comments_number":"0","wpmagazine_modules_lite_featured_media_urls":{"thumbnail":["https:\/\/elregionaldigital.info\/wp-content\/uploads\/2025\/10\/image-15-150x150.png",150,150,true],"cvmm-medium":["https:\/\/elregionaldigital.info\/wp-content\/uploads\/2025\/10\/image-15-300x300.png",300,300,true],"cvmm-medium-plus":["https:\/\/elregionaldigital.info\/wp-content\/uploads\/2025\/10\/image-15-305x207.png",305,207,true],"cvmm-portrait":["https:\/\/elregionaldigital.info\/wp-content\/uploads\/2025\/10\/image-15-400x600.png",400,600,true],"cvmm-medium-square":["https:\/\/elregionaldigital.info\/wp-content\/uploads\/2025\/10\/image-15-600x600.png",600,600,true],"cvmm-large":["https:\/\/elregionaldigital.info\/wp-content\/uploads\/2025\/10\/image-15-1024x1024.png",1024,1024,true],"cvmm-small":["https:\/\/elregionaldigital.info\/wp-content\/uploads\/2025\/10\/image-15-130x95.png",130,95,true],"full":["https:\/\/elregionaldigital.info\/wp-content\/uploads\/2025\/10\/image-15.png",1920,1280,false]},"_links":{"self":[{"href":"https:\/\/elregionaldigital.info\/index.php?rest_route=\/wp\/v2\/posts\/5419","targetHints":{"allow":["GET"]}}],"collection":[{"href":"https:\/\/elregionaldigital.info\/index.php?rest_route=\/wp\/v2\/posts"}],"about":[{"href":"https:\/\/elregionaldigital.info\/index.php?rest_route=\/wp\/v2\/types\/post"}],"author":[{"embeddable":true,"href":"https:\/\/elregionaldigital.info\/index.php?rest_route=\/wp\/v2\/users\/1"}],"replies":[{"embeddable":true,"href":"https:\/\/elregionaldigital.info\/index.php?rest_route=%2Fwp%2Fv2%2Fcomments&post=5419"}],"version-history":[{"count":1,"href":"https:\/\/elregionaldigital.info\/index.php?rest_route=\/wp\/v2\/posts\/5419\/revisions"}],"predecessor-version":[{"id":5421,"href":"https:\/\/elregionaldigital.info\/index.php?rest_route=\/wp\/v2\/posts\/5419\/revisions\/5421"}],"wp:featuredmedia":[{"embeddable":true,"href":"https:\/\/elregionaldigital.info\/index.php?rest_route=\/wp\/v2\/media\/5420"}],"wp:attachment":[{"href":"https:\/\/elregionaldigital.info\/index.php?rest_route=%2Fwp%2Fv2%2Fmedia&parent=5419"}],"wp:term":[{"taxonomy":"category","embeddable":true,"href":"https:\/\/elregionaldigital.info\/index.php?rest_route=%2Fwp%2Fv2%2Fcategories&post=5419"},{"taxonomy":"post_tag","embeddable":true,"href":"https:\/\/elregionaldigital.info\/index.php?rest_route=%2Fwp%2Fv2%2Ftags&post=5419"}],"curies":[{"name":"wp","href":"https:\/\/api.w.org\/{rel}","templated":true}]}}