{"id":5416,"date":"2025-10-17T18:33:58","date_gmt":"2025-10-17T18:33:58","guid":{"rendered":"https:\/\/elregionaldigital.info\/?p=5416"},"modified":"2025-10-21T18:39:17","modified_gmt":"2025-10-21T18:39:17","slug":"indigenas-hieren-con-flechas-a-cuatro-policias-en-protesta-ante-embajada-de-ee-uu-en-bogota","status":"publish","type":"post","link":"https:\/\/elregionaldigital.info\/?p=5416","title":{"rendered":"Ind\u00edgenas hieren con flechas a cuatro polic\u00edas en protesta ante Embajada de EE.UU. en Bogot\u00e1"},"content":{"rendered":"\n<p>octubre 17, 2025<\/p>\n\n\n\n<p>Cuatro polic\u00edas colombianos resultaron heridos este viernes luego de ser atacados con flechas por un grupo de ind\u00edgenas que protesta frente a la&nbsp;<strong>Embajada de Estados Unidos en Bogot\u00e1<\/strong>&nbsp;contra la pol\u00edtica de ese pa\u00eds hacia&nbsp;<strong>Gaza, Venezuela y Ecuador.<\/strong><\/p>\n\n\n\n<p>La manifestaci\u00f3n fue convocada por grupos de la sociedad civil como parte de una \u201c<strong>jornada antiimperialista<\/strong>\u201d y se torn\u00f3 violenta frente a la sede diplom\u00e1tica de&nbsp;<strong>Estados Unidos<\/strong>, ubicada en el occidente de&nbsp;<strong>Bogot\u00e1,<\/strong>&nbsp;sobre una de las avenidas neur\u00e1lgicas de la ciudad, lo que oblig\u00f3 a la intervenci\u00f3n de la&nbsp;<strong>Polic\u00eda.<\/strong><\/p>\n\n\n\n<blockquote class=\"wp-block-quote is-layout-flow wp-block-quote-is-layout-flow\">\n<p>\u201cLe he dado la instrucci\u00f3n a la Polic\u00eda de intervenir en inmediaciones de la Embajada de Estados Unidos, donde unos delincuentes, algunos encapuchados, atacaron a la embajada con artefactos incendiarios, explosivos y flechas\u201d, dijo en X el alcalde de Bogot\u00e1, Carlos Fernando Gal\u00e1n.<\/p>\n<\/blockquote>\n\n\n\n<p><strong>Gal\u00e1n<\/strong>&nbsp;detall\u00f3 que los cuatro polic\u00edas \u201cresultaron heridos en&nbsp;<strong>cara, pierna y brazos<\/strong>\u201d y reiter\u00f3 que \u201cen&nbsp;<strong>Bogot\u00e1<\/strong>&nbsp;no hay espacio para la violencia\u201d.<\/p>\n\n\n\n<blockquote class=\"wp-block-quote is-layout-flow wp-block-quote-is-layout-flow\">\n<p>\u201cDenunciaremos estos actos ante autoridades judiciales, Defensor\u00eda del Pueblo y ONU. Siempre que haya violencia y destrucci\u00f3n, en Bogot\u00e1 vamos a responder con el uso leg\u00edtimo de la fuerza, como hicimos hoy\u201d, concluy\u00f3 Gal\u00e1n.<\/p>\n<\/blockquote>\n\n\n\n<p>Entre los manifestantes hay varios integrantes del llamado&nbsp;<strong>Congreso de los Pueblos<\/strong>, una plataforma que agrupa comunidades&nbsp;<strong>ind\u00edgenas, campesinas, afrodescendientes y movimientos<\/strong>&nbsp;sociales. El grupo lleg\u00f3 a&nbsp;<strong>Bogot\u00e1<\/strong>&nbsp;el pasado 13 de octubre y, sin autorizaci\u00f3n, se tom\u00f3 una plazoleta de la&nbsp;<strong>Universidad Nacional<\/strong>, la principal del sector p\u00fablico colombiano.<\/p>\n\n\n\n<blockquote class=\"wp-block-quote is-layout-flow wp-block-quote-is-layout-flow\">\n<p>\u201cOrden\u00e9 el m\u00e1ximo cuidado con la Embajada de los EE.UU. en Bogot\u00e1. Mal que despu\u00e9s de llegar a un acuerdo con el Congreso de los Pueblos para levantar los bloqueos, un grupo m\u00e1s radical ha agredido a la polic\u00eda que cuida la embajada con varios j\u00f3venes heridos con flechas\u201d, manifest\u00f3 Petro en su cuenta de X.<\/p>\n<\/blockquote>\n\n\n\n<p>Entre tanto, el ministro de&nbsp;<strong>Defensa, Pedro S\u00e1nchez Su\u00e1rez<\/strong>, asegur\u00f3 que lo ocurrido hoy frente a sede diplom\u00e1tica es \u201cintento de homicidio\u201d y dijo que los responsables materiales e intelectuales de \u201cestos delitos ser\u00e1n capturados\u201d.<\/p>\n\n\n\n<blockquote class=\"wp-block-quote is-layout-flow wp-block-quote-is-layout-flow\">\n<p>\u201cEsto no es manifestaci\u00f3n. Es intento de homicidio. El Estado colombiano no tolera ni tolerar\u00e1 estos ataques contra nuestros miembros de la Fuerza P\u00fablica\u201d, asegur\u00f3 el ministro en redes sociales.<\/p>\n<\/blockquote>\n\n\n\n<figure class=\"wp-block-image size-large\"><img loading=\"lazy\" decoding=\"async\" width=\"1024\" height=\"682\" src=\"https:\/\/elregionaldigital.info\/wp-content\/uploads\/2025\/10\/image-14-1024x682.png\" alt=\"\" class=\"wp-image-5417\" srcset=\"https:\/\/elregionaldigital.info\/wp-content\/uploads\/2025\/10\/image-14-1024x682.png 1024w, https:\/\/elregionaldigital.info\/wp-content\/uploads\/2025\/10\/image-14-300x200.png 300w, https:\/\/elregionaldigital.info\/wp-content\/uploads\/2025\/10\/image-14-768x512.png 768w, https:\/\/elregionaldigital.info\/wp-content\/uploads\/2025\/10\/image-14-1536x1023.png 1536w, https:\/\/elregionaldigital.info\/wp-content\/uploads\/2025\/10\/image-14.png 1920w\" sizes=\"auto, (max-width: 1024px) 100vw, 1024px\" \/><\/figure>\n","protected":false},"excerpt":{"rendered":"<p>octubre 17, 2025 Cuatro polic\u00edas colombianos resultaron heridos este viernes luego de ser atacados con flechas por un grupo de ind\u00edgenas que protesta frente a la&nbsp;Embajada de Estados Unidos en Bogot\u00e1&nbsp;contra la pol\u00edtica de ese pa\u00eds hacia&nbsp;Gaza, Venezuela y Ecuador. La manifestaci\u00f3n fue convocada por grupos de la sociedad civil como parte de una \u201cjornada [&hellip;]<\/p>\n","protected":false},"author":1,"featured_media":5417,"comment_status":"open","ping_status":"open","sticky":false,"template":"","format":"standard","meta":{"footnotes":""},"categories":[11],"tags":[],"class_list":["post-5416","post","type-post","status-publish","format-standard","has-post-thumbnail","hentry","category-mundo"],"blog_post_layout_featured_media_urls":{"thumbnail":["https:\/\/elregionaldigital.info\/wp-content\/uploads\/2025\/10\/image-14-150x150.png",150,150,true],"full":["https:\/\/elregionaldigital.info\/wp-content\/uploads\/2025\/10\/image-14.png",1920,1279,false]},"categories_names":{"11":{"name":"Mundo","link":"https:\/\/elregionaldigital.info\/?cat=11"}},"tags_names":[],"comments_number":"0","wpmagazine_modules_lite_featured_media_urls":{"thumbnail":["https:\/\/elregionaldigital.info\/wp-content\/uploads\/2025\/10\/image-14-150x150.png",150,150,true],"cvmm-medium":["https:\/\/elregionaldigital.info\/wp-content\/uploads\/2025\/10\/image-14-300x300.png",300,300,true],"cvmm-medium-plus":["https:\/\/elregionaldigital.info\/wp-content\/uploads\/2025\/10\/image-14-305x207.png",305,207,true],"cvmm-portrait":["https:\/\/elregionaldigital.info\/wp-content\/uploads\/2025\/10\/image-14-400x600.png",400,600,true],"cvmm-medium-square":["https:\/\/elregionaldigital.info\/wp-content\/uploads\/2025\/10\/image-14-600x600.png",600,600,true],"cvmm-large":["https:\/\/elregionaldigital.info\/wp-content\/uploads\/2025\/10\/image-14-1024x1024.png",1024,1024,true],"cvmm-small":["https:\/\/elregionaldigital.info\/wp-content\/uploads\/2025\/10\/image-14-130x95.png",130,95,true],"full":["https:\/\/elregionaldigital.info\/wp-content\/uploads\/2025\/10\/image-14.png",1920,1279,false]},"_links":{"self":[{"href":"https:\/\/elregionaldigital.info\/index.php?rest_route=\/wp\/v2\/posts\/5416","targetHints":{"allow":["GET"]}}],"collection":[{"href":"https:\/\/elregionaldigital.info\/index.php?rest_route=\/wp\/v2\/posts"}],"about":[{"href":"https:\/\/elregionaldigital.info\/index.php?rest_route=\/wp\/v2\/types\/post"}],"author":[{"embeddable":true,"href":"https:\/\/elregionaldigital.info\/index.php?rest_route=\/wp\/v2\/users\/1"}],"replies":[{"embeddable":true,"href":"https:\/\/elregionaldigital.info\/index.php?rest_route=%2Fwp%2Fv2%2Fcomments&post=5416"}],"version-history":[{"count":1,"href":"https:\/\/elregionaldigital.info\/index.php?rest_route=\/wp\/v2\/posts\/5416\/revisions"}],"predecessor-version":[{"id":5418,"href":"https:\/\/elregionaldigital.info\/index.php?rest_route=\/wp\/v2\/posts\/5416\/revisions\/5418"}],"wp:featuredmedia":[{"embeddable":true,"href":"https:\/\/elregionaldigital.info\/index.php?rest_route=\/wp\/v2\/media\/5417"}],"wp:attachment":[{"href":"https:\/\/elregionaldigital.info\/index.php?rest_route=%2Fwp%2Fv2%2Fmedia&parent=5416"}],"wp:term":[{"taxonomy":"category","embeddable":true,"href":"https:\/\/elregionaldigital.info\/index.php?rest_route=%2Fwp%2Fv2%2Fcategories&post=5416"},{"taxonomy":"post_tag","embeddable":true,"href":"https:\/\/elregionaldigital.info\/index.php?rest_route=%2Fwp%2Fv2%2Ftags&post=5416"}],"curies":[{"name":"wp","href":"https:\/\/api.w.org\/{rel}","templated":true}]}}