{"id":5413,"date":"2025-10-21T18:33:51","date_gmt":"2025-10-21T18:33:51","guid":{"rendered":"https:\/\/elregionaldigital.info\/?p=5413"},"modified":"2025-10-21T18:33:52","modified_gmt":"2025-10-21T18:33:52","slug":"revelan-cuando-reabrira-el-museo-del-louvre-tras-el-robo-de-joyas","status":"publish","type":"post","link":"https:\/\/elregionaldigital.info\/?p=5413","title":{"rendered":"Revelan cu\u00e1ndo reabrir\u00e1 el Museo del Louvre tras el robo de joyas"},"content":{"rendered":"\n<p>octubre 21, 2025<\/p>\n\n\n\n<p>El\u00a0<strong>Museo del Louvre<\/strong>\u00a0<strong>abrir\u00e1 al p\u00fablico<\/strong>\u00a0el mi\u00e9rcoles<strong>\u00a022 de octubre de 2025<\/strong>\u00a0por primera vez desde el\u00a0<strong>robo<\/strong>\u00a0que se produjo el domingo por la ma\u00f1ana.<\/p>\n\n\n\n<p>Sin embargo, la<strong>\u00a0Galer\u00eda de Apolo<\/strong>\u00a0donde los ladrones se llevaron\u00a0<strong>ocho joyas de la corona francesa<\/strong>\u00a0seguir\u00e1 cerrada \u201cun cierto tiempo\u201d, indic\u00f3 a EFE una portavoz del centro.<\/p>\n\n\n\n<p>El museo fue evacuado cuando se produjo el robo, el domingo 19 de octubre poco despu\u00e9s de las 9:30 h local, y aunque el lunes todo estaba preparado para recibir visitantes, en el \u00faltimo momento sus responsables decidieron dar marcha atr\u00e1s.<\/p>\n\n\n\n<p>El martes es el d\u00eda de cierre semanal y finalmente este mi\u00e9rcoles 22 de octubre se podr\u00e1n ver de nuevo sus colecciones aunque no la Galer\u00eda de Apolo, se\u00f1al\u00f3 la portavoz, quien no precis\u00f3 hasta cu\u00e1ndo se impedir\u00e1 el acceso del p\u00fablico a esa parte.<\/p>\n\n\n\n<p>Fue all\u00ed donde penetraron dos ladrones de los cuatro que integraban el comando, despu\u00e9s de haber subido a la primera planta en que se encuentra gracias a un camioneta con un montacargas de los que se utilizan en las mudanzas, que hab\u00edan aparcado en el flanco sur del museo, el que da al r\u00edo Sena.<\/p>\n\n\n\n<p>Una vez penetraron en la galer\u00eda tras hacer un boquete en el cristal de una de las puertas del balc\u00f3n, reventaron con unos discos de corte dos vitrinas, una con joyas de la \u00e9poca de Napole\u00f3n y otra con joyas de la corona de Francia.<\/p>\n\n\n\n<p>En su huida, los ladrones perdieron por el camino la corona de la emperatriz Eugenia de Montijo, que adem\u00e1s result\u00f3 con da\u00f1os. Toda la operaci\u00f3n dur\u00f3 unos siete minutos aproximadamente.<\/p>\n\n\n\n<p>El Museo del Louvre es el museo m\u00e1s visitado del mundo y por dicho recinto pasaron unas 8.7 millones de personas en el 2024.<\/p>\n\n\n\n<figure class=\"wp-block-image size-large\"><img loading=\"lazy\" decoding=\"async\" width=\"1024\" height=\"683\" src=\"https:\/\/elregionaldigital.info\/wp-content\/uploads\/2025\/10\/image-13-1024x683.png\" alt=\"\" class=\"wp-image-5414\" srcset=\"https:\/\/elregionaldigital.info\/wp-content\/uploads\/2025\/10\/image-13-1024x683.png 1024w, https:\/\/elregionaldigital.info\/wp-content\/uploads\/2025\/10\/image-13-300x200.png 300w, https:\/\/elregionaldigital.info\/wp-content\/uploads\/2025\/10\/image-13-768x512.png 768w, https:\/\/elregionaldigital.info\/wp-content\/uploads\/2025\/10\/image-13-1536x1024.png 1536w, https:\/\/elregionaldigital.info\/wp-content\/uploads\/2025\/10\/image-13.png 1920w\" sizes=\"auto, (max-width: 1024px) 100vw, 1024px\" \/><\/figure>\n","protected":false},"excerpt":{"rendered":"<p>octubre 21, 2025 El\u00a0Museo del Louvre\u00a0abrir\u00e1 al p\u00fablico\u00a0el mi\u00e9rcoles\u00a022 de octubre de 2025\u00a0por primera vez desde el\u00a0robo\u00a0que se produjo el domingo por la ma\u00f1ana. Sin embargo, la\u00a0Galer\u00eda de Apolo\u00a0donde los ladrones se llevaron\u00a0ocho joyas de la corona francesa\u00a0seguir\u00e1 cerrada \u201cun cierto tiempo\u201d, indic\u00f3 a EFE una portavoz del centro. El museo fue evacuado cuando se [&hellip;]<\/p>\n","protected":false},"author":1,"featured_media":5414,"comment_status":"open","ping_status":"open","sticky":false,"template":"","format":"standard","meta":{"footnotes":""},"categories":[11],"tags":[],"class_list":["post-5413","post","type-post","status-publish","format-standard","has-post-thumbnail","hentry","category-mundo"],"blog_post_layout_featured_media_urls":{"thumbnail":["https:\/\/elregionaldigital.info\/wp-content\/uploads\/2025\/10\/image-13-150x150.png",150,150,true],"full":["https:\/\/elregionaldigital.info\/wp-content\/uploads\/2025\/10\/image-13.png",1920,1280,false]},"categories_names":{"11":{"name":"Mundo","link":"https:\/\/elregionaldigital.info\/?cat=11"}},"tags_names":[],"comments_number":"0","wpmagazine_modules_lite_featured_media_urls":{"thumbnail":["https:\/\/elregionaldigital.info\/wp-content\/uploads\/2025\/10\/image-13-150x150.png",150,150,true],"cvmm-medium":["https:\/\/elregionaldigital.info\/wp-content\/uploads\/2025\/10\/image-13-300x300.png",300,300,true],"cvmm-medium-plus":["https:\/\/elregionaldigital.info\/wp-content\/uploads\/2025\/10\/image-13-305x207.png",305,207,true],"cvmm-portrait":["https:\/\/elregionaldigital.info\/wp-content\/uploads\/2025\/10\/image-13-400x600.png",400,600,true],"cvmm-medium-square":["https:\/\/elregionaldigital.info\/wp-content\/uploads\/2025\/10\/image-13-600x600.png",600,600,true],"cvmm-large":["https:\/\/elregionaldigital.info\/wp-content\/uploads\/2025\/10\/image-13-1024x1024.png",1024,1024,true],"cvmm-small":["https:\/\/elregionaldigital.info\/wp-content\/uploads\/2025\/10\/image-13-130x95.png",130,95,true],"full":["https:\/\/elregionaldigital.info\/wp-content\/uploads\/2025\/10\/image-13.png",1920,1280,false]},"_links":{"self":[{"href":"https:\/\/elregionaldigital.info\/index.php?rest_route=\/wp\/v2\/posts\/5413","targetHints":{"allow":["GET"]}}],"collection":[{"href":"https:\/\/elregionaldigital.info\/index.php?rest_route=\/wp\/v2\/posts"}],"about":[{"href":"https:\/\/elregionaldigital.info\/index.php?rest_route=\/wp\/v2\/types\/post"}],"author":[{"embeddable":true,"href":"https:\/\/elregionaldigital.info\/index.php?rest_route=\/wp\/v2\/users\/1"}],"replies":[{"embeddable":true,"href":"https:\/\/elregionaldigital.info\/index.php?rest_route=%2Fwp%2Fv2%2Fcomments&post=5413"}],"version-history":[{"count":1,"href":"https:\/\/elregionaldigital.info\/index.php?rest_route=\/wp\/v2\/posts\/5413\/revisions"}],"predecessor-version":[{"id":5415,"href":"https:\/\/elregionaldigital.info\/index.php?rest_route=\/wp\/v2\/posts\/5413\/revisions\/5415"}],"wp:featuredmedia":[{"embeddable":true,"href":"https:\/\/elregionaldigital.info\/index.php?rest_route=\/wp\/v2\/media\/5414"}],"wp:attachment":[{"href":"https:\/\/elregionaldigital.info\/index.php?rest_route=%2Fwp%2Fv2%2Fmedia&parent=5413"}],"wp:term":[{"taxonomy":"category","embeddable":true,"href":"https:\/\/elregionaldigital.info\/index.php?rest_route=%2Fwp%2Fv2%2Fcategories&post=5413"},{"taxonomy":"post_tag","embeddable":true,"href":"https:\/\/elregionaldigital.info\/index.php?rest_route=%2Fwp%2Fv2%2Ftags&post=5413"}],"curies":[{"name":"wp","href":"https:\/\/api.w.org\/{rel}","templated":true}]}}