{"id":5400,"date":"2025-10-03T18:13:48","date_gmt":"2025-10-03T18:13:48","guid":{"rendered":"https:\/\/elregionaldigital.info\/?p=5400"},"modified":"2025-10-21T18:16:07","modified_gmt":"2025-10-21T18:16:07","slug":"julian-quinones-regresa-a-la-convocatoria-del-tri","status":"publish","type":"post","link":"https:\/\/elregionaldigital.info\/?p=5400","title":{"rendered":"Juli\u00e1n Qui\u00f1ones regresa a la convocatoria del \u2018Tri\u2019"},"content":{"rendered":"\n<p>octubre 3, 2025<\/p>\n\n\n\n<p>El regreso del delantero colombiano&nbsp;<strong>Juli\u00e1n Qui\u00f1ones<\/strong>, en las filas del&nbsp;<strong>Al Qadsiah saud\u00ed<\/strong>, destaca en la convocatoria de la selecci\u00f3n mexicana para los partidos amistosos de octubre ante las formaciones de&nbsp;<strong>Colombia<\/strong>&nbsp;y&nbsp;<strong>Ecuador<\/strong>.<\/p>\n\n\n\n<p>El seleccionador&nbsp;<strong>Javier Aguirre<\/strong>&nbsp;volvi\u00f3 a llamar a&nbsp;<strong>Qui\u00f1ones<\/strong>, quien debut\u00f3 con el&nbsp;<strong>Tri<\/strong>&nbsp;en 2023, luego de obtener la&nbsp;<strong>naturalizaci\u00f3n mexicana<\/strong>, para el duelo del 11 de octubre ante&nbsp;<strong>Colombia<\/strong>&nbsp;y del d\u00eda 14 del mismo mes ante&nbsp;<strong>Ecuador<\/strong>.<\/p>\n\n\n\n<p>Entre otros nombres destacados est\u00e1n el de Carlos Acevedo, guardameta del<strong>&nbsp;Santos Laguna<\/strong>, y&nbsp;<strong>Luis Romo<\/strong>, del&nbsp;<strong>Guadalajara<\/strong>, quienes tambi\u00e9n vuelven a una convocatoria.<\/p>\n\n\n\n<p>Los jugadores europeos que est\u00e1n en la n\u00f3mina son&nbsp;<strong>Santiago Gim\u00e9nez<\/strong>, del Mil\u00e1n italiano; Orbel\u00edn Pineda, del AEK griego; C\u00e9sar Montes, del Lokomotiv ruso; Johan V\u00e1squez, del G\u00e9nova italiano, y Mateo Ch\u00e1vez, del AZ Alkmaar neerland\u00e9s.<\/p>\n\n\n\n<p>No fue convocado&nbsp;<strong>Ra\u00fal Jim\u00e9nez<\/strong>, goleador del&nbsp;<strong>Fulham ingl\u00e9s<\/strong>, quien est\u00e1 lesionado.<\/p>\n\n\n\n<p>Lista de convocados de M\u00e9xico<\/p>\n\n\n\n<p>Porteros: Luis \u00c1ngel Malag\u00f3n (Am\u00e9rica), Ra\u00fal Rangel (Guadalajara) y Carlos Acevedo (Santos Laguna).<\/p>\n\n\n\n<p>Defensas: Mateo Ch\u00e1vez (AZ Alkmaar-NED), Ram\u00f3n Ju\u00e1rez, Kevin \u00c1lvarez e Israel Reyes (Am\u00e9rica), Jorge S\u00e1nchez (Cruz Azul), C\u00e9sar Montes (Lokomotiv-RUS), Johan V\u00e1squez (G\u00e9nova-ITA) y Jes\u00fas Gallardo (Toluca).<\/p>\n\n\n\n<p>Centrocampista: Orbel\u00edn Pineda (AEK Atenas-GRE), Alexis Guti\u00e9rrez y \u00c9rick S\u00e1nchez (Am\u00e9rica), Erik Lira y Carlos Rodr\u00edguez (Cruz Azul), Luis Romo (Guadalajara), Diego Lainez (Tigres) y Marcel Ruiz (Toluca).<\/p>\n\n\n\n<p>Delanteros: Santiago Gim\u00e9nez (Mil\u00e1n-ITA), Juli\u00e1n Qui\u00f1ones (Al Qadsiah-KSA) y Germ\u00e1n Berterame (Monterrey).<\/p>\n","protected":false},"excerpt":{"rendered":"<p>octubre 3, 2025 El regreso del delantero colombiano&nbsp;Juli\u00e1n Qui\u00f1ones, en las filas del&nbsp;Al Qadsiah saud\u00ed, destaca en la convocatoria de la selecci\u00f3n mexicana para los partidos amistosos de octubre ante las formaciones de&nbsp;Colombia&nbsp;y&nbsp;Ecuador. El seleccionador&nbsp;Javier Aguirre&nbsp;volvi\u00f3 a llamar a&nbsp;Qui\u00f1ones, quien debut\u00f3 con el&nbsp;Tri&nbsp;en 2023, luego de obtener la&nbsp;naturalizaci\u00f3n mexicana, para el duelo del 11 de [&hellip;]<\/p>\n","protected":false},"author":1,"featured_media":5401,"comment_status":"open","ping_status":"open","sticky":false,"template":"","format":"standard","meta":{"footnotes":""},"categories":[6],"tags":[],"class_list":["post-5400","post","type-post","status-publish","format-standard","has-post-thumbnail","hentry","category-deportes"],"blog_post_layout_featured_media_urls":{"thumbnail":["https:\/\/elregionaldigital.info\/wp-content\/uploads\/2025\/10\/image-9.png",150,100,false],"full":["https:\/\/elregionaldigital.info\/wp-content\/uploads\/2025\/10\/image-9.png",1200,800,false]},"categories_names":{"6":{"name":"Deportes","link":"https:\/\/elregionaldigital.info\/?cat=6"}},"tags_names":[],"comments_number":"0","wpmagazine_modules_lite_featured_media_urls":{"thumbnail":["https:\/\/elregionaldigital.info\/wp-content\/uploads\/2025\/10\/image-9.png",150,100,false],"cvmm-medium":["https:\/\/elregionaldigital.info\/wp-content\/uploads\/2025\/10\/image-9.png",300,200,false],"cvmm-medium-plus":["https:\/\/elregionaldigital.info\/wp-content\/uploads\/2025\/10\/image-9.png",305,203,false],"cvmm-portrait":["https:\/\/elregionaldigital.info\/wp-content\/uploads\/2025\/10\/image-9.png",400,267,false],"cvmm-medium-square":["https:\/\/elregionaldigital.info\/wp-content\/uploads\/2025\/10\/image-9.png",600,400,false],"cvmm-large":["https:\/\/elregionaldigital.info\/wp-content\/uploads\/2025\/10\/image-9.png",1024,683,false],"cvmm-small":["https:\/\/elregionaldigital.info\/wp-content\/uploads\/2025\/10\/image-9.png",130,87,false],"full":["https:\/\/elregionaldigital.info\/wp-content\/uploads\/2025\/10\/image-9.png",1200,800,false]},"_links":{"self":[{"href":"https:\/\/elregionaldigital.info\/index.php?rest_route=\/wp\/v2\/posts\/5400","targetHints":{"allow":["GET"]}}],"collection":[{"href":"https:\/\/elregionaldigital.info\/index.php?rest_route=\/wp\/v2\/posts"}],"about":[{"href":"https:\/\/elregionaldigital.info\/index.php?rest_route=\/wp\/v2\/types\/post"}],"author":[{"embeddable":true,"href":"https:\/\/elregionaldigital.info\/index.php?rest_route=\/wp\/v2\/users\/1"}],"replies":[{"embeddable":true,"href":"https:\/\/elregionaldigital.info\/index.php?rest_route=%2Fwp%2Fv2%2Fcomments&post=5400"}],"version-history":[{"count":1,"href":"https:\/\/elregionaldigital.info\/index.php?rest_route=\/wp\/v2\/posts\/5400\/revisions"}],"predecessor-version":[{"id":5402,"href":"https:\/\/elregionaldigital.info\/index.php?rest_route=\/wp\/v2\/posts\/5400\/revisions\/5402"}],"wp:featuredmedia":[{"embeddable":true,"href":"https:\/\/elregionaldigital.info\/index.php?rest_route=\/wp\/v2\/media\/5401"}],"wp:attachment":[{"href":"https:\/\/elregionaldigital.info\/index.php?rest_route=%2Fwp%2Fv2%2Fmedia&parent=5400"}],"wp:term":[{"taxonomy":"category","embeddable":true,"href":"https:\/\/elregionaldigital.info\/index.php?rest_route=%2Fwp%2Fv2%2Fcategories&post=5400"},{"taxonomy":"post_tag","embeddable":true,"href":"https:\/\/elregionaldigital.info\/index.php?rest_route=%2Fwp%2Fv2%2Ftags&post=5400"}],"curies":[{"name":"wp","href":"https:\/\/api.w.org\/{rel}","templated":true}]}}