{"id":5397,"date":"2025-10-08T18:11:00","date_gmt":"2025-10-08T18:11:00","guid":{"rendered":"https:\/\/elregionaldigital.info\/?p=5397"},"modified":"2025-10-21T18:13:17","modified_gmt":"2025-10-21T18:13:17","slug":"quiero-jugar-unos-anos-mas-cristiano-ronaldo-descarta-el-retiro","status":"publish","type":"post","link":"https:\/\/elregionaldigital.info\/?p=5397","title":{"rendered":"\u201cQuiero jugar unos a\u00f1os m\u00e1s\u201d: Cristiano Ronaldo descarta el retiro"},"content":{"rendered":"\n<p>octubre 8, 2025<\/p>\n\n\n\n<p><strong>Cristiano Ronaldo<\/strong>&nbsp;\u201cquiere seguir<strong>&nbsp;jugando unos a\u00f1os m\u00e1s<\/strong>\u201c, pero \u201cno muchos\u201d, anunci\u00f3 el futbolista al recibir un trofeo en una gala organizada por la&nbsp;<strong>Federaci\u00f3n Portuguesa de F\u00fatbol<\/strong>&nbsp;(<strong>FPF<\/strong>).<\/p>\n\n\n\n<p>El futbolista del Al Nassr de Arabia Saudita fue galardonado con el \u2018Globo Prestigio\u2019 en los \u201cPortugal Football Globes\u201d de la FPF y en su discurso abord\u00f3 su futuro al afirmar que, tanto el trofeo como la longevidad de su carrera, son \u201cmotivo de gran orgullo\u201d.<\/p>\n\n\n\n<blockquote class=\"wp-block-quote is-layout-flow wp-block-quote-is-layout-flow\">\n<p>Quiero seguir jugando unos a\u00f1os m\u00e1s, no muchos, tengo que ser honesto (\u2026) Todav\u00eda estoy produciendo cosas buenas, ayudando a mi club y a Portugal. Entonces, \u00bfpor qu\u00e9 no continuar?\u201d, expuso.<\/p>\n<\/blockquote>\n\n\n\n<p>Cristiano Ronaldo, que tiene 40 a\u00f1os, se encuentra concentrado con la selecci\u00f3n de Portugal para disputar los partidos de clasificaci\u00f3n para el Mundial de 2026 contra Irlanda, el d\u00eda 11 de octubre, y Hungr\u00eda, el d\u00eda 14, ambos en el Estadio de Alvalade de Lisboa.<\/p>\n\n\n\n<p>La selecci\u00f3n dirigida por el espa\u00f1ol Roberto Mart\u00ednez lidera el grupo F tras dos victorias y podr\u00eda asegurar su presencia en la competici\u00f3n que se disputar\u00e1 en M\u00e9xico, Canad\u00e1 y Estados Unidos ya en esta jornada, pero Cristiano inst\u00f3 a \u201cpensar en el presente\u201d.<\/p>\n\n\n\n<p>\u201cNuestro objetivo es ganar nuestros dos pr\u00f3ximos partidos. El Mundial ya se ver\u00e1\u201d, afirm\u00f3.<\/p>\n\n\n\n<p>Cristiano Ronaldo se convirti\u00f3, tras su \u00faltima renovaci\u00f3n con el Al-Nassr y seg\u00fan datos de Bloomberg Billionaires Index, en el primer futbolista en superar los mil millones de patrimonio neto, llegando a mil 400 millones de d\u00f3lares.<\/p>\n\n\n\n<p>El astro portugu\u00e9s, a sus 40 a\u00f1os de edad, firm\u00f3 el pasado 26 de junio una ampliaci\u00f3n de contrato con el Al-Nassr hasta 2027 estimada, seg\u00fan las mismas fuentes, en m\u00e1s de 400 millones de d\u00f3lares, adem\u00e1s de recibir un 15% de participaci\u00f3n en el club saud\u00ed.<\/p>\n\n\n\n<p>\u201cCristiano ha ganado m\u00e1s de 550 millones de d\u00f3lares en salarios entre 2002 y 2023. Firm\u00f3 tambi\u00e9n un contrato de diez a\u00f1os con Nike, valorado en casi 18 millones anuales, y otros acuerdos con marcas como Armani y Castrol, que a\u00f1adieron m\u00e1s de 175 millones a su patrimonio. Su traspaso a Al-Nassr en 2023 le gener\u00f3 unos 200 millones anuales libres de impuestos, adem\u00e1s de un bono de fichaje de 30 millones\u201d, se\u00f1ala el informe.<\/p>\n\n\n\n<p>La estrella lusa, adem\u00e1s, es, con 665 millones, la persona con m\u00e1s seguidores en Instagram, otra v\u00eda de negocio.<\/p>\n\n\n\n<figure class=\"wp-block-image size-large\"><img loading=\"lazy\" decoding=\"async\" width=\"1024\" height=\"683\" src=\"https:\/\/elregionaldigital.info\/wp-content\/uploads\/2025\/10\/image-8-1024x683.png\" alt=\"\" class=\"wp-image-5398\" srcset=\"https:\/\/elregionaldigital.info\/wp-content\/uploads\/2025\/10\/image-8-1024x683.png 1024w, https:\/\/elregionaldigital.info\/wp-content\/uploads\/2025\/10\/image-8-300x200.png 300w, https:\/\/elregionaldigital.info\/wp-content\/uploads\/2025\/10\/image-8-768x512.png 768w, https:\/\/elregionaldigital.info\/wp-content\/uploads\/2025\/10\/image-8-1536x1024.png 1536w, https:\/\/elregionaldigital.info\/wp-content\/uploads\/2025\/10\/image-8.png 1920w\" sizes=\"auto, (max-width: 1024px) 100vw, 1024px\" \/><\/figure>\n","protected":false},"excerpt":{"rendered":"<p>octubre 8, 2025 Cristiano Ronaldo&nbsp;\u201cquiere seguir&nbsp;jugando unos a\u00f1os m\u00e1s\u201c, pero \u201cno muchos\u201d, anunci\u00f3 el futbolista al recibir un trofeo en una gala organizada por la&nbsp;Federaci\u00f3n Portuguesa de F\u00fatbol&nbsp;(FPF). El futbolista del Al Nassr de Arabia Saudita fue galardonado con el \u2018Globo Prestigio\u2019 en los \u201cPortugal Football Globes\u201d de la FPF y en su discurso abord\u00f3 [&hellip;]<\/p>\n","protected":false},"author":1,"featured_media":5398,"comment_status":"open","ping_status":"open","sticky":false,"template":"","format":"standard","meta":{"footnotes":""},"categories":[6],"tags":[],"class_list":["post-5397","post","type-post","status-publish","format-standard","has-post-thumbnail","hentry","category-deportes"],"blog_post_layout_featured_media_urls":{"thumbnail":["https:\/\/elregionaldigital.info\/wp-content\/uploads\/2025\/10\/image-8-150x150.png",150,150,true],"full":["https:\/\/elregionaldigital.info\/wp-content\/uploads\/2025\/10\/image-8.png",1920,1280,false]},"categories_names":{"6":{"name":"Deportes","link":"https:\/\/elregionaldigital.info\/?cat=6"}},"tags_names":[],"comments_number":"0","wpmagazine_modules_lite_featured_media_urls":{"thumbnail":["https:\/\/elregionaldigital.info\/wp-content\/uploads\/2025\/10\/image-8-150x150.png",150,150,true],"cvmm-medium":["https:\/\/elregionaldigital.info\/wp-content\/uploads\/2025\/10\/image-8-300x300.png",300,300,true],"cvmm-medium-plus":["https:\/\/elregionaldigital.info\/wp-content\/uploads\/2025\/10\/image-8-305x207.png",305,207,true],"cvmm-portrait":["https:\/\/elregionaldigital.info\/wp-content\/uploads\/2025\/10\/image-8-400x600.png",400,600,true],"cvmm-medium-square":["https:\/\/elregionaldigital.info\/wp-content\/uploads\/2025\/10\/image-8-600x600.png",600,600,true],"cvmm-large":["https:\/\/elregionaldigital.info\/wp-content\/uploads\/2025\/10\/image-8-1024x1024.png",1024,1024,true],"cvmm-small":["https:\/\/elregionaldigital.info\/wp-content\/uploads\/2025\/10\/image-8-130x95.png",130,95,true],"full":["https:\/\/elregionaldigital.info\/wp-content\/uploads\/2025\/10\/image-8.png",1920,1280,false]},"_links":{"self":[{"href":"https:\/\/elregionaldigital.info\/index.php?rest_route=\/wp\/v2\/posts\/5397","targetHints":{"allow":["GET"]}}],"collection":[{"href":"https:\/\/elregionaldigital.info\/index.php?rest_route=\/wp\/v2\/posts"}],"about":[{"href":"https:\/\/elregionaldigital.info\/index.php?rest_route=\/wp\/v2\/types\/post"}],"author":[{"embeddable":true,"href":"https:\/\/elregionaldigital.info\/index.php?rest_route=\/wp\/v2\/users\/1"}],"replies":[{"embeddable":true,"href":"https:\/\/elregionaldigital.info\/index.php?rest_route=%2Fwp%2Fv2%2Fcomments&post=5397"}],"version-history":[{"count":1,"href":"https:\/\/elregionaldigital.info\/index.php?rest_route=\/wp\/v2\/posts\/5397\/revisions"}],"predecessor-version":[{"id":5399,"href":"https:\/\/elregionaldigital.info\/index.php?rest_route=\/wp\/v2\/posts\/5397\/revisions\/5399"}],"wp:featuredmedia":[{"embeddable":true,"href":"https:\/\/elregionaldigital.info\/index.php?rest_route=\/wp\/v2\/media\/5398"}],"wp:attachment":[{"href":"https:\/\/elregionaldigital.info\/index.php?rest_route=%2Fwp%2Fv2%2Fmedia&parent=5397"}],"wp:term":[{"taxonomy":"category","embeddable":true,"href":"https:\/\/elregionaldigital.info\/index.php?rest_route=%2Fwp%2Fv2%2Fcategories&post=5397"},{"taxonomy":"post_tag","embeddable":true,"href":"https:\/\/elregionaldigital.info\/index.php?rest_route=%2Fwp%2Fv2%2Ftags&post=5397"}],"curies":[{"name":"wp","href":"https:\/\/api.w.org\/{rel}","templated":true}]}}