{"id":5394,"date":"2025-10-20T18:08:14","date_gmt":"2025-10-20T18:08:14","guid":{"rendered":"https:\/\/elregionaldigital.info\/?p=5394"},"modified":"2025-10-21T18:10:58","modified_gmt":"2025-10-21T18:10:58","slug":"reflejos-del-gran-premio-de-estados-unidos-2025","status":"publish","type":"post","link":"https:\/\/elregionaldigital.info\/?p=5394","title":{"rendered":"Reflejos del Gran Premio de Estados Unidos 2025"},"content":{"rendered":"\n<p>octubre 20, 2025<\/p>\n\n\n\n<p>Se corri\u00f3 la ronda 19 del mundial de pilotos y constructores de la F1 en la ciudad de Austin, Texas.<\/p>\n\n\n\n<p>Fue la carrera 1,144 en la historia de la categor\u00eda y se llev\u00f3 acabo en el Circuito de las Am\u00e9ricas, el octavo trazado m\u00e1s largo del calendario con 5.5 Km. De longitud y segundo con m\u00e1s curvas del serial con 20.<\/p>\n\n\n\n<p>El Gran Premio norteamericano cont\u00f3 con formato Sprint realizando la cuarta carrera corta del calendario 2025.<\/p>\n\n\n\n<p>El neerland\u00e9s se quedo a nada de conseguir absolutamente todo y lograr el fin de semana perfecto para sumar un Grand Slam m\u00e1s a su cuenta personal. S\u00f3lo le falt\u00f3 la vuelta r\u00e1pida que le arrebat\u00f3 Kimi Antonelli, pero Max logr\u00f3 la Pole de la carrera Sprint, gan\u00f3 la competencia corta a 19 vueltas, se qued\u00f3 con la Pole del Gran Premio y gan\u00f3 la carrera del domingo lider\u00e1ndola completamente.<\/p>\n\n\n\n<p>Max redujo considerablemente la diferencia en los puntos con los pilotos del equipo McLaren que terminaron P2 con Lando Norris y P5 con Oscar Piastri, el l\u00edder del mundial.<\/p>\n\n\n\n<p>El monegasco Charles Leclerc, termino en el \u00faltimo escal\u00f3n del podio en Austin.<\/p>\n\n\n\n<p>Max est\u00e1 ahora a 40 unidades de Piastri y a 26 de Norris que tambi\u00e9n recort\u00f3 a su compa\u00f1ero de equipo. El mundial est\u00e1 a\u00fan m\u00e1s cerrado y matem\u00e1ticamente solo ellos tres y George Russell son candidatos al titulo a partir del GP de M\u00e9xico que se realizar\u00e1 el pr\u00f3ximo fin de semana en el Hermanos Rodr\u00edguez.<\/p>\n\n\n\n<p>Verstappen parti\u00f3 desde la Pole que consigui\u00f3 el s\u00e1bado logrando su posici\u00f3n de privilegio n\u00famero 47 en\u00a0F1.<\/p>\n\n\n\n<p>Con ello Red Bull lleg\u00f3 a 110 Poles en F1.<\/p>\n\n\n\n<p>Los neum\u00e1ticos asignados para el GP estadounidense fueron los C1, C3 y C4, los compuestos intermedios de la gama Pirelli quien se salt\u00f3 un compuesto (C2) para generar mayor expectativa y mejorar el espect\u00e1culo.<\/p>\n\n\n\n<p>El calor fue un factor muy importante durante todo el fin de semana en Austin que volvi\u00f3 a llenar completamente el circuito con m\u00e1s de 400 mil personas.<\/p>\n\n\n\n<p>La m\u00e1xima velocidad alcanzada en el circuito de las am\u00e9ricas fue de 339.6 kil\u00f3metros por hora.<\/p>\n\n\n\n<p>Este registro fue marcado por el madrile\u00f1o Carlos Sainz quien despu\u00e9s tuvo que abandonar por un incidente con Antonelli. Sainz fue penalizado con 5 posiciones en parrilla que pagar\u00e1 en M\u00e9xico.<\/p>\n\n\n\n<p>La vuelta m\u00e1s r\u00e1pida fue para el italiano Antonelli.<\/p>\n\n\n\n<p>El piloto con m\u00e1s posiciones avanzadas en COTA fue Lance Stroll con 7.<\/p>\n\n\n\n<p>El Pit Stop m\u00e1s r\u00e1pido fue para el equipo Racing Bulls que cambi\u00f3 los cuatro neum\u00e1ticos a Lawson en 2.18 segundos.<\/p>\n\n\n\n<p>Finalmente se anuncio durante el fin de semana que el Circuito de las Am\u00e9ricas renov\u00f3 su contrato con la F1 para albergar el GP de los Estados Unidos hasta el 2034.<\/p>\n\n\n\n<figure class=\"wp-block-image size-large\"><img loading=\"lazy\" decoding=\"async\" width=\"768\" height=\"1024\" src=\"https:\/\/elregionaldigital.info\/wp-content\/uploads\/2025\/10\/image-7-768x1024.png\" alt=\"\" class=\"wp-image-5395\" srcset=\"https:\/\/elregionaldigital.info\/wp-content\/uploads\/2025\/10\/image-7-768x1024.png 768w, https:\/\/elregionaldigital.info\/wp-content\/uploads\/2025\/10\/image-7-225x300.png 225w, https:\/\/elregionaldigital.info\/wp-content\/uploads\/2025\/10\/image-7.png 960w\" sizes=\"auto, (max-width: 768px) 100vw, 768px\" \/><\/figure>\n","protected":false},"excerpt":{"rendered":"<p>octubre 20, 2025 Se corri\u00f3 la ronda 19 del mundial de pilotos y constructores de la F1 en la ciudad de Austin, Texas. Fue la carrera 1,144 en la historia de la categor\u00eda y se llev\u00f3 acabo en el Circuito de las Am\u00e9ricas, el octavo trazado m\u00e1s largo del calendario con 5.5 Km. De longitud [&hellip;]<\/p>\n","protected":false},"author":1,"featured_media":5395,"comment_status":"open","ping_status":"open","sticky":false,"template":"","format":"standard","meta":{"footnotes":""},"categories":[6],"tags":[],"class_list":["post-5394","post","type-post","status-publish","format-standard","has-post-thumbnail","hentry","category-deportes"],"blog_post_layout_featured_media_urls":{"thumbnail":["https:\/\/elregionaldigital.info\/wp-content\/uploads\/2025\/10\/image-7-150x150.png",150,150,true],"full":["https:\/\/elregionaldigital.info\/wp-content\/uploads\/2025\/10\/image-7.png",960,1280,false]},"categories_names":{"6":{"name":"Deportes","link":"https:\/\/elregionaldigital.info\/?cat=6"}},"tags_names":[],"comments_number":"0","wpmagazine_modules_lite_featured_media_urls":{"thumbnail":["https:\/\/elregionaldigital.info\/wp-content\/uploads\/2025\/10\/image-7-150x150.png",150,150,true],"cvmm-medium":["https:\/\/elregionaldigital.info\/wp-content\/uploads\/2025\/10\/image-7-300x300.png",300,300,true],"cvmm-medium-plus":["https:\/\/elregionaldigital.info\/wp-content\/uploads\/2025\/10\/image-7-305x207.png",305,207,true],"cvmm-portrait":["https:\/\/elregionaldigital.info\/wp-content\/uploads\/2025\/10\/image-7-400x600.png",400,600,true],"cvmm-medium-square":["https:\/\/elregionaldigital.info\/wp-content\/uploads\/2025\/10\/image-7-600x600.png",600,600,true],"cvmm-large":["https:\/\/elregionaldigital.info\/wp-content\/uploads\/2025\/10\/image-7-960x1024.png",960,1024,true],"cvmm-small":["https:\/\/elregionaldigital.info\/wp-content\/uploads\/2025\/10\/image-7-130x95.png",130,95,true],"full":["https:\/\/elregionaldigital.info\/wp-content\/uploads\/2025\/10\/image-7.png",960,1280,false]},"_links":{"self":[{"href":"https:\/\/elregionaldigital.info\/index.php?rest_route=\/wp\/v2\/posts\/5394","targetHints":{"allow":["GET"]}}],"collection":[{"href":"https:\/\/elregionaldigital.info\/index.php?rest_route=\/wp\/v2\/posts"}],"about":[{"href":"https:\/\/elregionaldigital.info\/index.php?rest_route=\/wp\/v2\/types\/post"}],"author":[{"embeddable":true,"href":"https:\/\/elregionaldigital.info\/index.php?rest_route=\/wp\/v2\/users\/1"}],"replies":[{"embeddable":true,"href":"https:\/\/elregionaldigital.info\/index.php?rest_route=%2Fwp%2Fv2%2Fcomments&post=5394"}],"version-history":[{"count":1,"href":"https:\/\/elregionaldigital.info\/index.php?rest_route=\/wp\/v2\/posts\/5394\/revisions"}],"predecessor-version":[{"id":5396,"href":"https:\/\/elregionaldigital.info\/index.php?rest_route=\/wp\/v2\/posts\/5394\/revisions\/5396"}],"wp:featuredmedia":[{"embeddable":true,"href":"https:\/\/elregionaldigital.info\/index.php?rest_route=\/wp\/v2\/media\/5395"}],"wp:attachment":[{"href":"https:\/\/elregionaldigital.info\/index.php?rest_route=%2Fwp%2Fv2%2Fmedia&parent=5394"}],"wp:term":[{"taxonomy":"category","embeddable":true,"href":"https:\/\/elregionaldigital.info\/index.php?rest_route=%2Fwp%2Fv2%2Fcategories&post=5394"},{"taxonomy":"post_tag","embeddable":true,"href":"https:\/\/elregionaldigital.info\/index.php?rest_route=%2Fwp%2Fv2%2Ftags&post=5394"}],"curies":[{"name":"wp","href":"https:\/\/api.w.org\/{rel}","templated":true}]}}