{"id":5388,"date":"2025-09-18T18:05:20","date_gmt":"2025-09-18T18:05:20","guid":{"rendered":"https:\/\/elregionaldigital.info\/?p=5388"},"modified":"2025-10-21T18:06:19","modified_gmt":"2025-10-21T18:06:19","slug":"crece-la-familia-tamatan-hay-25-nuevos-huespedes","status":"publish","type":"post","link":"https:\/\/elregionaldigital.info\/?p=5388","title":{"rendered":"Crece la familia Tamat\u00e1n; hay 25 nuevos hu\u00e9spedes"},"content":{"rendered":"\n<p>Septiembre 18 de 2025<\/p>\n\n\n\n<p>Ciudad Victoria, Tamaulipas.- En lo que va del a\u00f1o, 25 nuevos ejemplares de especies como la&nbsp; guacamaya verde, el bisonte americano, la hiena moteada, el borrego mufl\u00f3n, el gamo moteado, el venado axis y el venado cola blanca han nacido en el zool\u00f3gico Tamat\u00e1n.<\/p>\n\n\n\n<p>El zool\u00f3gico victorense, es hogar de m\u00e1s de 500 ejemplares, y con estos nacimientos se fortalecen sus programas de conservaci\u00f3n, se\u00f1al\u00f3 Eduardo Rocha Orozco, vocal de la Comisi\u00f3n de Parques y Biodiversidad de Tamaulipas (CPBT).<\/p>\n\n\n\n<p>Agreg\u00f3 que los nacimientos en zool\u00f3gicos, a trav\u00e9s de programas de reproducci\u00f3n en cautiverio, son cruciales para la conservaci\u00f3n de especies, incluyendo las amenazadas como es el caso de la guacamaya verde, considerada en la NOM-059- SEMARNAT-2010, como una especie en peligro de extinci\u00f3n.<\/p>\n\n\n\n<p>El funcionario estatal refiri\u00f3 que cada nacimiento es un recordatorio de la importancia de preservar la vida, proteger la biodiversidad y celebrar la maravilla de la naturaleza.<\/p>\n\n\n\n<p>\u00abEn la Comisi\u00f3n de Parques trabajamos por un mejor lugar a trav\u00e9s de un fuerte impulso a la educaci\u00f3n en pro de la biodiversidad, los valores y las buenas costumbres\u00bb indic\u00f3.<\/p>\n\n\n\n<p>Adem\u00e1s de diversos programas de conservaci\u00f3n como el del jaguar, la guacamaya verde, la tortuga lora y la mariposa monarca, entre otros m\u00e1s, concluy\u00f3 Eduardo Rocha Orozco, vocal de la Comisi\u00f3n de Parques y Biodiversidad de Tamaulipas (CPBT).<\/p>\n\n\n\n<figure class=\"wp-block-image\"><a href=\"https:\/\/www.tamaulipas.gob.mx\/wp-content\/uploads\/2025\/09\/CPB-032-2025.-Crece-la-familia-Tamatanhay-25-nuevos-huespedes-1.jpeg\"><img decoding=\"async\" src=\"https:\/\/www.tamaulipas.gob.mx\/wp-content\/uploads\/2025\/09\/CPB-032-2025.-Crece-la-familia-Tamatanhay-25-nuevos-huespedes-1-850x500.jpeg\" alt=\"\"\/><\/a><\/figure>\n","protected":false},"excerpt":{"rendered":"<p>Septiembre 18 de 2025 Ciudad Victoria, Tamaulipas.- En lo que va del a\u00f1o, 25 nuevos ejemplares de especies como la&nbsp; guacamaya verde, el bisonte americano, la hiena moteada, el borrego mufl\u00f3n, el gamo moteado, el venado axis y el venado cola blanca han nacido en el zool\u00f3gico Tamat\u00e1n. El zool\u00f3gico victorense, es hogar de m\u00e1s [&hellip;]<\/p>\n","protected":false},"author":1,"featured_media":5389,"comment_status":"open","ping_status":"open","sticky":false,"template":"","format":"standard","meta":{"footnotes":""},"categories":[2],"tags":[],"class_list":["post-5388","post","type-post","status-publish","format-standard","has-post-thumbnail","hentry","category-tamaulipas"],"blog_post_layout_featured_media_urls":{"thumbnail":["https:\/\/elregionaldigital.info\/wp-content\/uploads\/2025\/10\/CPB-032-2025.-Crece-la-familia-Tamatanhay-25-nuevos-huespedes-3-850x500-1-150x150.jpeg",150,150,true],"full":["https:\/\/elregionaldigital.info\/wp-content\/uploads\/2025\/10\/CPB-032-2025.-Crece-la-familia-Tamatanhay-25-nuevos-huespedes-3-850x500-1.jpeg",850,500,false]},"categories_names":{"2":{"name":"Tamaulipas","link":"https:\/\/elregionaldigital.info\/?cat=2"}},"tags_names":[],"comments_number":"0","wpmagazine_modules_lite_featured_media_urls":{"thumbnail":["https:\/\/elregionaldigital.info\/wp-content\/uploads\/2025\/10\/CPB-032-2025.-Crece-la-familia-Tamatanhay-25-nuevos-huespedes-3-850x500-1-150x150.jpeg",150,150,true],"cvmm-medium":["https:\/\/elregionaldigital.info\/wp-content\/uploads\/2025\/10\/CPB-032-2025.-Crece-la-familia-Tamatanhay-25-nuevos-huespedes-3-850x500-1-300x300.jpeg",300,300,true],"cvmm-medium-plus":["https:\/\/elregionaldigital.info\/wp-content\/uploads\/2025\/10\/CPB-032-2025.-Crece-la-familia-Tamatanhay-25-nuevos-huespedes-3-850x500-1-305x207.jpeg",305,207,true],"cvmm-portrait":["https:\/\/elregionaldigital.info\/wp-content\/uploads\/2025\/10\/CPB-032-2025.-Crece-la-familia-Tamatanhay-25-nuevos-huespedes-3-850x500-1-400x500.jpeg",400,500,true],"cvmm-medium-square":["https:\/\/elregionaldigital.info\/wp-content\/uploads\/2025\/10\/CPB-032-2025.-Crece-la-familia-Tamatanhay-25-nuevos-huespedes-3-850x500-1-600x500.jpeg",600,500,true],"cvmm-large":["https:\/\/elregionaldigital.info\/wp-content\/uploads\/2025\/10\/CPB-032-2025.-Crece-la-familia-Tamatanhay-25-nuevos-huespedes-3-850x500-1.jpeg",850,500,false],"cvmm-small":["https:\/\/elregionaldigital.info\/wp-content\/uploads\/2025\/10\/CPB-032-2025.-Crece-la-familia-Tamatanhay-25-nuevos-huespedes-3-850x500-1-130x95.jpeg",130,95,true],"full":["https:\/\/elregionaldigital.info\/wp-content\/uploads\/2025\/10\/CPB-032-2025.-Crece-la-familia-Tamatanhay-25-nuevos-huespedes-3-850x500-1.jpeg",850,500,false]},"_links":{"self":[{"href":"https:\/\/elregionaldigital.info\/index.php?rest_route=\/wp\/v2\/posts\/5388","targetHints":{"allow":["GET"]}}],"collection":[{"href":"https:\/\/elregionaldigital.info\/index.php?rest_route=\/wp\/v2\/posts"}],"about":[{"href":"https:\/\/elregionaldigital.info\/index.php?rest_route=\/wp\/v2\/types\/post"}],"author":[{"embeddable":true,"href":"https:\/\/elregionaldigital.info\/index.php?rest_route=\/wp\/v2\/users\/1"}],"replies":[{"embeddable":true,"href":"https:\/\/elregionaldigital.info\/index.php?rest_route=%2Fwp%2Fv2%2Fcomments&post=5388"}],"version-history":[{"count":1,"href":"https:\/\/elregionaldigital.info\/index.php?rest_route=\/wp\/v2\/posts\/5388\/revisions"}],"predecessor-version":[{"id":5390,"href":"https:\/\/elregionaldigital.info\/index.php?rest_route=\/wp\/v2\/posts\/5388\/revisions\/5390"}],"wp:featuredmedia":[{"embeddable":true,"href":"https:\/\/elregionaldigital.info\/index.php?rest_route=\/wp\/v2\/media\/5389"}],"wp:attachment":[{"href":"https:\/\/elregionaldigital.info\/index.php?rest_route=%2Fwp%2Fv2%2Fmedia&parent=5388"}],"wp:term":[{"taxonomy":"category","embeddable":true,"href":"https:\/\/elregionaldigital.info\/index.php?rest_route=%2Fwp%2Fv2%2Fcategories&post=5388"},{"taxonomy":"post_tag","embeddable":true,"href":"https:\/\/elregionaldigital.info\/index.php?rest_route=%2Fwp%2Fv2%2Ftags&post=5388"}],"curies":[{"name":"wp","href":"https:\/\/api.w.org\/{rel}","templated":true}]}}